{"id":136053,"date":"2025-05-29T05:07:12","date_gmt":"2025-05-29T05:07:12","guid":{"rendered":"https:\/\/www.europesays.com\/fr\/136053\/"},"modified":"2025-05-29T05:07:12","modified_gmt":"2025-05-29T05:07:12","slug":"tabacs-commercants-boulangeries-quelles-sont-les-magasins-ouverts-ce-jeudi-29-mai-a-rennes","status":"publish","type":"post","link":"https:\/\/www.europesays.com\/fr\/136053\/","title":{"rendered":"Tabacs, commer\u00e7ants, boulangeries\u2026 Quelles sont les magasins ouverts ce jeudi 29 mai \u00e0 Rennes\u00a0?"},"content":{"rendered":"<p>            Par<br \/>\n        <strong><br \/>\n            <a href=\"https:\/\/actu.fr\/auteur\/laurene-fertin\" title=\"Consulter tous les articles de Laur\u00e8ne Fertin\" rel=\"nofollow noopener\" target=\"_blank\">Laur\u00e8ne Fertin<\/a><br \/>\n        <\/strong><\/p>\n<p>        Publi\u00e9 le<\/p>\n<p>            29 mai 2025 \u00e0 6h00        <\/p>\n<p>Une fois n\u2019est pas coutume, la r\u00e9daction d\u2019<a href=\"https:\/\/actu.fr\/rennes\/\" rel=\"nofollow noopener\" target=\"_blank\">actu Rennes<\/a> a fait le tour <strong>des enseignes<\/strong> qui restent <strong>ouvertes<\/strong> ce <strong>jeudi 29\u00a0mai<\/strong> 2025, jour <strong>f\u00e9ri\u00e9. Bars-tabacs, boulangeries, commer\u00e7ants du centre-ville, centres commerciaux, mais<\/strong>\u00a0aussi<strong> magasins de bricolage<\/strong> et<strong> grandes surfaces, <\/strong>voici la liste des commerces qui sont ouverts, ferm\u00e9s et ceux qui prolongeront leur fermeture en faisant le pont.<\/p>\n<p>Les commerces<\/p>\n<p class=\" wall-content\">Certains commer\u00e7ants du centre-ville rennais ont <strong>r\u00e9pondu \u00e0 une enqu\u00eate de l\u2019association de commer\u00e7ants du Carr\u00e9 Rennais<\/strong> en indiquant s\u2019ils \u00e9taient ouverts ou non le jeudi 29 mai 2025. Voici la liste.<\/p>\n<p class=\" wall-content\">\n<p>Les tabacs<\/p>\n<ul class=\" wall-content\">\n<li><strong>Bar-Tabac Le 23<\/strong> au 24, rue Saint-H\u00e9lier, ouvert de 9h \u00e0 18h\u2009;<\/li>\n<li><strong>Tabac de l\u2019Est<\/strong> au 66, Bd Villebois Mareuil, ouvert de 8h \u00e0 13h uniquement.<\/li>\n<\/ul>\n<p class=\" wall-content\"><strong>Les tabacs ferm\u00e9s<\/strong>\u2009: Bar Bar-Tabac Le Saint-H\u00e9lier (83, rue Saint-H\u00e9lier) mais sera en revanche ouvert vendredi aux horaires habituels\u2009; Tabac Le Chiquito (16, place Sainte-Anne)\u2009; Au Bretagne (7, Place de Bretagne) mais sera ouvert vendredi et samedi aux horaires habituels\u2009; Bar-Tabac Le Marigny (127, Rue de Paris) mais sera ouvert vendredi et samedi aux horaires habituels\u2009; Le Pacific Tabacs Loto Presse (96, Rue Alphonse Gu\u00e9rin) mais sera ouvert vendredi et samedi aux horaires habituels\u2009; Tabac Presse du Landry (173, rue de Ch\u00e2teaugiron) ferm\u00e9 \u00e9galement vendredi, samedi et dimanche\u2009; Le Vinci Bar Tabac (142, rue de Foug\u00e8res) mais sera ouvert vendredi et samedi aux horaires habituels\u2009; Presse de la Poterie (10, Pl. du Ronceray) mais sera ouvert vendredi et samedi aux horaires habituels\u2009; bar-tabac Le Tonic (45, Rue Ange Blaize) mais sera ouvert vendredi et samedi aux horaires habituels.<\/p>\n<p class=\" wall-content\">Cette liste n\u2019est pas exhaustive\u2009: les tabacs qui n\u2019ont pas \u00e9t\u00e9 mentionn\u00e9s dans cet article sont ceux qui n\u2019ont pas r\u00e9pondu \u00e0 nos sollicitations par t\u00e9l\u00e9phone.<\/p>\n<p>Les boulangeries<\/p>\n<ul class=\" wall-content\">\n<li><strong>Seize heures trente<\/strong> aux deux adresses (3, rue Hoche et 2 pass. Jeanne Chauveau) aux horaires habituels soit de 9h \u00e0 18h30 pour la premi\u00e8re adresse et de 8h30 \u00e0 19h pour la deuxi\u00e8me adresse\u2009;<\/li>\n<li><strong>Boulangerie Geffray<\/strong> (2, Av. Sir Winston Churchill) de 6h45 \u00e0 19h30\u2009;<\/li>\n<li><strong>Maison B\u00e9cam<\/strong> (69, Rue Jean Gu\u00e9henno) de 7h \u00e0 20h\u2009;<\/li>\n<li><strong>Boulangerie Ange<\/strong> (171, Rue de Ch\u00e2teaugiron) de 8h \u00e0 19h\u2009;<\/li>\n<li><strong>Boulangerie Feuillet<\/strong> (35, Rue de Bray \u00e0 Cesson-S\u00e9vign\u00e9) de 7h \u00e0 20h\u2009;<\/li>\n<li><strong>Boulangerie Ange<\/strong> au 171, rue de Ch\u00e2teaugiron 8h \u00e0 19\u2009h.<\/li>\n<\/ul>\n<p class=\" wall-content\"><strong>Les boulangeries ferm\u00e9es<\/strong>\u2009: La t\u00eate enfarin\u00e9e (3, rue de Co\u00ebtquen) qui sera ferm\u00e9e jeudi\u00a029, vendredi\u00a030, samedi\u00a031, dimanche 1\u1d49\u02b3 et lundi 2\u00a0juin\u2009; Au four et au moulin (35, rue Vaneau) ferm\u00e9 jeudi 29\u00a0mai et tout le week-end, ne rouvre que lundi 2\u00a0juin\u2009; Aux d\u00e9lices de Sam (8, place du Bas des Lices) rouvre vendredi 30\u00a0mai\u2009; Au coin de la rue (2, Rue de la Visitation) rouvre que lundi 2\u00a0juin\u2009; Elluard (10, Rue Saint-H\u00e9lier) rouvre vendredi 30\u00a0mai\u2009; Maison Brodin (4, Rue du G\u00e9n\u00e9ral Maurice Guillaudot) ne rouvre que lundi 2\u00a0juin\u2009; La Boulangerie du Thabor (45, rue de Paris) mais sera ouverte vendredi et samedi\u2009; boulangerie Respire (242, Rue de Ch\u00e2teaugiron) ferm\u00e9 mais rouvre d\u00e8s le vendredi.<\/p>\n<p class=\" wall-content\">\u00c0 l\u2019image des bars-tabacs, cette liste n\u2019est pas exhaustive\u2009: les boulangeries qui n\u2019ont pas \u00e9t\u00e9 mentionn\u00e9es dans cet article sont celles qui n\u2019ont pas r\u00e9pondu \u00e0 nos sollicitations par t\u00e9l\u00e9phone.<\/p>\n<p>Les centres commerciaux<\/p>\n<ul class=\" wall-content\">\n<li><strong>Grand Quartier<\/strong>\u2009: les boutiques seront ouvertes de 10h \u00e0 19h\u2009; le magasin <strong>Boulanger<\/strong> de 10h \u00e0 19h, le magasin <strong>Super<\/strong> <strong>U<\/strong> de 9h \u00e0 19h\u2009;<\/li>\n<li><strong>La Visitation<\/strong> sera ouverte de 10h \u00e0 19h et le magasin <strong>Lidl<\/strong> de 9h \u00e0 19h\u2009;<\/li>\n<li><strong>Colombia<\/strong> sera ouvert de 10h \u00e0 19h avec les magasins <strong>Fnac,<\/strong> Etam, Sephora, Du bruit dans la cuisine ou encore Nature &amp; D\u00e9couvertes\u2009;<\/li>\n<li><strong>Le centre commercial Alma<\/strong> de 10h \u00e0 19h)\u2009;<\/li>\n<li><strong>Saint-Gr\u00e9goire le Centre<\/strong> de 10h \u00e0 19h\u2009;<\/li>\n<li><strong>Shop\u2019in Pac\u00e9<\/strong> de 10h \u00e0 18h.<\/li>\n<\/ul>\n<p class=\" wall-content\"><strong>Les centres commerciaux ferm\u00e9s<\/strong>\u2009: le centre commercial de Cleunay. Il rouvre vendredi aux horaires habituels.<\/p>\n<p class=\" wall-content\"><strong>Les magasins de bricolage<\/strong><\/p>\n<ul class=\" wall-content\">\n<li><strong>Le magasin Leroy Merlin<\/strong> au Parc d\u2019activit\u00e9s rocade Sud (18, All. de Guerl\u00e9dan \u00e0 <strong>Chantepie<\/strong>) sera ouvert de 9h \u00e0 19h\u2009;<\/li>\n<li><strong>Le magasin Leroy Merlin<\/strong> de Betton (Zone d\u2019activit\u00e9 \u00e9conomique du Pluvignon \u00e0 <strong>Betton)<\/strong> sera ouvert de 9h \u00e0 19h\u2009;<\/li>\n<li>Le magasin <strong>Brico D\u00e9p\u00f4t<\/strong> (centre commercial Grand Quartier) de 8h \u00e0 19h\u2009;<\/li>\n<li>Le magasin <strong>Bricorama<\/strong> (La visitation) de 10h \u00e0 19h.<\/li>\n<\/ul>\n<p class=\" wall-content\">Suivez toute l\u2019actualit\u00e9 de vos villes et m\u00e9dias favoris en vous inscrivant \u00e0 <a href=\"https:\/\/moncompte.actu.fr\" title=\"D\u00e9couvez Mon Actu\" rel=\"nofollow noopener\" data-trk=\"{&quot;cta&quot;:{&quot;action&quot;:&quot;https:\\\/\\\/moncompte.actu.fr&quot;,&quot;category&quot;:&quot;mon compte&quot;,&quot;from&quot;:&quot;article footer&quot;,&quot;name&quot;:&quot;Mon actu&quot;,&quot;type&quot;:&quot;cta&quot;}}\" target=\"_blank\">Mon Actu<\/a>.<\/p>\n","protected":false},"excerpt":{"rendered":"Par Laur\u00e8ne Fertin Publi\u00e9 le 29 mai 2025 \u00e0 6h00 Une fois n\u2019est pas coutume, la r\u00e9daction d\u2019actu&hellip;\n","protected":false},"author":2,"featured_media":136054,"comment_status":"","ping_status":"","sticky":false,"template":"","format":"standard","meta":{"footnotes":""},"categories":[2821],"tags":[1111,11,829,215,33,1777,674,1011,27,12,584,25],"class_list":{"0":"post-136053","1":"post","2":"type-post","3":"status-publish","4":"format-standard","5":"has-post-thumbnail","7":"category-rennes","8":"tag-actu","9":"tag-actualites","10":"tag-bretagne","11":"tag-commerce","12":"tag-economie","13":"tag-eu","14":"tag-europe","15":"tag-fr","16":"tag-france","17":"tag-news","18":"tag-rennes","19":"tag-republique-francaise"},"share_on_mastodon":{"url":"https:\/\/pubeurope.com\/@fr\/114589390866060838","error":""},"_links":{"self":[{"href":"https:\/\/www.europesays.com\/fr\/wp-json\/wp\/v2\/posts\/136053","targetHints":{"allow":["GET"]}}],"collection":[{"href":"https:\/\/www.europesays.com\/fr\/wp-json\/wp\/v2\/posts"}],"about":[{"href":"https:\/\/www.europesays.com\/fr\/wp-json\/wp\/v2\/types\/post"}],"author":[{"embeddable":true,"href":"https:\/\/www.europesays.com\/fr\/wp-json\/wp\/v2\/users\/2"}],"replies":[{"embeddable":true,"href":"https:\/\/www.europesays.com\/fr\/wp-json\/wp\/v2\/comments?post=136053"}],"version-history":[{"count":0,"href":"https:\/\/www.europesays.com\/fr\/wp-json\/wp\/v2\/posts\/136053\/revisions"}],"wp:featuredmedia":[{"embeddable":true,"href":"https:\/\/www.europesays.com\/fr\/wp-json\/wp\/v2\/media\/136054"}],"wp:attachment":[{"href":"https:\/\/www.europesays.com\/fr\/wp-json\/wp\/v2\/media?parent=136053"}],"wp:term":[{"taxonomy":"category","embeddable":true,"href":"https:\/\/www.europesays.com\/fr\/wp-json\/wp\/v2\/categories?post=136053"},{"taxonomy":"post_tag","embeddable":true,"href":"https:\/\/www.europesays.com\/fr\/wp-json\/wp\/v2\/tags?post=136053"}],"curies":[{"name":"wp","href":"https:\/\/api.w.org\/{rel}","templated":true}]}}