{"id":136055,"date":"2025-05-29T05:08:11","date_gmt":"2025-05-29T05:08:11","guid":{"rendered":"https:\/\/www.europesays.com\/fr\/136055\/"},"modified":"2025-05-29T05:08:11","modified_gmt":"2025-05-29T05:08:11","slug":"de-nouvelles-dessertes-vers-perpignan-la-rochelle-et-quimper-durant-lete","status":"publish","type":"post","link":"https:\/\/www.europesays.com\/fr\/136055\/","title":{"rendered":"De nouvelles dessertes vers Perpignan, La\u00a0Rochelle et Quimper durant l\u2019\u00e9t\u00e9"},"content":{"rendered":"<p>Cet \u00e9t\u00e9, la SNCF renforce son offre saisonni\u00e8re de TGV sur le Grand Est en lan\u00e7ant trois nouvelles dessertes directes au d\u00e9part et \u00e0 destination de Strasbourg les week-ends. Du 5\u00a0juillet au 31\u00a0ao\u00fbt, un TGV Inou\u00ef Strasbourg-La Rochelle circulera les samedis et dimanches (un aller-retour \u00e0 chaque fois) en desservant notamment les gares de Lorraine TGV, Champagne-Ardenne TGV et Roissy 2 TGV.<\/p>\n<p>Aux m\u00eames dates, un TGV Inou\u00ef Strasbourg-Quimper circulera les samedis (un aller) et les dimanches (un retour) en desservant notamment les gares Lorraine TGV, Meuse TGV, Champagne-Ardenne TGV, Roissy 2 TGV, Le\u00a0Mans, Rennes, Vannes et Lorient.<\/p>\n<p>Du 12\u00a0juillet au 31\u00a0ao\u00fbt, un TGV Inou\u00ef Strasbourg-Perpignan circulera les samedis (un aller, 8\u00a0h\u00a025 de trajet) et les dimanches (un retour, 8\u00a0h\u00a040 de trajet) en desservant les gares de Colmar, Mulhouse, Belfort-Montb\u00e9liard TGV, Dijon, Lyon, N\u00eemes centre, Montpellier Saint-Roch, S\u00e8te, B\u00e9ziers et Narbonne.<\/p>\n","protected":false},"excerpt":{"rendered":"Cet \u00e9t\u00e9, la SNCF renforce son offre saisonni\u00e8re de TGV sur le Grand Est en lan\u00e7ant trois nouvelles&hellip;\n","protected":false},"author":2,"featured_media":136056,"comment_status":"","ping_status":"","sticky":false,"template":"","format":"standard","meta":{"footnotes":""},"categories":[2820],"tags":[1111,11,2389,2649,4406,33,2880,1777,674,107,1011,27,775,3035,12,25,640,2879,2803],"class_list":{"0":"post-136055","1":"post","2":"type-post","3":"status-publish","4":"format-standard","5":"has-post-thumbnail","7":"category-strasbourg","8":"tag-actu","9":"tag-actualites","10":"tag-alsace","11":"tag-bas-rhin","12":"tag-commerce-et-services","13":"tag-economie","14":"tag-edition-strasbourg","15":"tag-eu","16":"tag-europe","17":"tag-fil-info","18":"tag-fr","19":"tag-france","20":"tag-grand-est","21":"tag-la-matinale-strasbourg","22":"tag-news","23":"tag-republique-francaise","24":"tag-strasbourg","25":"tag-strasbourg-ville","26":"tag-transport"},"share_on_mastodon":{"url":"https:\/\/pubeurope.com\/@fr\/114589394741987139","error":""},"_links":{"self":[{"href":"https:\/\/www.europesays.com\/fr\/wp-json\/wp\/v2\/posts\/136055","targetHints":{"allow":["GET"]}}],"collection":[{"href":"https:\/\/www.europesays.com\/fr\/wp-json\/wp\/v2\/posts"}],"about":[{"href":"https:\/\/www.europesays.com\/fr\/wp-json\/wp\/v2\/types\/post"}],"author":[{"embeddable":true,"href":"https:\/\/www.europesays.com\/fr\/wp-json\/wp\/v2\/users\/2"}],"replies":[{"embeddable":true,"href":"https:\/\/www.europesays.com\/fr\/wp-json\/wp\/v2\/comments?post=136055"}],"version-history":[{"count":0,"href":"https:\/\/www.europesays.com\/fr\/wp-json\/wp\/v2\/posts\/136055\/revisions"}],"wp:featuredmedia":[{"embeddable":true,"href":"https:\/\/www.europesays.com\/fr\/wp-json\/wp\/v2\/media\/136056"}],"wp:attachment":[{"href":"https:\/\/www.europesays.com\/fr\/wp-json\/wp\/v2\/media?parent=136055"}],"wp:term":[{"taxonomy":"category","embeddable":true,"href":"https:\/\/www.europesays.com\/fr\/wp-json\/wp\/v2\/categories?post=136055"},{"taxonomy":"post_tag","embeddable":true,"href":"https:\/\/www.europesays.com\/fr\/wp-json\/wp\/v2\/tags?post=136055"}],"curies":[{"name":"wp","href":"https:\/\/api.w.org\/{rel}","templated":true}]}}