{"id":136059,"date":"2025-05-29T05:10:08","date_gmt":"2025-05-29T05:10:08","guid":{"rendered":"https:\/\/www.europesays.com\/fr\/136059\/"},"modified":"2025-05-29T05:10:08","modified_gmt":"2025-05-29T05:10:08","slug":"meteo-a-nice-un-pic-de-chaleur-annonce-en-france-les-previsions-dans-les-alpes-maritimes","status":"publish","type":"post","link":"https:\/\/www.europesays.com\/fr\/136059\/","title":{"rendered":"M\u00e9t\u00e9o \u00e0 Nice. Un pic de chaleur annonc\u00e9 en France, les pr\u00e9visions dans les Alpes-Maritimes"},"content":{"rendered":"<p>            Par<br \/>\n        <strong><br \/>\n            <a href=\"https:\/\/actu.fr\/auteur\/ugo-maillard\" title=\"Consulter tous les articles de Ugo Maillard\" rel=\"nofollow noopener\" target=\"_blank\">Ugo Maillard<\/a><br \/>\n        <\/strong><\/p>\n<p>        Publi\u00e9 le<\/p>\n<p>            29 mai 2025 \u00e0 6h16        <\/p>\n<p>Le premier week-end de fortes chaleurs est annonc\u00e9. Apr\u00e8s des semaines d\u2019instabilit\u00e9, notamment marqu\u00e9es par des averses orageuses, le <strong>soleil<\/strong> semble s\u2019installer durablement dans le ciel des Alpes-Maritimes.<\/p>\n<p class=\" wall-content\">\u00c0 l\u2019instar du<a href=\"https:\/\/actu.fr\/meteo\/jusqu-a-36-c-en-france-pour-l-ascension-des-records-de-chaleur-battus-voici-ou-il-fera-le-plus-chaud_62692578.html\" rel=\"nofollow noopener\" target=\"_blank\"> reste de la France<\/a>, la C\u00f4te d\u2019Azur va profiter d\u2019un week-end de l\u2019Ascension tr\u00e8s agr\u00e9able avec, localement, des <strong>temp\u00e9ratures tr\u00e8s \u00e9lev\u00e9es<\/strong> pour la saison.<\/p>\n<p class=\" wall-content\">Voici les pr\u00e9visions pour <a href=\"https:\/\/actu.fr\/nice\/\" rel=\"nofollow noopener\" target=\"_blank\">Nice<\/a> et le reste du d\u00e9partement lors de ce week-end du 29\u00a0mai au 1\u1d49\u02b3 juin\u00a02025.<\/p>\n<p>Une maximale de 26\u00b0C \u00e0 Nice<\/p>\n<p class=\" wall-content\">Si certaines villes du sud de la France comme <a href=\"https:\/\/actu.fr\/marseille\/\" rel=\"nofollow noopener\" target=\"_blank\">Marseille<\/a> seront frapp\u00e9es par des temp\u00e9ratures caniculaires, Nice sera \u00e9pargn\u00e9e.<\/p>\n<p class=\" wall-content\">Selon les pr\u00e9visions de M\u00e9t\u00e9o France, le mercure <strong>ne devrait pas d\u00e9passer les 27\u00b0C<\/strong> \u00e0 Nice lors du week-end de l\u2019Ascension. Une maximale atteinte le jeudi 29\u00a0mai.<\/p>\n<p>Vid\u00e9os : en ce moment sur Actu<\/p>\n<p class=\" wall-content\">Le mercure devrait osciller entre 17 et 25\u00b0C pour le reste du week-end. Des temp\u00e9ratures agr\u00e9ables qui seront accompagn\u00e9es de belles \u00e9claircies.<\/p>\n<p>La barre des 30\u00b0C d\u00e9pass\u00e9e<\/p>\n<p class=\" wall-content\">En s\u2019\u00e9loignant des villes du littoral, le mercure risque de grimper dans les prochains jours. Au regard des donn\u00e9es du service officiel de la m\u00e9t\u00e9orologie et de la climatologie en France, les temp\u00e9ratures pourraient grimper dans les terres.<\/p>\n<blockquote class=\"ac-article-quote wall-content\">\n<p> La chaleur s\u2019accentue au sud avec 28 \u00e0 32 \u00b0C et des pointes \u00e0 34 \u00b0C dans le Var.<\/p>\n<p>    <strong>M\u00e9t\u00e9o France<\/strong>\n            <\/p><\/blockquote>\n<p class=\" wall-content\">La maximale pourrait \u00eatre relev\u00e9e dans le secteur de Puget-Th\u00e9niers o\u00f9 la barre des<strong> 30\u00b0C devrait \u00eatre d\u00e9pass\u00e9e vendredi<\/strong>.<\/p>\n<p>    <a href=\"https:\/\/www.google.com\/maps\/embed?pb=!1m18!1m12!1m3!1d463238.17238345684!2d7.019383635183565!3d43.9502513398576!2m3!1f0!2f0!3f0!3m2!1i1024!2i768!4f13.1!3m3!1m2!1s0x12cc460d60f731c9%3A0x29a9c089e1c44c41!2s06260%20Puget-Th%C3%A9niers!5e0!3m2!1sfr!2sfr!4v1748440314140!5m2!1sfr!2sfr\" title=\"Ouvrie le lien\" rel=\"nofollow noopener\" target=\"_blank\">Cliquez ici pour visualiser le contenu<\/a><\/p>\n<p class=\" wall-content\">\u00c0 l\u2019\u00e9chelle du d\u00e9partement, les journ\u00e9es de jeudi et de vendredi seront les plus chaudes de ce week-end de l\u2019Ascension.<\/p>\n<p class=\" wall-content\">Suivez toute l\u2019actualit\u00e9 de vos villes et m\u00e9dias favoris en vous inscrivant \u00e0 <a href=\"https:\/\/moncompte.actu.fr\" title=\"D\u00e9couvez Mon Actu\" rel=\"nofollow noopener\" data-trk=\"{&quot;cta&quot;:{&quot;action&quot;:&quot;https:\\\/\\\/moncompte.actu.fr&quot;,&quot;category&quot;:&quot;mon compte&quot;,&quot;from&quot;:&quot;article footer&quot;,&quot;name&quot;:&quot;Mon actu&quot;,&quot;type&quot;:&quot;cta&quot;}}\" target=\"_blank\">Mon Actu<\/a>.<\/p>\n","protected":false},"excerpt":{"rendered":"Par Ugo Maillard Publi\u00e9 le 29 mai 2025 \u00e0 6h16 Le premier week-end de fortes chaleurs est annonc\u00e9.&hellip;\n","protected":false},"author":2,"featured_media":136060,"comment_status":"","ping_status":"","sticky":false,"template":"","format":"standard","meta":{"footnotes":""},"categories":[2819],"tags":[1111,11,1777,674,1011,27,2487,2357,12,2401,882,25],"class_list":{"0":"post-136059","1":"post","2":"type-post","3":"status-publish","4":"format-standard","5":"has-post-thumbnail","7":"category-nice","8":"tag-actu","9":"tag-actualites","10":"tag-eu","11":"tag-europe","12":"tag-fr","13":"tag-france","14":"tag-meteo","15":"tag-meteo-france","16":"tag-news","17":"tag-nice","18":"tag-provence-alpes-cote-dazur","19":"tag-republique-francaise"},"share_on_mastodon":{"url":"https:\/\/pubeurope.com\/@fr\/114589402589395776","error":""},"_links":{"self":[{"href":"https:\/\/www.europesays.com\/fr\/wp-json\/wp\/v2\/posts\/136059","targetHints":{"allow":["GET"]}}],"collection":[{"href":"https:\/\/www.europesays.com\/fr\/wp-json\/wp\/v2\/posts"}],"about":[{"href":"https:\/\/www.europesays.com\/fr\/wp-json\/wp\/v2\/types\/post"}],"author":[{"embeddable":true,"href":"https:\/\/www.europesays.com\/fr\/wp-json\/wp\/v2\/users\/2"}],"replies":[{"embeddable":true,"href":"https:\/\/www.europesays.com\/fr\/wp-json\/wp\/v2\/comments?post=136059"}],"version-history":[{"count":0,"href":"https:\/\/www.europesays.com\/fr\/wp-json\/wp\/v2\/posts\/136059\/revisions"}],"wp:featuredmedia":[{"embeddable":true,"href":"https:\/\/www.europesays.com\/fr\/wp-json\/wp\/v2\/media\/136060"}],"wp:attachment":[{"href":"https:\/\/www.europesays.com\/fr\/wp-json\/wp\/v2\/media?parent=136059"}],"wp:term":[{"taxonomy":"category","embeddable":true,"href":"https:\/\/www.europesays.com\/fr\/wp-json\/wp\/v2\/categories?post=136059"},{"taxonomy":"post_tag","embeddable":true,"href":"https:\/\/www.europesays.com\/fr\/wp-json\/wp\/v2\/tags?post=136059"}],"curies":[{"name":"wp","href":"https:\/\/api.w.org\/{rel}","templated":true}]}}