{"id":136063,"date":"2025-05-29T05:12:10","date_gmt":"2025-05-29T05:12:10","guid":{"rendered":"https:\/\/www.europesays.com\/fr\/136063\/"},"modified":"2025-05-29T05:12:10","modified_gmt":"2025-05-29T05:12:10","slug":"quelles-boulangeries-sont-ouvertes-durant-le-jeudi-de-lascension","status":"publish","type":"post","link":"https:\/\/www.europesays.com\/fr\/136063\/","title":{"rendered":"quelles boulangeries sont ouvertes durant le jeudi de l&rsquo;Ascension\u00a0?"},"content":{"rendered":"<p>            Par<br \/>\n        <strong><br \/>\n            <a href=\"https:\/\/actu.fr\/auteur\/laure-gentil\" title=\"Consulter tous les articles de Laure Gentil\" rel=\"nofollow noopener\" target=\"_blank\">Laure Gentil<\/a><br \/>\n        <\/strong><\/p>\n<p>        Publi\u00e9 le<\/p>\n<p>            29 mai 2025 \u00e0 6h46        <\/p>\n<p>\u00c0 l\u2019occasion <strong>de l\u2019Ascension<\/strong>, la journ\u00e9e du jeudi 29 mai 2025 est f\u00e9ri\u00e9e en France. Certains d\u2019entre vous auront l\u2019occasion de profiter de ce week-end prolong\u00e9, d\u2019autres non. <strong>Plusieurs boulangeries \u00e0 Nantes<\/strong> restent ouvertes, ce qui ravira les amoureux du pain et des viennoiseries.\u00a0<\/p>\n<p>Les boulangeries ouvertes le 29 mai \u00e0 Nantes<\/p>\n<ul class=\" wall-content\">\n<li><strong>Pains et Merveilles<\/strong>,\u00a0de 7\u2009h \u00e0 13\u2009h\u200930, au 150 rue G\u00e9n\u00e9ral-Buat (t\u00e9l. 02\u200940\u200974\u200927\u200995)\u2009;<\/li>\n<li><strong>Miss Tartine<\/strong>, de 6\u2009h\u200945 \u00e0 13\u2009h\u200930, au 60 boulevard Pasteur (t\u00e9l. 02 40 46 15 05)\u2009;<\/li>\n<li><strong>L\u2019Autre Boulangerie<\/strong>,\u00a0de 7\u2009h\u200930 \u00e0 13\u2009h, au 4 rue de Cassini (t\u00e9l.02\u200928\u200901\u200945\u200933) et au 2 place de Ch\u00e2teaubriand (t\u00e9l. 02\u200940\u200935\u200968\u200922)\u2009;<\/li>\n<li><strong>Les trois boulangeries B\u00e9cam<\/strong> du centre-ville : de 7h \u00e0 14 h, au 24 rue Racine (t\u00e9l. 02 51 86 18 94), et de 7h \u00e0 19h au 5 rue des Carmes (t\u00e9l. 02 40 47 59 46) et au 19 rue de Verdun (t\u00e9l. 02 40 47 18 38).\u00a0\u00a0<\/li>\n<li><strong>Les boulangeries D\u00e9bott\u00e9<\/strong> : \u00a0de 8h \u00e0 19h en continu, rue des Hauts Pav\u00e9s,(t\u00e9l. 02 40 20 05 81) et de 8h \u00e0 13h30 puis de 15h30 \u00e0 19h rue Cr\u00e9billon (t\u00e9l. 02 49 62 09 79).<\/li>\n<li><strong>Maison Antoine<\/strong> : de 8h \u00e0 12h30, 53 boulevard Boulay Paty, (t\u00e9l. 02 40 76 60 82).\u00a0<\/li>\n<\/ul>\n<p><strong>Ceci est une liste non exhaustive<\/strong>. Votre boulangerie est ouverte jeudi 29 mai 2025 ou les autres jours f\u00e9ri\u00e9s\u2009? N\u2019h\u00e9sitez pas \u00e0 nous envoyer un mail \u00e0 <a href=\"https:\/\/actu.fr\/cdn-cgi\/l\/email-protection\" class=\"__cf_email__\" data-cfemail=\"532136373230273a3c3d7d3d323d27362013323027267d3521\" rel=\"nofollow noopener\" target=\"_blank\">[email\u00a0protected]<\/a>, nous mettrons \u00e0 jour cet article avec vos coordonn\u00e9es.<\/p>\n<p class=\" wall-content\">Suivez toute l\u2019actualit\u00e9 de vos villes et m\u00e9dias favoris en vous inscrivant \u00e0 <a href=\"https:\/\/moncompte.actu.fr\" title=\"D\u00e9couvez Mon Actu\" rel=\"nofollow noopener\" data-trk=\"{&quot;cta&quot;:{&quot;action&quot;:&quot;https:\\\/\\\/moncompte.actu.fr&quot;,&quot;category&quot;:&quot;mon compte&quot;,&quot;from&quot;:&quot;article footer&quot;,&quot;name&quot;:&quot;Mon actu&quot;,&quot;type&quot;:&quot;cta&quot;}}\" target=\"_blank\">Mon Actu<\/a>.<\/p>\n","protected":false},"excerpt":{"rendered":"Par Laure Gentil Publi\u00e9 le 29 mai 2025 \u00e0 6h46 \u00c0 l\u2019occasion de l\u2019Ascension, la journ\u00e9e du jeudi&hellip;\n","protected":false},"author":2,"featured_media":136064,"comment_status":"","ping_status":"","sticky":false,"template":"","format":"standard","meta":{"footnotes":""},"categories":[2818],"tags":[1111,11,215,1777,674,1011,27,766,12,2636,25,104],"class_list":{"0":"post-136063","1":"post","2":"type-post","3":"status-publish","4":"format-standard","5":"has-post-thumbnail","7":"category-nantes","8":"tag-actu","9":"tag-actualites","10":"tag-commerce","11":"tag-eu","12":"tag-europe","13":"tag-fr","14":"tag-france","15":"tag-nantes","16":"tag-news","17":"tag-pays-de-la-loire","18":"tag-republique-francaise","19":"tag-societe"},"share_on_mastodon":{"url":"https:\/\/pubeurope.com\/@fr\/114589410447806304","error":""},"_links":{"self":[{"href":"https:\/\/www.europesays.com\/fr\/wp-json\/wp\/v2\/posts\/136063","targetHints":{"allow":["GET"]}}],"collection":[{"href":"https:\/\/www.europesays.com\/fr\/wp-json\/wp\/v2\/posts"}],"about":[{"href":"https:\/\/www.europesays.com\/fr\/wp-json\/wp\/v2\/types\/post"}],"author":[{"embeddable":true,"href":"https:\/\/www.europesays.com\/fr\/wp-json\/wp\/v2\/users\/2"}],"replies":[{"embeddable":true,"href":"https:\/\/www.europesays.com\/fr\/wp-json\/wp\/v2\/comments?post=136063"}],"version-history":[{"count":0,"href":"https:\/\/www.europesays.com\/fr\/wp-json\/wp\/v2\/posts\/136063\/revisions"}],"wp:featuredmedia":[{"embeddable":true,"href":"https:\/\/www.europesays.com\/fr\/wp-json\/wp\/v2\/media\/136064"}],"wp:attachment":[{"href":"https:\/\/www.europesays.com\/fr\/wp-json\/wp\/v2\/media?parent=136063"}],"wp:term":[{"taxonomy":"category","embeddable":true,"href":"https:\/\/www.europesays.com\/fr\/wp-json\/wp\/v2\/categories?post=136063"},{"taxonomy":"post_tag","embeddable":true,"href":"https:\/\/www.europesays.com\/fr\/wp-json\/wp\/v2\/tags?post=136063"}],"curies":[{"name":"wp","href":"https:\/\/api.w.org\/{rel}","templated":true}]}}