{"id":136069,"date":"2025-05-29T05:15:10","date_gmt":"2025-05-29T05:15:10","guid":{"rendered":"https:\/\/www.europesays.com\/fr\/136069\/"},"modified":"2025-05-29T05:15:10","modified_gmt":"2025-05-29T05:15:10","slug":"je-me-bats-surtout-pour-les-gamins","status":"publish","type":"post","link":"https:\/\/www.europesays.com\/fr\/136069\/","title":{"rendered":"Je me bats surtout pour les gamins"},"content":{"rendered":"<p>            Par<br \/>\n        <strong><br \/>\n            <a href=\"https:\/\/actu.fr\/auteur\/aurelien-cardot\" title=\"Consulter tous les articles de Aurelien Cardot\" rel=\"nofollow noopener\" target=\"_blank\">Aurelien Cardot<\/a><br \/>\n        <\/strong><\/p>\n<p>        Publi\u00e9 le<\/p>\n<p>            29 mai 2025 \u00e0 6h32        <\/p>\n<p>Depuis la fen\u00eatre de leur appartement, ils ont pris l\u2019habitude de regarder les scooters arriver, patienter, repartir. Mais <strong>pas d\u2019un \u0153il attendri<\/strong>. Rue Barreyre, dans le quartier des Chartrons \u00e0 <a href=\"http:\/\/actu.fr\/bordeaux\" rel=\"nofollow noopener\" target=\"_blank\">Bordeaux<\/a>, les riverains vivent depuis deux ans au rythme d\u2019une <strong>dark kitchen<\/strong> install\u00e9e au rez-de-chauss\u00e9e d\u2019un immeuble. Son succ\u00e8s commercial a un prix : odeurs de friture, nuisances sonores, incivilit\u00e9s et conflits r\u00e9guliers entre livreurs et automobilistes.\u00a0<\/p>\n<p class=\" wall-content\">Les habitants, en contact avec la mairie, tentent tant bien que mal de faire changer les choses. Leur solution : <strong>faire d\u00e9placer le restaurant<\/strong>.<\/p>\n<p>\u00ab\u00a0Je me bats surtout pour les gamins \u00ab\u00a0<\/p>\n<p class=\" wall-content\">\u00ab\u00a0Je ne peux plus ouvrir mes fen\u00eatres \u00e0 partir d\u2019une certaine heure le soir \u00ab\u00a0, souffle Thierry Le Jeune, habitant du quartier. Sur le trottoir, <strong>des scooters stationnent en file<\/strong>, obligeant les passants \u00e0 marcher sur la chauss\u00e9e. Des voitures bloquent r\u00e9guli\u00e8rement les entr\u00e9es de parking. Et le matin, les enfants de l\u2019\u00e9cole maternelle voisine doivent parfois enjamber <strong>papiers gras et restes de la veille<\/strong>. \u00ab\u00a0Je me bats surtout pour les gamins\u00a0\u00bb, insiste Thierry Le Jeune.<\/p>\n<p class=\" wall-content\">Le point de crispation : cette <a href=\"https:\/\/actu.fr\/tag\/cuisine\" rel=\"nofollow noopener\" target=\"_blank\">cuisine<\/a>, install\u00e9e dans un local auparavant occup\u00e9 par une coiffeuse, qui pr\u00e9pare exclusivement des repas <strong>pour la livraison<\/strong>. Les livreurs n\u2019y entrent m\u00eame pas, ils attendent dehors que leur commande leur soit remise. Et parfois, <strong>le ton monte<\/strong>. \u00ab\u00a0Hier soir, quelqu\u2019un \u00e9tait gar\u00e9 devant le parking et refusait de bouger tant qu\u2019il n\u2019avait pas sa commande. \u00ab\u00a0<\/p>\n<p class=\" wall-content\">Thierry Le Jeune ne pointe pas du doigt les livreurs : \u00ab\u00a0Ce n\u2019est pas aux Ubers que j\u2019en veux, c\u2019est le restaurant qui ne devrait pas \u00eatre l\u00e0.\u00a0\u00bb Un commerce qu\u2019il juge <strong>inadapt\u00e9 \u00e0 son environnement<\/strong>, mitoyen d\u2019une \u00e9cole, dans une rue r\u00e9sidentielle \u00e9troite. Il l\u2019affirme : \u00ab\u00a0s\u2019il n\u2019y a plus de cuisine, il n\u2019y aura plus de scooters.\u00a0\u00bb<\/p>\n<p>Vid\u00e9os : en ce moment sur ActuUn dialogue engag\u00e9 avec la mairie<\/p>\n<p class=\" wall-content\">C\u00f4t\u00e9 mairie, Sandrine Jacotot, adjointe au maire charg\u00e9e des commerces, assure avoir pris la mesure du probl\u00e8me. <strong>Des discussions ont \u00e9t\u00e9 engag\u00e9es<\/strong> avec les plateformes de livraison et avec le g\u00e9rant de l\u2019\u00e9tablissement concern\u00e9 qu\u2019elle d\u00e9crit comme \u00ab\u00a0un jeune homme d\u00e9sireux de travailler dans de bonnes conditions\u00a0\u00bb.<\/p>\n<p class=\" wall-content\">Avec l\u2019appui du franchiseur national, plusieurs<strong> d\u00e9m\u00e9nagements<\/strong> de dark kitchen ont \u00e9t\u00e9 enclench\u00e9s vers des zone moins r\u00e9sidentielle, notamment pr\u00e8s de la gare et aux quais Bacalan.<\/p>\n<p class=\" wall-content\">Mais au-del\u00e0 de ces cas, la ville r\u00e9fl\u00e9chit \u00e0 <strong>une r\u00e9glementation plus large<\/strong>. Aujourd\u2019hui, les dark kitchen sont encore consid\u00e9r\u00e9es comme des commerces artisanaux. Rien ne les emp\u00eache de s\u2019implanter en plein c\u0153ur de la ville.<\/p>\n<p class=\" wall-content\">Le futur plan local d\u2019urbanisme (PLU), actuellement en r\u00e9vision \u00e0 l\u2019\u00e9chelle de la <a href=\"https:\/\/actu.fr\/tag\/bordeaux-metropole\" rel=\"nofollow noopener\" target=\"_blank\">m\u00e9tropole<\/a>, pourrait cependant permettre d\u2019encadrer davantage leur implantation. \u00ab\u00a0Si demain nous jugeons que ces structures doivent \u00eatre <strong>r\u00e9serv\u00e9es \u00e0 des zones d\u2019activit\u00e9s<\/strong>, nous pourrons le faire via le PLU\u00a0\u00bb, affirme l\u2019adjointe.<\/p>\n<p>Des responsabilit\u00e9s partag\u00e9es<\/p>\n<p class=\" wall-content\">Le diagnostic est donc partag\u00e9 : les riverains visent la cuisine et les conditions concr\u00e8tes de son exploitation. La mairie, elle, interpelle plus largement <strong>les plateformes<\/strong>.<\/p>\n<p class=\" wall-content\">Sandrine Jacotot a invit\u00e9 Uber Eats et Deliveroo \u00e0 r\u00e9fl\u00e9chir \u00e0 une organisation logistique qui <strong>\u00e9vite les rassemblements<\/strong> en bas des immeubles, de mani\u00e8re g\u00e9n\u00e9rale. Elle a m\u00eame sollicit\u00e9 des anciens livreurs reconvertis en entrepreneurs pour partager des pratiques plus respectueuses de l\u2019espace public.<\/p>\n<p class=\" wall-content\">Selon l\u2019adjointe, l\u2019enjeu d\u00e9passe les limites de la rue Barreyre. Car cette situation soul\u00e8ve une question plus large : \u00ab\u00a0<strong>A-t-on besoin d\u2019\u00eatre livr\u00e9<\/strong> ? Et si oui, dans quelles conditions ?\u00a0\u00bb, questionne-t-elle en s\u2019adressant aux consommateurs.\u00a0<\/p>\n<p class=\" wall-content\">\u00c0 Bordeaux, la livraison \u00e0 domicile s\u2019invite dans le d\u00e9bat public. Et les choix \u00e0 venir dessineront la ville de demain.<\/p>\n<p class=\" wall-content\">Suivez toute l\u2019actualit\u00e9 de vos villes et m\u00e9dias favoris en vous inscrivant \u00e0 <a href=\"https:\/\/moncompte.actu.fr\" title=\"D\u00e9couvez Mon Actu\" rel=\"nofollow noopener\" data-trk=\"{&quot;cta&quot;:{&quot;action&quot;:&quot;https:\\\/\\\/moncompte.actu.fr&quot;,&quot;category&quot;:&quot;mon compte&quot;,&quot;from&quot;:&quot;article footer&quot;,&quot;name&quot;:&quot;Mon actu&quot;,&quot;type&quot;:&quot;cta&quot;}}\" target=\"_blank\">Mon Actu<\/a>.<\/p>\n","protected":false},"excerpt":{"rendered":"Par Aurelien Cardot Publi\u00e9 le 29 mai 2025 \u00e0 6h32 Depuis la fen\u00eatre de leur appartement, ils ont&hellip;\n","protected":false},"author":2,"featured_media":136070,"comment_status":"","ping_status":"","sticky":false,"template":"","format":"standard","meta":{"footnotes":""},"categories":[2817],"tags":[1111,11,1997,215,902,1777,674,1011,27,12,2219,25,104],"class_list":{"0":"post-136069","1":"post","2":"type-post","3":"status-publish","4":"format-standard","5":"has-post-thumbnail","7":"category-bordeaux","8":"tag-actu","9":"tag-actualites","10":"tag-bordeaux","11":"tag-commerce","12":"tag-cuisine","13":"tag-eu","14":"tag-europe","15":"tag-fr","16":"tag-france","17":"tag-news","18":"tag-nouvelle-aquitaine","19":"tag-republique-francaise","20":"tag-societe"},"share_on_mastodon":{"url":"https:\/\/pubeurope.com\/@fr\/114589422466480609","error":""},"_links":{"self":[{"href":"https:\/\/www.europesays.com\/fr\/wp-json\/wp\/v2\/posts\/136069","targetHints":{"allow":["GET"]}}],"collection":[{"href":"https:\/\/www.europesays.com\/fr\/wp-json\/wp\/v2\/posts"}],"about":[{"href":"https:\/\/www.europesays.com\/fr\/wp-json\/wp\/v2\/types\/post"}],"author":[{"embeddable":true,"href":"https:\/\/www.europesays.com\/fr\/wp-json\/wp\/v2\/users\/2"}],"replies":[{"embeddable":true,"href":"https:\/\/www.europesays.com\/fr\/wp-json\/wp\/v2\/comments?post=136069"}],"version-history":[{"count":0,"href":"https:\/\/www.europesays.com\/fr\/wp-json\/wp\/v2\/posts\/136069\/revisions"}],"wp:featuredmedia":[{"embeddable":true,"href":"https:\/\/www.europesays.com\/fr\/wp-json\/wp\/v2\/media\/136070"}],"wp:attachment":[{"href":"https:\/\/www.europesays.com\/fr\/wp-json\/wp\/v2\/media?parent=136069"}],"wp:term":[{"taxonomy":"category","embeddable":true,"href":"https:\/\/www.europesays.com\/fr\/wp-json\/wp\/v2\/categories?post=136069"},{"taxonomy":"post_tag","embeddable":true,"href":"https:\/\/www.europesays.com\/fr\/wp-json\/wp\/v2\/tags?post=136069"}],"curies":[{"name":"wp","href":"https:\/\/api.w.org\/{rel}","templated":true}]}}