{"id":136075,"date":"2025-05-29T05:18:10","date_gmt":"2025-05-29T05:18:10","guid":{"rendered":"https:\/\/www.europesays.com\/fr\/136075\/"},"modified":"2025-05-29T05:18:10","modified_gmt":"2025-05-29T05:18:10","slug":"a-lentree-du-vieux-lille-cest-quoi-cette-enigmatique-statue-aux-allures-de-film-dhorreur","status":"publish","type":"post","link":"https:\/\/www.europesays.com\/fr\/136075\/","title":{"rendered":"\u00c0 l\u2019entr\u00e9e du Vieux-Lille, c\u2019est quoi cette \u00e9nigmatique statue aux allures de film d\u2019horreur\u00a0?"},"content":{"rendered":"<p>            Par<br \/>\n        <strong><br \/>\n            <a href=\"https:\/\/actu.fr\/auteur\/margot-nicodeme\" title=\"Consulter tous les articles de Margot Nicod\u00e8me\" rel=\"nofollow noopener\" target=\"_blank\">Margot Nicod\u00e8me<\/a><br \/>\n        <\/strong><\/p>\n<p>        Publi\u00e9 le<\/p>\n<p>            29 mai 2025 \u00e0 6h20        <\/p>\n<p>La vision est saisissante, nous l\u2019avons nous-m\u00eames exp\u00e9riment\u00e9 \u00e0 Lille actu. Lors d\u2019un paisible trajet \u00e0 v\u00e9lo reliant le Vieux-<a href=\"https:\/\/actu.fr\/hauts-de-france\/lille_59350\" rel=\"nofollow noopener\" target=\"_blank\">Lille<\/a> \u00e0 <a href=\"https:\/\/actu.fr\/hauts-de-france\/la-madeleine_59368\" rel=\"nofollow noopener\" target=\"_blank\">La Madeleine<\/a>, stup\u00e9faction, \u00e0 l\u2019approche du p\u00e9riph\u00e9rique. <b>Une silhouette flottant dans les airs, drap\u00e9e de noir<\/b>, avec des liens enserrant son cou, ses jambes. Une apparition digne d\u2019un film d\u2019horreur, qui n\u2019a, bien s\u00fbr, pas vocation \u00e0 rester en l\u2019\u00e9tat. <b>Alors \u00e0 quoi rime cette installation<\/b>, \u00e0 l\u2019entr\u00e9e du <a href=\"https:\/\/actu.fr\/hauts-de-france\/la-madeleine_59368\/cest-quoi-ce-chantier-titanesque-en-bordure-du-vieux-lille_60108077.html\" rel=\"nofollow noopener\" target=\"_blank\">gigantesque site Sensorium<\/a>\u2009? La r\u00e9ponse nous est donn\u00e9e par la maire de La Madeleine lui-m\u00eame, S\u00e9bastien Lepr\u00eatre.<\/p>\n<p>Une statue qui sera d\u00e9voil\u00e9e le 6\u00a0juin 2025<\/p>\n<p class=\" wall-content\">Une r\u00e9cente conf\u00e9rence de presse \u00e0 laquelle il assiste, au sujet <a href=\"https:\/\/actu.fr\/hauts-de-france\/la-madeleine_59368\/la-madeleine-halle-scientifique-salle-radio-labos-la-region-finance-23-me-de-travaux-dans-ce-lycee_62693541.html\" rel=\"nofollow noopener\" target=\"_blank\">de gros travaux dans le lyc\u00e9e Valentine-Labb\u00e9<\/a>, est l\u2019occasion de glisser \u00e0 l\u2019\u00e9dile nos interrogations sur l\u2019\u00e9nigmatique personnage. Quelques \u00e9l\u00e9ments discernables sous le drap, comme un \u00e9ventuel k\u00e9pi et une certaine d\u00e9marche, donnent une id\u00e9e de ce qu\u2019il recouvre. C\u2019est bien <b>une statue du g\u00e9n\u00e9ral de Gaulle <\/b>qui s\u2019appr\u00eate \u00e0 se d\u00e9voiler au public, \u00ab\u2009sans doute m\u00eame<b> la seule en pied dans la m\u00e9tropole de Lille<\/b>\u2009\u00bb, analyse S\u00e9bastien Lepr\u00eatre.<\/p>\n<p class=\" wall-content\">Elle est l\u2019\u0153uvre d\u2019un \u00ab\u2009artiste internationalement reconnu et originaire de la r\u00e9gion, <a href=\"https:\/\/actu.fr\/hauts-de-france\/villeneuve-d-ascq_59009\/metropole-de-lille-quentin-carnaille-vend-plusieurs-de-ses-oeuvres_60278503.html\" rel=\"nofollow noopener\" target=\"_blank\">Quentin Carnaille<\/a>\u2009\u00bb. Le g\u00e9n\u00e9ral est en effet repr\u00e9sent\u00e9 en mouvement, mais il restera dissimul\u00e9 jusqu\u2019\u00e0 la date d\u2019inauguration officielle du site, le 6\u00a0juin prochain.<\/p>\n<p class=\" wall-content\">\u00ab\u2009La statue marche en direction du Vieux-Lille\u2009\u00bb, dit encore le maire. Vers la maison natale Charles de\u00a0Gaulle, finalement, qui renferme un buste de l\u2019ancien pr\u00e9sident de la R\u00e9publique. Ce dernier n\u2019est pas bien loin de l\u2019autre \u0153uvre lilloise en hommage \u00e0 de Gaulle, le m\u00e9morial \u00e0 l\u2019entr\u00e9e du jardin Vauban (par le sculpteur belge Eug\u00e8ne Dodeigne).<\/p>\n<p>Vid\u00e9os : en ce moment sur Actu<\/p>\n<p class=\" wall-content\"><b>Haute de 4,70 m\u00e8tres<\/b>, la sculpture madeleinoise serait ainsi bel et bien la seule en pied \u00e0 l\u2019effigie de Charles de\u00a0Gaulle\u2026 non seulement dans la m\u00e9tropole lilloise, mais aussi dans le Nord. Car \u00e0 Calais, il y a\u00a0la <a href=\"https:\/\/actu.fr\/hauts-de-france\/calais_62193\/le-saviez-vous-a-calais-vous-pouvez-croiser-le-general-de-gaulle-a-plusieurs-endroits-de-la-ville_60013604.html\" rel=\"nofollow noopener\" target=\"_blank\">repr\u00e9sentation du couple qu\u2019il forme avec Yvonne<\/a>, les deux avan\u00e7ant bras entrelac\u00e9s sur la place d\u2019Armes. La ville a accueilli leur mariage, le 7\u00a0avril 1921.<\/p>\n<p>    <img   decoding=\"async\" loading=\"lazy\" class=\"size-large\" src=\"https:\/\/www.europesays.com\/fr\/wp-content\/uploads\/2025\/05\/df24db7627386d334db7627387634dv-960x640.jpg\" alt=\"La statue du couple De Gaulle sur la place d'Armes \u00e0 Calais.\" width=\"960\" height=\"640\"\/><br \/>\n    La statue du couple de Gaulle sur la place d\u2019Armes \u00e0 Calais. \u00a9Tourisme Hauts-de-France<\/p>\n<p class=\" wall-content\">Suivez toute l\u2019actualit\u00e9 de vos villes et m\u00e9dias favoris en vous inscrivant \u00e0 <a href=\"https:\/\/moncompte.actu.fr\" title=\"D\u00e9couvez Mon Actu\" rel=\"nofollow noopener\" data-trk=\"{&quot;cta&quot;:{&quot;action&quot;:&quot;https:\\\/\\\/moncompte.actu.fr&quot;,&quot;category&quot;:&quot;mon compte&quot;,&quot;from&quot;:&quot;article footer&quot;,&quot;name&quot;:&quot;Mon actu&quot;,&quot;type&quot;:&quot;cta&quot;}}\" target=\"_blank\">Mon Actu<\/a>.<\/p>\n","protected":false},"excerpt":{"rendered":"Par Margot Nicod\u00e8me Publi\u00e9 le 29 mai 2025 \u00e0 6h20 La vision est saisissante, nous l\u2019avons nous-m\u00eames exp\u00e9riment\u00e9&hellip;\n","protected":false},"author":2,"featured_media":136076,"comment_status":"","ping_status":"","sticky":false,"template":"","format":"standard","meta":{"footnotes":""},"categories":[2815],"tags":[1111,11,1777,674,1011,27,811,1757,1307,12,2551,25,104],"class_list":{"0":"post-136075","1":"post","2":"type-post","3":"status-publish","4":"format-standard","5":"has-post-thumbnail","7":"category-lille","8":"tag-actu","9":"tag-actualites","10":"tag-eu","11":"tag-europe","12":"tag-fr","13":"tag-france","14":"tag-hauts-de-france","15":"tag-insolite","16":"tag-lille","17":"tag-news","18":"tag-patrimoine","19":"tag-republique-francaise","20":"tag-societe"},"share_on_mastodon":{"url":"https:\/\/pubeurope.com\/@fr\/114589434191554428","error":""},"_links":{"self":[{"href":"https:\/\/www.europesays.com\/fr\/wp-json\/wp\/v2\/posts\/136075","targetHints":{"allow":["GET"]}}],"collection":[{"href":"https:\/\/www.europesays.com\/fr\/wp-json\/wp\/v2\/posts"}],"about":[{"href":"https:\/\/www.europesays.com\/fr\/wp-json\/wp\/v2\/types\/post"}],"author":[{"embeddable":true,"href":"https:\/\/www.europesays.com\/fr\/wp-json\/wp\/v2\/users\/2"}],"replies":[{"embeddable":true,"href":"https:\/\/www.europesays.com\/fr\/wp-json\/wp\/v2\/comments?post=136075"}],"version-history":[{"count":0,"href":"https:\/\/www.europesays.com\/fr\/wp-json\/wp\/v2\/posts\/136075\/revisions"}],"wp:featuredmedia":[{"embeddable":true,"href":"https:\/\/www.europesays.com\/fr\/wp-json\/wp\/v2\/media\/136076"}],"wp:attachment":[{"href":"https:\/\/www.europesays.com\/fr\/wp-json\/wp\/v2\/media?parent=136075"}],"wp:term":[{"taxonomy":"category","embeddable":true,"href":"https:\/\/www.europesays.com\/fr\/wp-json\/wp\/v2\/categories?post=136075"},{"taxonomy":"post_tag","embeddable":true,"href":"https:\/\/www.europesays.com\/fr\/wp-json\/wp\/v2\/tags?post=136075"}],"curies":[{"name":"wp","href":"https:\/\/api.w.org\/{rel}","templated":true}]}}