{"id":136077,"date":"2025-05-29T05:19:42","date_gmt":"2025-05-29T05:19:42","guid":{"rendered":"https:\/\/www.europesays.com\/fr\/136077\/"},"modified":"2025-05-29T05:19:42","modified_gmt":"2025-05-29T05:19:42","slug":"lenorme-emotion-dalexsandro-et-de-ses-proches-en-apprenant-sa-premiere-convocation-avec-le-bresil","status":"publish","type":"post","link":"https:\/\/www.europesays.com\/fr\/136077\/","title":{"rendered":"l\u2019\u00e9norme \u00e9motion d\u2019Alexsandro et de ses proches en apprenant sa premi\u00e8re convocation avec le Br\u00e9sil"},"content":{"rendered":"<p>Ils s\u2019\u00e9taient rassembl\u00e9s devant la t\u00e9l\u00e9vision, bras dessus, bras dessous, entre espoir, pri\u00e8res et excitation. Alexsandro et ses proches ont v\u00e9cu un moment inoubliable lundi lorsque <a href=\"https:\/\/fr.news.yahoo.com\/sport\/br%C3%A9sil-l-accueil-bouillant-r%C3%A9serv%C3%A9-054024651.html\" data-ylk=\"slk:Carlo Ancelotti;elm:context_link;itc:0;sec:content-canvas;outcm:mb_qualified_link;_E:mb_qualified_link;ct:story;\" class=\"link  yahoo-link\" target=\"_blank\" rel=\"noopener\">Carlo Ancelotti<\/a> a d\u00e9voil\u00e9 <a href=\"https:\/\/fr.news.yahoo.com\/sport\/br%C3%A9sil-ancelotti-ne-convoque-neymar-184741548.html\" data-ylk=\"slk:sa premi\u00e8re liste en tant que s\u00e9lectionneur du Br\u00e9sil;elm:context_link;itc:0;sec:content-canvas;outcm:mb_qualified_link;_E:mb_qualified_link;ct:story;\" class=\"link  yahoo-link\" target=\"_blank\" rel=\"noopener\">sa premi\u00e8re liste en tant que s\u00e9lectionneur du Br\u00e9sil<\/a>. L\u2019ancien coach du Real Madrid, remplac\u00e9 dans la capitale espagnole par <a href=\"https:\/\/fr.news.yahoo.com\/sport\/real-madrid-signer-grands-d%C3%A9buts-135140939.html\" data-ylk=\"slk:Xabi Alonso;elm:context_link;itc:0;sec:content-canvas;outcm:mb_qualified_link;_E:mb_qualified_link;ct:story;\" class=\"link  yahoo-link\" target=\"_blank\" rel=\"noopener\">Xabi Alonso<\/a>, a convoqu\u00e9 le d\u00e9fenseur central du Losc pour les prochains matchs de la Sele\u00e7ao. Une grande premi\u00e8re pour le joueur de 25 ans.<\/p>\n<p>Debout au milieu des siens, Alexsandro a fondu en larmes lorsque Carlo Ancelotti a prononc\u00e9 son nom, comme le montre une vid\u00e9o post\u00e9e par le journaliste de L&rsquo;Equipe, Eric Frosio. Une \u00e9norme \u00e9motion a parcouru la pi\u00e8ce o\u00f9 de nombreuses personnes s\u2019\u00e9taient mass\u00e9es, certains avec des maillots lillois. Cris de joies, embrassades et f\u00e9licitations. Toute la famille a c\u00e9l\u00e9br\u00e9 la nouvelle, avec une immense fiert\u00e9 et des yeux embu\u00e9s.<\/p>\n<p>Recrut\u00e9 pour 2 millions d\u2019euros au Portugal<\/p>\n<p>Natif de Rio de Janeiro, Alexsandro a \u00e9t\u00e9 form\u00e9 \u00e0 Flamengo, avant de passer par les jeunes de Resende (une acad\u00e9mie lanc\u00e9e par Pel\u00e9) et de lancer sa carri\u00e8re europ\u00e9enne au Portugal. Lille l\u2019a recrut\u00e9 \u00e0 l\u2019\u00e9t\u00e9 2022 \u00e0 Chaves pour 2 millions d\u2019euros. Trois ans plus tard, il fait partie des tauliers du club nordiste, o\u00f9 il est sous contrat jusqu\u2019en 2028.<\/p>\n<p>Cette premi\u00e8re convocation avec la Sele\u00e7ao, aux c\u00f4t\u00e9s de Vinicius Jr, Raphinha ou Marquinhos, devrait faire grimper sa cote dans les semaines \u00e0 venir. Le site Transfermartk l\u2019\u00e9value aujourd\u2019hui \u00e0 15 millions d\u2019euros. Cette saison, le n\u00b04 des Dogues, \u00e0 l\u2019aise des deux pieds, a disput\u00e9 47 rencontres (toutes comp\u00e9titions confondues), dont 10 en Ligue des champions.<\/p>\n<p><a href=\"https:\/\/rmcsport.bfmtv.com\/football\/ligue-1\/lille-l-enorme-emotion-d-alexsandro-et-de-ses-proches-en-apprenant-sa-premiere-convocation-avec-le-bresil_AV-202505270345.html#xtor=AL-68\" rel=\"nofollow noopener\" target=\"_blank\" data-ylk=\"slk:Article original publi\u00e9 sur RMC Sport;elm:context_link;itc:0;sec:content-canvas\" class=\"link \">Article original publi\u00e9 sur RMC Sport<\/a><\/p>\n","protected":false},"excerpt":{"rendered":"Ils s\u2019\u00e9taient rassembl\u00e9s devant la t\u00e9l\u00e9vision, bras dessus, bras dessous, entre espoir, pri\u00e8res et excitation. Alexsandro et ses&hellip;\n","protected":false},"author":2,"featured_media":136078,"comment_status":"","ping_status":"","sticky":false,"template":"","format":"standard","meta":{"footnotes":""},"categories":[2815],"tags":[1111,11,26196,22359,1777,674,1011,27,811,1307,2267,791,12,16407,4790,25,17718,26195,26197,12380],"class_list":{"0":"post-136077","1":"post","2":"type-post","3":"status-publish","4":"format-standard","5":"has-post-thumbnail","7":"category-lille","8":"tag-actu","9":"tag-actualites","10":"tag-alexsandro","11":"tag-carlo-ancelotti","12":"tag-eu","13":"tag-europe","14":"tag-fr","15":"tag-france","16":"tag-hauts-de-france","17":"tag-lille","18":"tag-losc","19":"tag-marquinhos","20":"tag-news","21":"tag-raphinha","22":"tag-real-madrid","23":"tag-republique-francaise","24":"tag-rio-de-janeiro","25":"tag-selecao","26":"tag-vinicius-jr","27":"tag-xabi-alonso"},"share_on_mastodon":{"url":"https:\/\/pubeurope.com\/@fr\/114589438073419286","error":""},"_links":{"self":[{"href":"https:\/\/www.europesays.com\/fr\/wp-json\/wp\/v2\/posts\/136077","targetHints":{"allow":["GET"]}}],"collection":[{"href":"https:\/\/www.europesays.com\/fr\/wp-json\/wp\/v2\/posts"}],"about":[{"href":"https:\/\/www.europesays.com\/fr\/wp-json\/wp\/v2\/types\/post"}],"author":[{"embeddable":true,"href":"https:\/\/www.europesays.com\/fr\/wp-json\/wp\/v2\/users\/2"}],"replies":[{"embeddable":true,"href":"https:\/\/www.europesays.com\/fr\/wp-json\/wp\/v2\/comments?post=136077"}],"version-history":[{"count":0,"href":"https:\/\/www.europesays.com\/fr\/wp-json\/wp\/v2\/posts\/136077\/revisions"}],"wp:featuredmedia":[{"embeddable":true,"href":"https:\/\/www.europesays.com\/fr\/wp-json\/wp\/v2\/media\/136078"}],"wp:attachment":[{"href":"https:\/\/www.europesays.com\/fr\/wp-json\/wp\/v2\/media?parent=136077"}],"wp:term":[{"taxonomy":"category","embeddable":true,"href":"https:\/\/www.europesays.com\/fr\/wp-json\/wp\/v2\/categories?post=136077"},{"taxonomy":"post_tag","embeddable":true,"href":"https:\/\/www.europesays.com\/fr\/wp-json\/wp\/v2\/tags?post=136077"}],"curies":[{"name":"wp","href":"https:\/\/api.w.org\/{rel}","templated":true}]}}