{"id":136079,"date":"2025-05-29T05:20:07","date_gmt":"2025-05-29T05:20:07","guid":{"rendered":"https:\/\/www.europesays.com\/fr\/136079\/"},"modified":"2025-05-29T05:20:07","modified_gmt":"2025-05-29T05:20:07","slug":"ou-et-quand-il-va-faire-le-plus-chaud","status":"publish","type":"post","link":"https:\/\/www.europesays.com\/fr\/136079\/","title":{"rendered":"o\u00f9 et quand il va faire le plus chaud"},"content":{"rendered":"<p>            Par<br \/>\n        <strong><br \/>\n            <a href=\"https:\/\/actu.fr\/auteur\/thibault-nadal-actu-fr\" title=\"Consulter tous les articles de Thibault Nadal\" rel=\"nofollow noopener\" target=\"_blank\">Thibault Nadal<\/a><br \/>\n        <\/strong><\/p>\n<p>        Publi\u00e9 le<\/p>\n<p>            29 mai 2025 \u00e0 6h38        <\/p>\n<p>Il va faire<a href=\"https:\/\/actu.fr\/tag\/vague-de-chaleur\" rel=\"nofollow noopener\" target=\"_blank\"> chaud, voire parfois tr\u00e8s chaud<\/a> pour ce week-end de l\u2019Ascension \u00e0 <a href=\"https:\/\/actu.fr\/marseille\/\" rel=\"nofollow noopener\" target=\"_blank\">Marseille<\/a> et dans <a href=\"https:\/\/actu.fr\/provence-alpes-cote-d-azur\/bouches-du-rhone_13\" rel=\"nofollow noopener\" target=\"_blank\">les Bouches-du-Rh\u00f4ne<\/a>. Apr\u00e8s des derniers mois difficiles dans le ciel, le beau temps est revenu en force sur le d\u00e9partement en ce d\u00e9but de semaine.<\/p>\n<p class=\" wall-content\">Et bonne nouvelle\u2009! Cela devrait durer encore plusieurs jours.<\/p>\n<p class=\" wall-content\">Voici les pr\u00e9visions d\u00e9taill\u00e9es pour la fin de semaine.<\/p>\n<p>Un d\u00e9but de pont extr\u00eamement chaud<\/p>\n<p class=\" wall-content\">Il ne faudra pas arriver en retard pour profiter de <a href=\"https:\/\/actu.fr\/marseille\/meteo\" rel=\"nofollow noopener\" target=\"_blank\">la m\u00e9t\u00e9o<\/a> et des plages proven\u00e7ales. Ce jeudi va marquer une forte hausse des temp\u00e9ratures avec 23\u00b0C degr\u00e9s le matin et 30\u00b0C l\u2019apr\u00e8s-midi. Seul le vent att\u00e9nuera avec des rafales comprises entre 45 et 60\u00a0km\/h att\u00e9nueront cette sensation de chaleur, indique <a href=\"https:\/\/meteofrance.com\/previsions-meteo-france\/marseille\/13000\" rel=\"nofollow noopener\" target=\"_blank\">M\u00e9t\u00e9o-France<\/a>.<\/p>\n<p class=\" wall-content\">La journ\u00e9e de vendredi sera \u00e9galement chaude avec <strong>26\u00b0C attendus \u00e0 Marseille.<\/strong> Le ressenti sera chaud avec 33\u00b0C. Dans les terres, le mercure sera plus \u00e9lev\u00e9 avec<strong> 30\u00b0C \u00e0 Trets ou encore Peyrolles-en-Provence.<\/strong> Des temp\u00e9ratures proches d\u2019un \u00ab\u2009record\u2009\u00bb, analyse Paul Marquis, fondateur de <a href=\"https:\/\/www.facebook.com\/lameteodu13\/?locale=fr_FR\" rel=\"nofollow noopener\" target=\"_blank\">La M\u00e9t\u00e9o du 13<\/a>.<\/p>\n<p>Vid\u00e9os : en ce moment sur Actu<\/p>\n<p class=\" wall-content\">\n<p>La saison estivale enfin lanc\u00e9e\u2009?<\/p>\n<p class=\" wall-content\">Pour le week-end, <strong>les temp\u00e9ratures devraient l\u00e9g\u00e8rement redescendre<\/strong> sans toutefois \u00f4ter la possibilit\u00e9 de se rendre sur les plages.<\/p>\n<p class=\" wall-content\">Les minimales seront de 23\u00b0C samedi et dimanche pour des maximales autour de 26\u00b0C.<\/p>\n<p class=\" wall-content\">Cette semaine de l\u2019Ascension marque enfin le retour de la saison estivale \u00e0 Marseille, puisque selon Paul Marquis, la premi\u00e8re semaine devrait \u00ab\u2009\u00eatre <strong>remarquable niveau chaleur<\/strong> dans le Sud-Est\u2009\u00bb.<\/p>\n<p class=\" wall-content\">Suivez toute l\u2019actualit\u00e9 de vos villes et m\u00e9dias favoris en vous inscrivant \u00e0 <a href=\"https:\/\/moncompte.actu.fr\" title=\"D\u00e9couvez Mon Actu\" rel=\"nofollow noopener\" data-trk=\"{&quot;cta&quot;:{&quot;action&quot;:&quot;https:\\\/\\\/moncompte.actu.fr&quot;,&quot;category&quot;:&quot;mon compte&quot;,&quot;from&quot;:&quot;article footer&quot;,&quot;name&quot;:&quot;Mon actu&quot;,&quot;type&quot;:&quot;cta&quot;}}\" target=\"_blank\">Mon Actu<\/a>.<\/p>\n<ul class=\"ac-article-tag wall-content\">\n<li><a href=\"https:\/\/actu.fr\/tag\/meteo-france\" data-trk=\"{&quot;cta&quot;:{&quot;action&quot;:&quot;M\\u00e9t\\u00e9o France&quot;,&quot;category&quot;:&quot;tag&quot;,&quot;from&quot;:&quot;article footer&quot;,&quot;name&quot;:&quot;M\\u00e9t\\u00e9o France&quot;,&quot;type&quot;:&quot;cta&quot;}}\" rel=\"nofollow noopener\" target=\"_blank\">#M\u00e9t\u00e9o France<\/a><\/li>\n<li><a href=\"https:\/\/actu.fr\/tag\/vague-de-chaleur\" data-trk=\"{&quot;cta&quot;:{&quot;action&quot;:&quot;Vague de chaleur&quot;,&quot;category&quot;:&quot;tag&quot;,&quot;from&quot;:&quot;article footer&quot;,&quot;name&quot;:&quot;Vague de chaleur&quot;,&quot;type&quot;:&quot;cta&quot;}}\" rel=\"nofollow noopener\" target=\"_blank\">#Vague de chaleur<\/a><\/li>\n<\/ul>\n","protected":false},"excerpt":{"rendered":"Par Thibault Nadal Publi\u00e9 le 29 mai 2025 \u00e0 6h38 Il va faire chaud, voire parfois tr\u00e8s chaud&hellip;\n","protected":false},"author":2,"featured_media":136080,"comment_status":"","ping_status":"","sticky":false,"template":"","format":"standard","meta":{"footnotes":""},"categories":[2814],"tags":[1111,11,1777,674,1011,27,884,2487,2357,12,882,25,15637],"class_list":{"0":"post-136079","1":"post","2":"type-post","3":"status-publish","4":"format-standard","5":"has-post-thumbnail","7":"category-marseille","8":"tag-actu","9":"tag-actualites","10":"tag-eu","11":"tag-europe","12":"tag-fr","13":"tag-france","14":"tag-marseille","15":"tag-meteo","16":"tag-meteo-france","17":"tag-news","18":"tag-provence-alpes-cote-dazur","19":"tag-republique-francaise","20":"tag-vague-de-chaleur"},"share_on_mastodon":{"url":"https:\/\/pubeurope.com\/@fr\/114589441949660166","error":""},"_links":{"self":[{"href":"https:\/\/www.europesays.com\/fr\/wp-json\/wp\/v2\/posts\/136079","targetHints":{"allow":["GET"]}}],"collection":[{"href":"https:\/\/www.europesays.com\/fr\/wp-json\/wp\/v2\/posts"}],"about":[{"href":"https:\/\/www.europesays.com\/fr\/wp-json\/wp\/v2\/types\/post"}],"author":[{"embeddable":true,"href":"https:\/\/www.europesays.com\/fr\/wp-json\/wp\/v2\/users\/2"}],"replies":[{"embeddable":true,"href":"https:\/\/www.europesays.com\/fr\/wp-json\/wp\/v2\/comments?post=136079"}],"version-history":[{"count":0,"href":"https:\/\/www.europesays.com\/fr\/wp-json\/wp\/v2\/posts\/136079\/revisions"}],"wp:featuredmedia":[{"embeddable":true,"href":"https:\/\/www.europesays.com\/fr\/wp-json\/wp\/v2\/media\/136080"}],"wp:attachment":[{"href":"https:\/\/www.europesays.com\/fr\/wp-json\/wp\/v2\/media?parent=136079"}],"wp:term":[{"taxonomy":"category","embeddable":true,"href":"https:\/\/www.europesays.com\/fr\/wp-json\/wp\/v2\/categories?post=136079"},{"taxonomy":"post_tag","embeddable":true,"href":"https:\/\/www.europesays.com\/fr\/wp-json\/wp\/v2\/tags?post=136079"}],"curies":[{"name":"wp","href":"https:\/\/api.w.org\/{rel}","templated":true}]}}