{"id":136081,"date":"2025-05-29T05:21:09","date_gmt":"2025-05-29T05:21:09","guid":{"rendered":"https:\/\/www.europesays.com\/fr\/136081\/"},"modified":"2025-05-29T05:21:09","modified_gmt":"2025-05-29T05:21:09","slug":"a-marseille-lunion-de-la-gauche-en-lambeaux-un-an-apres-le-nfp","status":"publish","type":"post","link":"https:\/\/www.europesays.com\/fr\/136081\/","title":{"rendered":"\u00e0 Marseille, l\u2019union de la gauche en lambeaux un an apr\u00e8s le NFP"},"content":{"rendered":"<p><strong>D\u00c9CRYPTAGE &#8211;<\/strong> LFI a annonc\u00e9 lancer une candidature autonome pour les prochaines municipales \u00e0 Marseille, rejetant de fait une possible union avec Beno\u00eet Payan et sa majorit\u00e9 plurielle, envers laquelle les Insoumis se montrent tr\u00e8s critiques.<\/p>\n<p class=\"fig-paragraph\">\u00c0 Marseille, l\u2019une des plus vieilles villes de France, l\u2019esprit de concorde du\u00a0<a href=\"http:\/\/www.lefigaro.fr\/politique\/nouveau-front-populaire-jean-luc-melenchon-denonce-la-relation-toxique-entre-insoumis-et-socialistes-20250212\" data-fig-type=\"NewsFlash\" data-gtm-custom-categorie=\"navigation\" data-gtm-custom-action=\"crossclick\" data-gtm-custom-label=\"Contextuel\" data-gtm-event=\"customEventSPE\" data-fig-domain=\"LEFIGARO\" target=\"_blank\" rel=\"noopener\">Nouveau Front populaire<\/a>\u00a0n\u00e9 il y a un an semble relever aujourd\u2019hui de la pr\u00e9histoire. \u00c0 quelques mois des \u00e9lections municipales, les Insoumis ont officiellement annonc\u00e9 vouloir faire cavalier seul, quitte \u00e0 se pr\u00e9senter contre le maire sortant,\u00a0<a href=\"http:\/\/www.lefigaro.fr\/politique\/benoit-payan-un-electeur-de-saint-jean-de-luz-et-de-marseille-doivent-avoir-la-meme-voix-20250409\" data-fig-type=\"Article\" data-gtm-custom-categorie=\"navigation\" data-gtm-custom-action=\"crossclick\" data-gtm-custom-label=\"Contextuel\" data-gtm-event=\"customEventSPE\" data-fig-domain=\"LEFIGARO\" target=\"_blank\" rel=\"noopener\">Beno\u00eet Payan<\/a>\u00a0(ex-PS). \u00abOn se positionne clairement comme une alternative au Printemps marseillais\u00bb, a indiqu\u00e9 la semaine derni\u00e8re un porte-parole de LFI \u00e0 l\u2019AFP. Cette large coalition compos\u00e9e notamment de socialistes, communistes et \u00e9cologistes a remport\u00e9 les \u00e9lections en 2020.<\/p>\n<p class=\"fig-paragraph\">Cette annonce vient enterrer le faible espoir qui existait encore de\u00a0<a href=\"http:\/\/www.lefigaro.fr\/marseille\/a-marseille-le-torchon-brule-entre-l-insoumis-sebastien-delogu-et-le-maire-benoit-payan-20240724\" data-fig-type=\"NewsFlash\" data-gtm-custom-categorie=\"navigation\" data-gtm-custom-action=\"crossclick\" data-gtm-custom-label=\"Contextuel\" data-gtm-event=\"customEventSPE\" data-fig-domain=\"LEFIGARO\" target=\"_blank\" rel=\"noopener\">r\u00e9concilier deux camps\u00a0<\/a>qui n\u2019ont pas retenu leurs coups l\u2019un envers l\u2019autre ces derniers mois, au sens propre comme au figur\u00e9. Une peine de deux ans de prison avec sursis probatoire a ainsi \u00e9t\u00e9 requise la semaine derni\u00e8re contre\u00a0<a href=\"http:\/\/www.lefigaro.fr\/marseille\/ce-dossier-c-est-l-exil-de-la-republique-2-ans-de-prison-avec-sursis-requis-contre-sebastien-jibrayel-pour-l-agression-de-militants-lfi-a-marseille-20250523\" data-fig-type=\"NewsFlash\" data-gtm-custom-categorie=\"navigation\" data-gtm-custom-action=\"crossclick\" data-gtm-custom-label=\"Contextuel\" data-gtm-event=\"customEventSPE\" data-fig-domain=\"LEFIGARO\" target=\"_blank\" rel=\"noopener\">S\u00e9bastien Jibrayel<\/a>, ancien adjoint socialiste de Beno\u00eet Payan, poursuivi pour des violences contre deux\u2026<\/p>\n<p class=\"fig-premium-paywall__infos\">\n        Cet article est r\u00e9serv\u00e9 aux abonn\u00e9s.        Il vous reste 79% \u00e0 d\u00e9couvrir.\n    <\/p>\n<p>                <img  data- alt=\"Le Figaro\" class=\"fig-img--complete fig-img\"\/><\/p>\n<p class=\"fig-premium-paywall__title\">Vente Flash<\/p>\n<p class=\"fig-premium-paywall__subtitle\">4,99\u20ac par mois pendant 12 mois. Sans engagement.<\/p>\n<p class=\"fig-premium-paywall__connect\">\n                D\u00e9j\u00e0 abonn\u00e9\u00a0?                <a class=\"fig-premium-paywall__connect-link\" href=\"https:\/\/connect.lefigaro.fr\/login?client=horizon_web&amp;type=main&amp;redirect_uri=https%3A%2F%2Fwww.lefigaro.fr%2Fmarseille%2Fmunicipales-2026-a-marseille-l-union-de-la-gauche-en-lambeaux-un-an-apres-le-nfp-20250529\" data-js-gtm=\"{&quot;customCategorie&quot;: &quot;conversion&quot;, &quot;customAction&quot;: &quot;before_Landing_Connexion_paywall_auto&quot;, &quot;customLabel&quot;: &quot;bGVmaWdhcm8uZnJfXzFmMDM2NTgzLWJkZjgtNjI4Mi1iYjY1LWIzNjQ2YTYzZjFkZF9fTmV3c0ZsYXNo_Municipales 2026\u00a0: \u00e0 Marseille, l\u2019union de la gauche en lambeaux un an apr\u00e8s le NFP_397&quot;, &quot;customIDSPE&quot;: &quot;bGVmaWdhcm8uZnJfXzFmMDM2NTgzLWJkZjgtNjI4Mi1iYjY1LWIzNjQ2YTYzZjFkZF9fTmV3c0ZsYXNo&quot;, &quot;event&quot;: &quot;customEventSPE&quot;}\" target=\"_blank\" rel=\"noopener\"><br \/>\n                    Connectez-vous<br \/>\n                <\/a>\n            <\/p>\n","protected":false},"excerpt":{"rendered":"D\u00c9CRYPTAGE &#8211; LFI a annonc\u00e9 lancer une candidature autonome pour les prochaines municipales \u00e0 Marseille, rejetant de fait&hellip;\n","protected":false},"author":2,"featured_media":136082,"comment_status":"","ping_status":"","sticky":false,"template":"","format":"standard","meta":{"footnotes":""},"categories":[2814],"tags":[1111,11,6469,885,1182,1180,1181,1777,674,1011,27,1184,1185,780,884,12,1177,12017,1176,149,1186,882,429,25,1178,10338,1183,1179],"class_list":{"0":"post-136081","1":"post","2":"type-post","3":"status-publish","4":"format-standard","5":"has-post-thumbnail","7":"category-marseille","8":"tag-actu","9":"tag-actualites","10":"tag-benoit-payan","11":"tag-bouches-du-rhone","12":"tag-calanques","13":"tag-canebiere","14":"tag-cite-phoceenne","15":"tag-eu","16":"tag-europe","17":"tag-fr","18":"tag-france","19":"tag-la-timone","20":"tag-les-baumettes-mediterranee","21":"tag-lfi","22":"tag-marseille","23":"tag-news","24":"tag-notre-dame-de-la-garde","25":"tag-nouveau-front-populaire","26":"tag-olympique-de-marseille","27":"tag-om","28":"tag-provence","29":"tag-provence-alpes-cote-dazur","30":"tag-ps","31":"tag-republique-francaise","32":"tag-saint-charles","33":"tag-sebastien-delogu","34":"tag-sormiou","35":"tag-vieux-port"},"share_on_mastodon":{"url":"https:\/\/pubeurope.com\/@fr\/114589445900225387","error":""},"_links":{"self":[{"href":"https:\/\/www.europesays.com\/fr\/wp-json\/wp\/v2\/posts\/136081","targetHints":{"allow":["GET"]}}],"collection":[{"href":"https:\/\/www.europesays.com\/fr\/wp-json\/wp\/v2\/posts"}],"about":[{"href":"https:\/\/www.europesays.com\/fr\/wp-json\/wp\/v2\/types\/post"}],"author":[{"embeddable":true,"href":"https:\/\/www.europesays.com\/fr\/wp-json\/wp\/v2\/users\/2"}],"replies":[{"embeddable":true,"href":"https:\/\/www.europesays.com\/fr\/wp-json\/wp\/v2\/comments?post=136081"}],"version-history":[{"count":0,"href":"https:\/\/www.europesays.com\/fr\/wp-json\/wp\/v2\/posts\/136081\/revisions"}],"wp:featuredmedia":[{"embeddable":true,"href":"https:\/\/www.europesays.com\/fr\/wp-json\/wp\/v2\/media\/136082"}],"wp:attachment":[{"href":"https:\/\/www.europesays.com\/fr\/wp-json\/wp\/v2\/media?parent=136081"}],"wp:term":[{"taxonomy":"category","embeddable":true,"href":"https:\/\/www.europesays.com\/fr\/wp-json\/wp\/v2\/categories?post=136081"},{"taxonomy":"post_tag","embeddable":true,"href":"https:\/\/www.europesays.com\/fr\/wp-json\/wp\/v2\/tags?post=136081"}],"curies":[{"name":"wp","href":"https:\/\/api.w.org\/{rel}","templated":true}]}}