{"id":136083,"date":"2025-05-29T05:22:11","date_gmt":"2025-05-29T05:22:11","guid":{"rendered":"https:\/\/www.europesays.com\/fr\/136083\/"},"modified":"2025-05-29T05:22:11","modified_gmt":"2025-05-29T05:22:11","slug":"lyon-le-bbc-cafe-laisse-la-place-au-roi-lyon","status":"publish","type":"post","link":"https:\/\/www.europesays.com\/fr\/136083\/","title":{"rendered":"Lyon. Le BBC Caf\u00e9 laisse la place au\u2026 Roi Lyon &#8211;"},"content":{"rendered":"<p>\t\t\t\t<img loading=\"lazy\" decoding=\"async\" width=\"900\" height=\"675\" src=\"data:image\/svg+xml,%3Csvg%20xmlns=\" http:=\"\" alt=\"\" title=\"03 BBC Cafe\u0301 Le Roi Lyon-1\" class=\"wp-image-160089\" data-lazy- data-lazy- data-lazy-src=\"https:\/\/www.europesays.com\/fr\/wp-content\/uploads\/2025\/05\/03-BBC-Cafe\u0301-Le-Roi-Lyon-1.jpg\"\/><\/p>\n<p>La nouvelle enseigne est d\u00e9sormais en place &#8211; Photos \u00a9 Lyon People<\/p>\n<p><strong>Texte\u00a0: Morgan Couturier <\/strong>\u2013 Exclusif \u2013 Apr\u00e8s cinq ann\u00e9es pass\u00e9es sur le quai Saint-Antoine, P\u00e9pine et son fils Mickael Castaldo ont d\u00e9cid\u00e9 de se s\u00e9parer du BBC Caf\u00e9. En attendant de se lancer dans de nouveaux projets, leur bar \u00e0 bi\u00e8res a d\u00e9j\u00e0 trouv\u00e9 son repreneur.<\/p>\n<p>Si l\u2019amour dure trois ans, <strong>P\u00e9pine<\/strong> et <strong>Mickael Castaldo<\/strong> auront su prolonger l\u2019idylle avec le quai Saint-Antoine de deux petites ann\u00e9es. Mais alors que 2024 entamait ses derni\u00e8res jours, l\u2019histoire a donc pris fin, le 12 d\u00e9cembre 2024 dans les bureaux de Triptik Avocats \u00e0 Saint-Cyr au Mont d\u2019Or.<\/p>\n<p><img loading=\"lazy\" decoding=\"async\" aria-describedby=\"caption-attachment-160090\" class=\"size-full wp-image-160090\" src=\"data:image\/svg+xml,%3Csvg%20xmlns=\" http:=\"\" alt=\"\" width=\"900\" height=\"560\" data-lazy- data-lazy- data-lazy-src=\"https:\/\/www.europesays.com\/fr\/wp-content\/uploads\/2025\/05\/Jols-Quai-Saint-Antoine-2013-1.jpg\"\/><\/p>\n<p id=\"caption-attachment-160090\" class=\"wp-caption-text\">Le Jols photographi\u00e9 \u00e0 son ouverture en 2013<\/p>\n<p>Le duo p\u00e8re et fils a fini par c\u00e9der, dans tous les sens du terme. \u00ab\u00a0On savait qu\u2019on allait le vendre\u00a0\u00bb, valide Mickael Castaldo, au sujet du BBC Caf\u00e9, ce bar \u00e0 bi\u00e8res, lanc\u00e9 en 2019, en lieu et place du restaurant de poissons Jols, cr\u00e9\u00e9 par le duo <strong>Patrick Mehu<\/strong> et <strong>Jean-Yves Carpentier<\/strong> \u00e0 la place de leur Mendo.<\/p>\n<p>Et m\u00eame si les week-ends, les jours de march\u00e9 s\u2019accompagnaient souvent d\u2019une pause boisson sur la terrasse ou entre les murs de l\u2019ancienne Commanderie des Antonins, les deux entrepreneurs ont d\u00e9cid\u00e9 de passer la main alors que la vie du quai Saint Antoine est devenue infernale\u00a0: <strong>C\u00e9cile Simeone<\/strong> a r\u00e9cemment baiss\u00e9 le rideau de sa boutique d\u00e9co.<\/p>\n<p><img loading=\"lazy\" decoding=\"async\" aria-describedby=\"caption-attachment-160091\" class=\"size-full wp-image-160091\" src=\"data:image\/svg+xml,%3Csvg%20xmlns=\" http:=\"\" alt=\"\" width=\"900\" height=\"609\" data-lazy- data-lazy- data-lazy-src=\"https:\/\/www.europesays.com\/fr\/wp-content\/uploads\/2025\/05\/01-BBC-Cafe\u0301-Le-Roi-Lyon.jpg\"\/><\/p>\n<p id=\"caption-attachment-160091\" class=\"wp-caption-text\">L\u2019enseigne BBC Caf\u00e9 aura tenu 5 ans\u2026<\/p>\n<p>\u00ab\u00a0C\u2019est un choix strat\u00e9gique interne de nous s\u00e9parer du Best Beer Concept Caf\u00e9. Nous sommes en r\u00e9flexion quant \u00e0 l\u2019avenir de nos \u00e9tablissements lyonnais. Nous avons d\u2019autres projets en t\u00eate\u00a0\u00bb, projette le futur quadrag\u00e9naire, sans vouloir trahir le secret de ses futures ambitions.<\/p>\n<p><strong>Un bar-club et brasserie en remplacement<\/strong><\/p>\n<p>En attendant de d\u00e9voiler ses plans, Mickael Castaldo et son p\u00e8re, \u00ab\u00a0en semi-retraite\u00a0\u00bb, ont donc d\u00e9cid\u00e9 de passer la main. Pass\u00e9s par un interm\u00e9diaire, les Lyonnais ont trouv\u00e9 leur bonheur. Le lieu restera aux mains de locaux.<\/p>\n<p>\u00ab\u00a0Des gens bien\u00a0\u00bb, glisse P\u00e9pine, le site ayant \u00e9t\u00e9 vendu \u00e0 la soci\u00e9t\u00e9\u2026 le Roi Lyon, pour 1 350 000 euros. \u00c0 son bord, <strong>R\u00e9my Bouvier<\/strong>, jeune businessman de 34 ans, bien connu de Saint-Priest. Ancien demi-d\u2019ouverture du SPR, ce dernier devrait rapidement poser sa patte.<\/p>\n<p><img loading=\"lazy\" decoding=\"async\" class=\"alignnone size-full wp-image-160092\" src=\"data:image\/svg+xml,%3Csvg%20xmlns=\" http:=\"\" alt=\"\" width=\"900\" height=\"626\" data-lazy- data-lazy- data-lazy-src=\"https:\/\/www.europesays.com\/fr\/wp-content\/uploads\/2025\/05\/05-BBC-Cafe\u0301-Le-Roi-Lyon-1.jpg\"\/><\/p>\n<p>Pour preuve, la devanture s\u2019affiche d\u00e9j\u00e0 sous de nouvelles couleurs, avec une fa\u00e7ade d\u00e9cor\u00e9e de t\u00eates de lion et ce fameux Roi Lyon, inscrit au sommet. Seule question en suspens\u00a0: quand allons-nous entendre rugir ce nouveau fauve de la nuit lyonnaise\u00a0?<\/p>\n<p>Pour le savoir, l\u2019attente ne sera pas tr\u00e8s longue. Si l\u2019\u00e9tablissement fait actuellement l\u2019objet de quelques travaux, sur place, le discours est clair\u00a0: le Roi Lyon ouvrira \u00ab\u00a0d\u2019ici deux semaines\u00a0\u00bb. Sur son site internet, les repreneurs ont m\u00eame pris soin de poster un compte \u00e0 rebours. Et de nombreuses offres d\u2019emploi.<\/p>\n<p>L\u2019\u00e9tablissement d\u00e9voile \u00e9galement quelques d\u00e9tails de sa future activit\u00e9. On peut y voir une partie brasserie, mais aussi une allusion \u00e0 des soir\u00e9es clubbing. Le rendez-vous est pris.<\/p>\n","protected":false},"excerpt":{"rendered":"La nouvelle enseigne est d\u00e9sormais en place &#8211; Photos \u00a9 Lyon People Texte\u00a0: Morgan Couturier \u2013 Exclusif \u2013&hellip;\n","protected":false},"author":2,"featured_media":136084,"comment_status":"","ping_status":"","sticky":false,"template":"","format":"standard","meta":{"footnotes":""},"categories":[1889],"tags":[4257,1111,11,2430,26198,1777,674,1011,27,2428,12,25],"class_list":{"0":"post-136083","1":"post","2":"type-post","3":"status-publish","4":"format-standard","5":"has-post-thumbnail","7":"category-lyon","8":"tag-0top","9":"tag-actu","10":"tag-actualites","11":"tag-auvergne-rhone-alpes","12":"tag-bbc-cafe","13":"tag-eu","14":"tag-europe","15":"tag-fr","16":"tag-france","17":"tag-lyon","18":"tag-news","19":"tag-republique-francaise"},"share_on_mastodon":{"url":"https:\/\/pubeurope.com\/@fr\/114589449919256897","error":""},"_links":{"self":[{"href":"https:\/\/www.europesays.com\/fr\/wp-json\/wp\/v2\/posts\/136083","targetHints":{"allow":["GET"]}}],"collection":[{"href":"https:\/\/www.europesays.com\/fr\/wp-json\/wp\/v2\/posts"}],"about":[{"href":"https:\/\/www.europesays.com\/fr\/wp-json\/wp\/v2\/types\/post"}],"author":[{"embeddable":true,"href":"https:\/\/www.europesays.com\/fr\/wp-json\/wp\/v2\/users\/2"}],"replies":[{"embeddable":true,"href":"https:\/\/www.europesays.com\/fr\/wp-json\/wp\/v2\/comments?post=136083"}],"version-history":[{"count":0,"href":"https:\/\/www.europesays.com\/fr\/wp-json\/wp\/v2\/posts\/136083\/revisions"}],"wp:featuredmedia":[{"embeddable":true,"href":"https:\/\/www.europesays.com\/fr\/wp-json\/wp\/v2\/media\/136084"}],"wp:attachment":[{"href":"https:\/\/www.europesays.com\/fr\/wp-json\/wp\/v2\/media?parent=136083"}],"wp:term":[{"taxonomy":"category","embeddable":true,"href":"https:\/\/www.europesays.com\/fr\/wp-json\/wp\/v2\/categories?post=136083"},{"taxonomy":"post_tag","embeddable":true,"href":"https:\/\/www.europesays.com\/fr\/wp-json\/wp\/v2\/tags?post=136083"}],"curies":[{"name":"wp","href":"https:\/\/api.w.org\/{rel}","templated":true}]}}