{"id":136085,"date":"2025-05-29T05:23:45","date_gmt":"2025-05-29T05:23:45","guid":{"rendered":"https:\/\/www.europesays.com\/fr\/136085\/"},"modified":"2025-05-29T05:23:45","modified_gmt":"2025-05-29T05:23:45","slug":"ce-surprenant-jardin-secret-aux-portes-de-lyon-que-meme-les-lyonnais-ignorent","status":"publish","type":"post","link":"https:\/\/www.europesays.com\/fr\/136085\/","title":{"rendered":"Ce surprenant jardin secret aux portes de Lyon que m\u00eame les Lyonnais ignorent"},"content":{"rendered":"<p>            Par<br \/>\n        <strong><br \/>\n            <a href=\"https:\/\/actu.fr\/auteur\/pierrechemel\" title=\"Consulter tous les articles de Pierre Chemel\" rel=\"nofollow noopener\" target=\"_blank\">Pierre Chemel<\/a><br \/>\n        <\/strong><\/p>\n<p>        Publi\u00e9 le<\/p>\n<p>            29 mai 2025 \u00e0 7h18        <\/p>\n<p>\u00c0 quelques kilom\u00e8tres du centre-ville bouillonnant de <a href=\"https:\/\/actu.fr\/lyon\/\" rel=\"nofollow noopener\" target=\"_blank\">Lyon<\/a>, un <strong>lieu inattendu <\/strong>et hors du temps intrigue les promeneurs avertis : le <strong>jardin de rocailles de l\u2019Ermitage<\/strong>, \u00e0 <a href=\"https:\/\/actu.fr\/auvergne-rhone-alpes\/saint-cyr-au-mont-d-or_69191\" rel=\"nofollow noopener\" target=\"_blank\">Saint-Cyr-au-Mont d\u2019Or<\/a>. Perch\u00e9 dans l\u2019\u00e9crin de verdure du mont Cindre, ce curieux espace fait penser \u00e0 un <strong>d\u00e9cor de th\u00e9\u00e2tre min\u00e9ral<\/strong>. Escaliers sinueux, arches fantaisistes, bancs sculpt\u00e9s, fausses grottes et fontaines en pierre composent un labyrinthe po\u00e9tique, b\u00e2ti\u2026 \u00e0 la main.<\/p>\n<p class=\" wall-content\">L\u2019auteur de cette \u0153uvre \u00e9tonnante ? <strong>\u00c9mile Damidot<\/strong>, dit Fr\u00e8re Fran\u00e7ois, religieux des Fr\u00e8res des \u00c9coles chr\u00e9tiennes, qui s\u2019installe en ces lieux en 1878 jusqu\u2019\u00e0 sa mort en 1910. Inspir\u00e9 par le courant des jardins pittoresques et l\u2019art na\u00eff, il imagine une sorte de paradis terrestre, propice \u00e0 la m\u00e9ditation\u2026 et \u00e0 la d\u00e9ambulation.<\/p>\n<p>Un r\u00eave de ciment et de cailloux<\/p>\n<p class=\" wall-content\">Loin d\u2019\u00eatre un cas isol\u00e9, ce type de jardin s\u2019inscrit dans une \u00e9poque marqu\u00e9e par les cr\u00e9ations brutes et spontan\u00e9es. On pense bien s\u00fbr \u00e0 <strong>Ferdinand Cheval<\/strong>, facteur \u00e0 Hauterives dans la Dr\u00f4me, qui, au m\u00eame moment, <a href=\"https:\/\/actu.fr\/loisirs-culture\/pres-de-lyon-le-palais-du-facteur-cheval-est-en-lice-pour-devenir-le-monument-prefere-des-francais_34787547.html\" rel=\"nofollow noopener\" target=\"_blank\">\u00e9rige seul son palais id\u00e9al<\/a> avec des pierres ramass\u00e9es lors de ses tourn\u00e9es. Le parall\u00e8le est \u00e9vident : m\u00eame sens du d\u00e9tail, m\u00eame patience acharn\u00e9e, m\u00eame libert\u00e9 dans la forme.<\/p>\n<p class=\" wall-content\">\u00c0 Saint-Cyr-au-Mont d\u2019Or, Fr\u00e8re Fran\u00e7ois fa\u00e7onne pendant des ann\u00e9es ce jardin aux accents bibliques, dans le prolongement de l\u2019ermitage de Saint-Cyr, dont les premi\u00e8res traces remontent au 14e si\u00e8cle. Il utilise du <strong>ciment<\/strong> moul\u00e9, du <strong>mortier<\/strong>, des structures <strong>m\u00e9talliques<\/strong>, de la <strong>pierre<\/strong> <strong>calcaire<\/strong> locale. L\u2019ensemble servait aussi de lieu de processions religieuses, tr\u00e8s populaires \u00e0 l\u2019\u00e9poque. Des <strong>statues<\/strong> jalonnaient le parcours, comme un chemin de croix v\u00e9g\u00e9tal. Elles ont quasiment toutes disparu, victimes des intemp\u00e9ries, du vandalisme et de cambriolages.<\/p>\n<p class=\" wall-content\">Un sentier \u00ab balis\u00e9 \u00a0\u00bb\u00a0 grimpe toujours jusqu\u2019\u00e0 un calvaire en serpentant au milieu d\u2019une v\u00e9g\u00e9tation luxuriante : lavandes, m\u00e9lisses et romarins, m\u00ealent leur parfum aux roses, lys blancs, iris, buis et lauriers\u2026 Des <strong>petites chapelles<\/strong> se dressent, \u00e9l\u00e9gantes, avec leurs vitraux ench\u00e2ss\u00e9s dans des dentelles de mortier.<\/p>\n<p class=\" wall-content\">\n    <img   decoding=\"async\" loading=\"lazy\" src=\"https:\/\/www.europesays.com\/fr\/wp-content\/uploads\/2025\/05\/jardin-de-rocailles-lyon2-960x640.jpg\" alt=\"Construit par Fr\u00e8re Fran\u00e7ois au d\u00e9but du XXe si\u00e8cle, le jardin de rocailles de l\u2019Ermitage m\u00eale fantaisie, foi et nature. Un tr\u00e9sor cach\u00e9 \u00e0 Saint-Cyr-au-Mont d\u2019Or.\" width=\"960\" height=\"640\"\/><br \/>\n    Le calvaire du jardin de rocailles de l\u2019Ermitage, \u00e0 Saint-Cyr-au-Mont d\u2019Or, surplombe le jardin de rocailles et offre un tr\u00e8s beau panorama sur Lyon et les monts du Lyonnais. En dessous des grottes creus\u00e9es \u00e0 la main. (\u00a9Pierre Chemel \/ actu Lyon)<br \/>\n    <img   decoding=\"async\" loading=\"lazy\" src=\"https:\/\/www.europesays.com\/fr\/wp-content\/uploads\/2025\/05\/jardin-de-rocailles-lyon3-960x640.jpg\" alt=\"Construit par Fr\u00e8re Fran\u00e7ois au d\u00e9but du XXe si\u00e8cle, le jardin de rocailles de l\u2019Ermitage m\u00eale fantaisie, foi et nature. Un tr\u00e9sor cach\u00e9 \u00e0 Saint-Cyr-au-Mont d\u2019Or.\" width=\"960\" height=\"640\"\/><br \/>\n    Construit par Fr\u00e8re Fran\u00e7ois au d\u00e9but du XXe si\u00e8cle, le jardin de rocailles de l\u2019Ermitage m\u00eale fantaisie, foi et nature. Un tr\u00e9sor cach\u00e9 \u00e0 Saint-Cyr-au-Mont d\u2019Or. (\u00a9Pierre Chemel \/ actu Lyon)<\/p>\n<p>Un patrimoine discret mais vivant<\/p>\n<p class=\" wall-content\">Rest\u00e9 longtemps \u00e0 l\u2019abandon apr\u00e8s la fermeture de l\u2019ermitage dans les ann\u00e9es 1970, le jardin a \u00e9t\u00e9 <strong>restaur\u00e9<\/strong> pendant trois ans par la commune et des b\u00e9n\u00e9voles passionn\u00e9s. Aujourd\u2019hui, le site\u00a0est ouvert au public (<strong>visites sur r\u00e9servation<\/strong>) et offre un moment suspendu aux promeneurs. L\u2019ambiance y est <strong>unique<\/strong> : calme, myst\u00e9rieuse, un brin surann\u00e9e. Entre nature et rocaille, entre spiritualit\u00e9 et r\u00eaverie.<\/p>\n<p>    <img   decoding=\"async\" loading=\"lazy\" src=\"https:\/\/www.europesays.com\/fr\/wp-content\/uploads\/2025\/05\/lyon-vu-de-960x640.jpg\" alt=\"La vue sur Lyon est \u00e0 couper le souffle depuis le calvaire du jardin de rocailles de Saint-Cyr-au-Mont-d'Or.\" width=\"960\" height=\"640\"\/><br \/>\n    La vue sur Lyon est \u00e0 couper le souffle depuis le calvaire du jardin de rocailles de Saint-Cyr-au-Mont-d\u2019Or. (\u00a9Pierre Chemel \/ actu Lyon)<\/p>\n<p class=\" wall-content\">Encore peu connu, m\u00eame des Grands-Lyonnais, ce jardin m\u00e9rite le d\u00e9tour. Il t\u00e9moigne d\u2019une \u00e9poque o\u00f9 l\u2019imagination populaire trouvait des formes inattendues pour s\u2019exprimer, loin des mus\u00e9es et des grands noms de l\u2019art et de l\u2019architecture. Un <strong>petit bijou d\u2019art brut<\/strong>, \u00e0 d\u00e9couvrir entre amis ou en famille.<\/p>\n<p>L\u2019acc\u00e8s au site se fait uniquement en <a href=\"https:\/\/boutique.visiterlyon.com\/le-jardin-de-rocailles-de-l-ermitage.html\" rel=\"nofollow noopener\" target=\"_blank\">visites guid\u00e9es sur inscription<\/a>, de 14h30 \u00e0 17h, les samedis, dimanches et mercredis des vacances scolaires. Les visites libres sont interdites, en semaine comme le week-end. Tarifs : 8\u202f\u20ac\/adulte ; 4\u202f\u20ac pour les 6-18 ans.<\/p>\n<p class=\" wall-content\">Suivez toute l\u2019actualit\u00e9 de vos villes et m\u00e9dias favoris en vous inscrivant \u00e0 <a href=\"https:\/\/moncompte.actu.fr\" title=\"D\u00e9couvez Mon Actu\" rel=\"nofollow noopener\" data-trk=\"{&quot;cta&quot;:{&quot;action&quot;:&quot;https:\\\/\\\/moncompte.actu.fr&quot;,&quot;category&quot;:&quot;mon compte&quot;,&quot;from&quot;:&quot;article footer&quot;,&quot;name&quot;:&quot;Mon actu&quot;,&quot;type&quot;:&quot;cta&quot;}}\" target=\"_blank\">Mon Actu<\/a>.<\/p>\n","protected":false},"excerpt":{"rendered":"Par Pierre Chemel Publi\u00e9 le 29 mai 2025 \u00e0 7h18 \u00c0 quelques kilom\u00e8tres du centre-ville bouillonnant de Lyon,&hellip;\n","protected":false},"author":2,"featured_media":136086,"comment_status":"","ping_status":"","sticky":false,"template":"","format":"standard","meta":{"footnotes":""},"categories":[1889],"tags":[1111,11,2430,1777,674,1011,27,937,1652,2428,12,2551,4020,25],"class_list":{"0":"post-136085","1":"post","2":"type-post","3":"status-publish","4":"format-standard","5":"has-post-thumbnail","7":"category-lyon","8":"tag-actu","9":"tag-actualites","10":"tag-auvergne-rhone-alpes","11":"tag-eu","12":"tag-europe","13":"tag-fr","14":"tag-france","15":"tag-histoire","16":"tag-loisirs-culture","17":"tag-lyon","18":"tag-news","19":"tag-patrimoine","20":"tag-religion","21":"tag-republique-francaise"},"share_on_mastodon":{"url":"https:\/\/pubeurope.com\/@fr\/114589453777597077","error":""},"_links":{"self":[{"href":"https:\/\/www.europesays.com\/fr\/wp-json\/wp\/v2\/posts\/136085","targetHints":{"allow":["GET"]}}],"collection":[{"href":"https:\/\/www.europesays.com\/fr\/wp-json\/wp\/v2\/posts"}],"about":[{"href":"https:\/\/www.europesays.com\/fr\/wp-json\/wp\/v2\/types\/post"}],"author":[{"embeddable":true,"href":"https:\/\/www.europesays.com\/fr\/wp-json\/wp\/v2\/users\/2"}],"replies":[{"embeddable":true,"href":"https:\/\/www.europesays.com\/fr\/wp-json\/wp\/v2\/comments?post=136085"}],"version-history":[{"count":0,"href":"https:\/\/www.europesays.com\/fr\/wp-json\/wp\/v2\/posts\/136085\/revisions"}],"wp:featuredmedia":[{"embeddable":true,"href":"https:\/\/www.europesays.com\/fr\/wp-json\/wp\/v2\/media\/136086"}],"wp:attachment":[{"href":"https:\/\/www.europesays.com\/fr\/wp-json\/wp\/v2\/media?parent=136085"}],"wp:term":[{"taxonomy":"category","embeddable":true,"href":"https:\/\/www.europesays.com\/fr\/wp-json\/wp\/v2\/categories?post=136085"},{"taxonomy":"post_tag","embeddable":true,"href":"https:\/\/www.europesays.com\/fr\/wp-json\/wp\/v2\/tags?post=136085"}],"curies":[{"name":"wp","href":"https:\/\/api.w.org\/{rel}","templated":true}]}}