{"id":136087,"date":"2025-05-29T05:26:10","date_gmt":"2025-05-29T05:26:10","guid":{"rendered":"https:\/\/www.europesays.com\/fr\/136087\/"},"modified":"2025-05-29T05:26:10","modified_gmt":"2025-05-29T05:26:10","slug":"lagent-de-la-mairie-qui-avait-monte-une-entreprise-debarque-par-le-prefet","status":"publish","type":"post","link":"https:\/\/www.europesays.com\/fr\/136087\/","title":{"rendered":"l&rsquo;agent de la mairie qui avait mont\u00e9 une entreprise d\u00e9barqu\u00e9 par le pr\u00e9fet"},"content":{"rendered":"<p>            Par<br \/>\n        <strong><br \/>\n            <a href=\"https:\/\/actu.fr\/auteur\/redaction-seinesaintdenis\" title=\"Consulter tous les articles de R\u00e9daction Seine-Saint-Denis\" target=\"_blank\" rel=\"noopener\">R\u00e9daction Seine-Saint-Denis<\/a><br \/>\n        <\/strong><\/p>\n<p>        Publi\u00e9 le<\/p>\n<p>            29 mai 2025 \u00e0 7h16        <\/p>\n<p>Mehdi X., contractuel pour la commune de <strong>Bobigny<\/strong> depuis juin 2014, reconnu travailleur handicap\u00e9, avait \u00e9t\u00e9 recrut\u00e9 comme \u00ab\u00a0adjoint au chef du service des manifestations publiques\u00a0\u00bb en mars 2019 avant d\u2019\u00eatre finalement titularis\u00e9 \u00e0 ce poste par arr\u00eat\u00e9 du 12 mars 2020. Mais le <a href=\"https:\/\/actu.fr\/tag\/prefecture-de-seine-saint-denis\" target=\"_blank\" rel=\"noopener\">pr\u00e9fet de Seine-Saint-Denis<\/a> avait saisi le <a href=\"https:\/\/actu.fr\/tag\/tribunal-administratif-de-montreuil\" target=\"_blank\" rel=\"noopener\">tribunal administratif de Montreuil<\/a> pour faire annuler cette d\u00e9cision de St\u00e9phane de Paoli, le maire (UDI) de l\u2019\u00e9poque. \u00ab\u00a0La situation de cumul d\u2019emplois dans laquelle se trouve M. X fait obstacle \u00e0 sa titularisation\u00a0\u00bb, faisait-il valoir.<\/p>\n<p>Une affaire qui finit devant le Conseil d\u2019Etat<\/p>\n<p class=\" wall-content\">Trois mois apr\u00e8s avoir \u00e9t\u00e9 recrut\u00e9 \u00e0 son nouveau poste, l\u2019agent avait en effet cr\u00e9\u00e9 une entreprise de \u00ab\u00a0transports\u00a0routiers de frets interurbains\u00a0\u00bb\u00a0et n\u2019avait \u00ab\u00a0pas sollicit\u00e9\u00a0\u00bb d\u2019autorisation de sa hi\u00e9rarchie pour cumuler son emploi public et son job dans le priv\u00e9. Il n\u2019a pas\u00a0m\u00eame\u00a0\u00ab\u00a0d\u00e9clar\u00e9 cette activit\u00e9\u00a0\u00bb.<\/p>\n<p class=\" wall-content\">La loi pr\u00e9voit, pourtant, qu\u2019un \u00ab\u00a0fonctionnaire consacre l\u2019int\u00e9gralit\u00e9 de son activit\u00e9 professionnelle aux t\u00e2ches qui lui sont confi\u00e9es\u00a0\u00bb afin d\u2019\u00e9viter toute situation de \u00ab\u00a0conflit d\u2019int\u00e9r\u00eat\u00a0\u00bb et de garantir \u00ab\u00a0la disponibilit\u00e9 du fonctionnaire\u00a0\u00bb. \u00ab\u00a0Il ne peut exercer, \u00e0 titre professionnel, une activit\u00e9 priv\u00e9e lucrative de quelque nature que ce soit\u00a0\u00bb, dit la loi, m\u00eame si une \u00ab\u00a0d\u00e9rogation\u00a0\u00bb peut exceptionnellement \u00eatre accord\u00e9e par sa hi\u00e9rarchie<\/p>\n<p class=\" wall-content\">Si le tribunal administratif de Montreuil avait rejet\u00e9 la requ\u00eate du pr\u00e9fet en avril 2022, la cour administrative d\u2019appel de Paris avait finalement annul\u00e9 l\u2019arr\u00eat\u00e9 du maire de Bobigny en juillet 2023. Mehdi X. avait donc saisi le <a href=\"https:\/\/actu.fr\/tag\/conseil-d-etat\" target=\"_blank\" rel=\"noopener\">Conseil d\u2019\u00c9tat<\/a>, la plus haute juridiction administrative du pays, pour contester cet arr\u00eat.<\/p>\n<p>    <a href=\"https:\/\/email.publihebdos.com\/form?lid=Mqc7o19yVDtMEo2FE8aUtw2\" title=\"Ouvrie le lien\" target=\"_blank\" rel=\"noopener\">Cliquez ici pour visualiser le contenu<\/a><\/p>\n<p class=\" wall-content\">Le Conseil d\u2019\u00c9tat a rejet\u00e9 le pourvoi de l\u2019agent de la mairie.\u00a0<\/p>\n<p class=\" wall-content\">Dans un arr\u00eat en date du 21 mars 2025 qui vient d\u2019\u00eatre rendu public, le Conseil d\u2019\u00c9tat confirme que \u00ab\u00a0c\u2019est sans erreur de droit (\u2026) que la cour administrative d\u2019appel a jug\u00e9 que M. X.\u00a0 se trouvait (\u2026) en situation de cumul d\u2019activit\u00e9 non autoris\u00e9\u00a0\u00bb. Dans la mesure o\u00f9 il \u00e9tait d\u00e9j\u00e0 le dirigeant de son entreprise en mars 2020, il ne pouvait donc \u00eatre titularis\u00e9 comme \u00ab\u00a0adjoint territorial\u00a0\u00bb \u00e0 la ville de Bobigny.<\/p>\n<p class=\" wall-content\"><strong>MJ-PressPepper<\/strong><\/p>\n<p class=\" wall-content\">Suivez toute l\u2019actualit\u00e9 de vos villes et m\u00e9dias favoris en vous inscrivant \u00e0 <a href=\"https:\/\/moncompte.actu.fr\" title=\"D\u00e9couvez Mon Actu\" rel=\"nofollow noopener\" data-trk=\"{&quot;cta&quot;:{&quot;action&quot;:&quot;https:\\\/\\\/moncompte.actu.fr&quot;,&quot;category&quot;:&quot;mon compte&quot;,&quot;from&quot;:&quot;article footer&quot;,&quot;name&quot;:&quot;Mon actu&quot;,&quot;type&quot;:&quot;cta&quot;}}\" target=\"_blank\">Mon Actu<\/a>.<\/p>\n","protected":false},"excerpt":{"rendered":"Par R\u00e9daction Seine-Saint-Denis Publi\u00e9 le 29 mai 2025 \u00e0 7h16 Mehdi X., contractuel pour la commune de Bobigny&hellip;\n","protected":false},"author":2,"featured_media":136088,"comment_status":"","ping_status":"","sticky":false,"template":"","format":"standard","meta":{"footnotes":""},"categories":[1888],"tags":[1111,1928,11,1927,2760,1777,674,1011,27,12,1926,626,1925,7134,25,104,26199],"class_list":{"0":"post-136087","1":"post","2":"type-post","3":"status-publish","4":"format-standard","5":"has-post-thumbnail","7":"category-paris","8":"tag-actu","9":"tag-actu-paris","10":"tag-actualites","11":"tag-actualites-paris","12":"tag-conseil-detat","13":"tag-eu","14":"tag-europe","15":"tag-fr","16":"tag-france","17":"tag-news","18":"tag-news-paris","19":"tag-paris","20":"tag-paris-news","21":"tag-prefecture-de-seine-saint-denis","22":"tag-republique-francaise","23":"tag-societe","24":"tag-tribunal-administratif-de-montreuil"},"share_on_mastodon":{"url":"https:\/\/pubeurope.com\/@fr\/114589465525700515","error":""},"_links":{"self":[{"href":"https:\/\/www.europesays.com\/fr\/wp-json\/wp\/v2\/posts\/136087","targetHints":{"allow":["GET"]}}],"collection":[{"href":"https:\/\/www.europesays.com\/fr\/wp-json\/wp\/v2\/posts"}],"about":[{"href":"https:\/\/www.europesays.com\/fr\/wp-json\/wp\/v2\/types\/post"}],"author":[{"embeddable":true,"href":"https:\/\/www.europesays.com\/fr\/wp-json\/wp\/v2\/users\/2"}],"replies":[{"embeddable":true,"href":"https:\/\/www.europesays.com\/fr\/wp-json\/wp\/v2\/comments?post=136087"}],"version-history":[{"count":0,"href":"https:\/\/www.europesays.com\/fr\/wp-json\/wp\/v2\/posts\/136087\/revisions"}],"wp:featuredmedia":[{"embeddable":true,"href":"https:\/\/www.europesays.com\/fr\/wp-json\/wp\/v2\/media\/136088"}],"wp:attachment":[{"href":"https:\/\/www.europesays.com\/fr\/wp-json\/wp\/v2\/media?parent=136087"}],"wp:term":[{"taxonomy":"category","embeddable":true,"href":"https:\/\/www.europesays.com\/fr\/wp-json\/wp\/v2\/categories?post=136087"},{"taxonomy":"post_tag","embeddable":true,"href":"https:\/\/www.europesays.com\/fr\/wp-json\/wp\/v2\/tags?post=136087"}],"curies":[{"name":"wp","href":"https:\/\/api.w.org\/{rel}","templated":true}]}}