{"id":136101,"date":"2025-05-29T05:34:13","date_gmt":"2025-05-29T05:34:13","guid":{"rendered":"https:\/\/www.europesays.com\/fr\/136101\/"},"modified":"2025-05-29T05:34:13","modified_gmt":"2025-05-29T05:34:13","slug":"celine-et-lallemagne-une-salutaire-mise-au-point-dalain-de-benoist","status":"publish","type":"post","link":"https:\/\/www.europesays.com\/fr\/136101\/","title":{"rendered":"C\u00e9line et l\u2019Allemagne, une salutaire mise au point d&rsquo;Alain de Benoist"},"content":{"rendered":"<p style=\"text-align: justify;\">Tr\u00e8s heureuse initiative que viennent d\u2019avoir <a href=\"https:\/\/www.breizh-info.com\/2025\/03\/12\/244645\/alain-de-benoist-trump-usa-2\/\" target=\"_blank\" rel=\"noopener\">Alain de Benoist<\/a> et la Soci\u00e9t\u00e9 des Lecteurs de C\u00e9line (SLC), en publiant C\u00e9line et l\u2019Allemagne 1933-1945, une mise au point, dans le cadre d\u2019une nouvelle \u00e9dition revue et augment\u00e9e. Une premi\u00e8re parution avait eu lieu en 1996, dans Le bulletin c\u00e9linien, totalement \u00e9puis\u00e9e depuis. Cet ouvrage fort opportun, d\u2019une \u00e9rudition remarquable mais jamais pesante, est particuli\u00e8rement bienvenu.<\/p>\n<p style=\"text-align: justify;\">On connait les contacts \u00e9troits de Louis Ferdinand Destouches avec l\u2019Allemagne, puisque tr\u00e8s jeune, il y fit plusieurs s\u00e9jours assez prolong\u00e9s dans les ann\u00e9es 1907\/1908, en vue de se familiariser avec la langue de Goethe et au commerce, ce \u00e0 quoi le destinaient ses parents. Il y retournera aussi \u00e0 plusieurs reprises, \u00e0 la fin des ann\u00e9es 1920, notamment apr\u00e8s avoir quitt\u00e9 ses fonctions au sein de la SDN, et pendant la seconde guerre mondiale. Et bien s\u00fbr, il y a l\u2019\u00e9pisode de Sigmaringen et de la travers\u00e9e de l\u2019Allemagne en feu, qui fera l\u2019objet apr\u00e8s-guerre, d\u2019une trilogie c\u00e9l\u00e8bre dont d\u2019un ch\u00e2teau l\u2019autre.<\/p>\n<p style=\"text-align: justify;\">On connait aussi l\u2019int\u00e9r\u00eat majeur d\u2019Alain de Benoist pour l\u2019Allemagne, ses \u00e9crivains, ses philosophes, son admiration pour Ernst J\u00fcnger et les tenants de la r\u00e9volution conservatrice allemande, qu\u2019il a fait d\u00e9couvrir au public fran\u00e7ais. Son livre refl\u00e8te presque \u00e0 chaque ligne, les contacts tr\u00e8s \u00e9troits qu\u2019il a entretenus et entretient toujours avec nombre d\u2019acteurs de la pens\u00e9e et de la m\u00e9tapolitique allemande, facilit\u00e9s par le fait qu\u2019il parle parfaitement la langue de Schiller. Nul plus que lui ne pouvait nous donner un texte aussi riche, aussi complet, aussi pr\u00e9cis.<\/p>\n<p style=\"text-align: justify;\">L\u2019histoire des relations plus que compliqu\u00e9es et erratiques entre C\u00e9line et l\u2019Allemagne, l\u2019Allemagne et C\u00e9line, d\u00e9cortiqu\u00e9e par Alain de Benoist, d\u00e9montre magistralement qu\u2019un grand intellectuel de chez nous, peut nous exposer une vision non id\u00e9ologiquement correcte de cette p\u00e9riode de temps qui court de la parution du voyage au bout de la nuit (1932), \u00e0 1945. L\u2019un des grands int\u00e9r\u00eats de l\u2019ouvrage, est qu\u2019il est d\u00e9barrass\u00e9 de toutes les scories habituelles et anachroniques, -de l\u2019arriv\u00e9e du national-socialisme en janvier 1933, jusqu\u2019\u00e0 la fin de la guerre-, qui polluent bien des \u00e9tudes sur cette p\u00e9riode, par un manich\u00e9isme \u00e9troit et un historiquement correct des plus d\u00e9testable.<\/p>\n<p style=\"text-align: justify;\">La relation lumineuse que nous donne Alain de Benoist, est aussi l\u2019occasion de d\u00e9couvrir ou de red\u00e9couvrir l\u2019intensit\u00e9 des liens intellectuels qui existaient alors entre la France et l\u2019Allemagne, avant et apr\u00e8s l\u2019arriv\u00e9e de Hitler au pouvoir. Alain de Benoist nous rem\u00e9more les actions des pacifistes fran\u00e7ais et allemands avant-guerre, avec Otto Abetz et les membres du Cercle de Sohlberg, o\u00f9 l\u2019on retrouvera du c\u00f4t\u00e9 fran\u00e7ais, Jean Luchaire, Bertrand de Jouvenel, Pierre Brossolette, Alphonse de Chateaubriant et bien d\u2019autres. On en reverra beaucoup dans la collaboration, d\u2019aucuns dans la r\u00e9sistance. Ce mouvement pacifiste europ\u00e9en et ses prolongements, seront au c\u0153ur des connexions si particuli\u00e8res entre C\u00e9line, l\u2019Allemagne et certains Allemands.<\/p>\n<p style=\"text-align: justify;\"><img fetchpriority=\"high\" decoding=\"async\" class=\"alignnone size-full wp-image-247414\" src=\"data:image\/svg+xml,%3Csvg%20xmlns=\" http:=\"\" alt=\"\" width=\"514\" height=\"785\" data-lazy- data-lazy- data-lazy-src=\"https:\/\/www.europesays.com\/fr\/wp-content\/uploads\/2025\/05\/celine.webp.webp\"\/><\/p>\n<p style=\"text-align: justify;\">Alain de Benoist revient aussi, sur le tr\u00e8s important Institut allemand \u00e0 Paris, qui avec son directeur Karl Epting, grand admirateur de C\u00e9line, joua une partition consid\u00e9rable dans la tentative de rapprocher \u00e9crivains fran\u00e7ais et allemands entre 1940 et 1944. \u00c0 cette \u00e9poque, Paris \u00e9tait toujours le centre du monde intellectuel et litt\u00e9raire, et le livre d\u2019Alain de Benoist le fait magnifiquement ressortir. Il nous narre les rivalit\u00e9s qui pouvaient exister entre l\u2019Institut allemand, les services de Goebbels, les militaires, la SS, gr\u00e2ce \u00e0 un rapport \u00e9tabli en 1942 par un d\u00e9nomm\u00e9 Bernhard Payr, l\u2019un des proches collaborateurs d\u2019Alfred Rosenberg, qui met en pi\u00e8ces l\u2019Institut allemand, trop lib\u00e9ral et trop francophile \u00e0 son go\u00fbt.<\/p>\n<p style=\"text-align: justify;\">Alain de Benoist nous apporte de pr\u00e9cieuses pr\u00e9cisions et rectifications sur le r\u00f4le du Welt-Dienst (Service mondial) repris en 1937 par Alfred Rosenberg\u00a0; sur un homme que sans doute tr\u00e8s peu de fran\u00e7ais connaissent, Arthur S. Pfannstiel, un sp\u00e9cialiste de Modigliani, qui fut peut-\u00eatre le seul ami allemand de C\u00e9line, avec Karl Epting, et qui est une sorte de fil conducteur dans les corr\u00e9lations entre C\u00e9line et l\u2019Allemagne. Au fil des pages, l\u2019auteur d\u00e9monte les incoh\u00e9rences, les erreurs voire les vilenies des accusations de certains de ceux qui ont cru devoir brosser les liens entre C\u00e9line et les Allemands. Et m\u00eame de grands biographes de C\u00e9line ont commis des erreurs ou \u00e9crit des inexactitudes, Alain de Benoist les corrige impitoyablement, d\u2019autant que la plupart des biographes de C\u00e9line se sont en r\u00e9alit\u00e9 peu int\u00e9ress\u00e9s au probl\u00e8me de \u00ab\u00a0sa r\u00e9ception\u00a0\u00bb outre-Rhin. Visiblement, Alain de Benoist a eu des documents et des t\u00e9moignages de premi\u00e8res mains, dont celui de Fr\u00e9d\u00e9ric Pfannstiel, le fils d\u2019Arthur, qui renforcent l\u2019int\u00e9r\u00eat de cette republication.<\/p>\n<p style=\"text-align: justify;\">Bien des id\u00e9es re\u00e7ues sont an\u00e9anties par Alain de Benoist, que ce soit la probl\u00e9matique des traductions des livres de C\u00e9line en allemand, que ce soit ses diverses relations avec de nombreux protagonistes de cette p\u00e9riode. En d\u00e9finitive, comme il le souligne\u00a0: \u00ab\u00a0Lui-m\u00eame (C\u00e9line), n\u2019avait cependant gu\u00e8re d\u2019affinit\u00e9s avec les Allemands, lesquels le lui ont bien rendu\u00a0\u00bb, et, \u00ab\u00a0son \u0153uvre \u00e0 cette \u00e9poque est rest\u00e9e largement ignor\u00e9e outre-Rhin\u00a0\u00bb.<\/p>\n<p style=\"text-align: justify;\">Tous les c\u00e9linophiles doivent imp\u00e9rativement lire ce livre, mais pas qu\u2019eux. Tous ceux qui s\u2019int\u00e9ressent \u00e0 l\u2019Histoire de l\u2019Allemagne de l\u2019apr\u00e8s premi\u00e8re guerre mondiale jusqu\u2019en 1945, y apprendront au d\u00e9tour des pages, \u00e9norm\u00e9ment de choses, notamment sur les structures de certaines organisations nationales-socialistes, si complexes et entrem\u00eal\u00e9es, et si souvent ignor\u00e9es des meilleurs sp\u00e9cialistes. Alain de Benoist a aussi le don de recadrer le contexte de cette \u00e9poque, et c\u2019est passionnant. Les notes sont d\u2019une importance consid\u00e9rable, leurs densit\u00e9s ont sans doute fait qu\u2019elles ne pouvaient pas \u00eatre imprim\u00e9es en bas de chaque page.<\/p>\n<p style=\"text-align: justify;\">Alain de Benoist, C\u00e9line et l\u2019Allemagne, 1933-1945, Une mise au point, Nouvelle \u00e9dition revue et augment\u00e9e, Soci\u00e9t\u00e9 des Lecteurs de C\u00e9line, S.L.C \u00e9ditions, mars 2025, 157 pages, 28 euros. <\/p>\n<p style=\"text-align: justify;\"><strong>Article transmis \u00e0 la r\u00e9daction et r\u00e9dig\u00e9 par <a href=\"https:\/\/www.breizh-info.com\/2025\/03\/19\/244903\/dans-un-livre-choc-michel-festivi-denonce-les-trahisons-des-gauches-espagnoles-de-1930-a-1936-interview\/\" target=\"_blank\" rel=\"noopener\">Michel Festivi<\/a><\/strong><\/p>\n<p class=\"p2\" style=\"text-align: justify;\">Cr\u00e9dit photo : DR<\/p>\n<p class=\"p1\" style=\"text-align: justify;\">[cc]\u00a0<a href=\"http:\/\/breizh-info.com\/\" target=\"_blank\" rel=\"noopener\">Breizh-info.com<\/a>, 2025, d\u00e9p\u00eaches libres de copie et de diffusion sous r\u00e9serve de mention et de lien vers la source d\u2019origine<\/p>\n","protected":false},"excerpt":{"rendered":"Tr\u00e8s heureuse initiative que viennent d\u2019avoir Alain de Benoist et la Soci\u00e9t\u00e9 des Lecteurs de C\u00e9line (SLC), en&hellip;\n","protected":false},"author":2,"featured_media":136102,"comment_status":"","ping_status":"","sticky":false,"template":"","format":"standard","meta":{"footnotes":""},"categories":[1587],"tags":[11,26200,672,1804,6859,26201,1805,1803,1777,674,1801,12,1802],"class_list":{"0":"post-136101","1":"post","2":"type-post","3":"status-publish","4":"format-standard","5":"has-post-thumbnail","7":"category-allemagne","8":"tag-actualites","9":"tag-alain-de-benoist","10":"tag-allemagne","11":"tag-bundesrepublik-deutschland","12":"tag-celine","13":"tag-celine-et-lallemagne","14":"tag-de","15":"tag-deutschland","16":"tag-eu","17":"tag-europe","18":"tag-germany","19":"tag-news","20":"tag-republique-federale-dallemagne"},"share_on_mastodon":{"url":"https:\/\/pubeurope.com\/@fr\/114589497186403548","error":""},"_links":{"self":[{"href":"https:\/\/www.europesays.com\/fr\/wp-json\/wp\/v2\/posts\/136101","targetHints":{"allow":["GET"]}}],"collection":[{"href":"https:\/\/www.europesays.com\/fr\/wp-json\/wp\/v2\/posts"}],"about":[{"href":"https:\/\/www.europesays.com\/fr\/wp-json\/wp\/v2\/types\/post"}],"author":[{"embeddable":true,"href":"https:\/\/www.europesays.com\/fr\/wp-json\/wp\/v2\/users\/2"}],"replies":[{"embeddable":true,"href":"https:\/\/www.europesays.com\/fr\/wp-json\/wp\/v2\/comments?post=136101"}],"version-history":[{"count":0,"href":"https:\/\/www.europesays.com\/fr\/wp-json\/wp\/v2\/posts\/136101\/revisions"}],"wp:featuredmedia":[{"embeddable":true,"href":"https:\/\/www.europesays.com\/fr\/wp-json\/wp\/v2\/media\/136102"}],"wp:attachment":[{"href":"https:\/\/www.europesays.com\/fr\/wp-json\/wp\/v2\/media?parent=136101"}],"wp:term":[{"taxonomy":"category","embeddable":true,"href":"https:\/\/www.europesays.com\/fr\/wp-json\/wp\/v2\/categories?post=136101"},{"taxonomy":"post_tag","embeddable":true,"href":"https:\/\/www.europesays.com\/fr\/wp-json\/wp\/v2\/tags?post=136101"}],"curies":[{"name":"wp","href":"https:\/\/api.w.org\/{rel}","templated":true}]}}