{"id":136150,"date":"2025-05-29T06:03:36","date_gmt":"2025-05-29T06:03:36","guid":{"rendered":"https:\/\/www.europesays.com\/fr\/136150\/"},"modified":"2025-05-29T06:03:36","modified_gmt":"2025-05-29T06:03:36","slug":"pres-de-lyon-un-stephanois-interpelle-avec-300-kilos-de-cannabis-sur-lautoroute","status":"publish","type":"post","link":"https:\/\/www.europesays.com\/fr\/136150\/","title":{"rendered":"Pr\u00e8s de Lyon : un St\u00e9phanois interpell\u00e9 avec 300 kilos de cannabis sur l&rsquo;autoroute"},"content":{"rendered":"<p>Une importante saisie de drogue a eu lieu dans la nuit du 22 au 23 mai sur l&rsquo;A42. Un homme de 30 ans, originaire de Saint-\u00c9tienne, a \u00e9t\u00e9 interpell\u00e9.<\/p>\n<p>Une saisie rare dans l&rsquo;Ain !<\/p>\n<p>Dans la nuit de jeudi 22 \u00e0 vendredi 23 mai, un homme, originaire de <b>Saint-\u00c9tienne,<\/b> a \u00e9t\u00e9 interpell\u00e9 sur une aire de repos sur l&rsquo;A42, \u00e0 hauteur de\u00a0<b>Dagneux (Ain).<\/b><\/p>\n<p>D&rsquo;apr\u00e8s <a class=\"url\" href=\"https:\/\/www.bfmtv.com\/lyon\/ain-un-trentenaire-interpelle-avec-300-kg-de-cannabis-sur-une-aire-d-autoroute_AN-202505260263.html\" target=\"_blank\" rel=\"noopener\">BFM Lyon<\/a>, le suspect de <b>30 ans<\/b> circulait \u00e0 bord d&rsquo;un <b>v\u00e9hicule vol\u00e9<\/b>\u00a0muni de <b>fausses plaques d&rsquo;immatriculation. <\/b>\u00c0 bord,<b>\u00a0<\/b><b>300 kilos de cannabis <\/b>ont \u00e9t\u00e9 d\u00e9couverts.<\/p>\n<p>Selon les premi\u00e8res investigations, le trentenaire est soup\u00e7onn\u00e9 d&rsquo;avoir r\u00e9alis\u00e9 <b>plusieurs livraisons de drogue entre l&rsquo;Espagne et la r\u00e9gion, <\/b>dont six seulement durant le\u00a0mois de mai 2025.<\/p>\n<p>Jug\u00e9 en comparution imm\u00e9diate<\/p>\n<p>Le suspect est pr\u00e9sent\u00e9 en <b>comparution imm\u00e9diate<\/b> ce lundi <b>26 mai <\/b>devant le <b>tribunal correctionnel de Saint-\u00c9tienne.\u00a0<\/b><\/p>\n<p>Il risque une <b>lourde peine <\/b>en raison du <b>volume important de stup\u00e9fiants<\/b> transport\u00e9 et de la <b>r\u00e9currence des faits.<\/b><br \/><b><br \/><\/b><\/p>\n<p><img loading=\"lazy\" decoding=\"async\" src=\"https:\/\/www.europesays.com\/fr\/wp-content\/uploads\/2025\/05\/1748498616_641_img\" width=\"350\" height=\"200\" border=\"0\" title=\"Des embouteillages, trafic compliqu\u00c3\u00a9\"\/><\/p>\n<p>\u25baTrafic<\/p>\n<p style=\"font-size: 22px;\"><b>Ascension : les pr\u00e9visions de trafic pour ce week-end prolong\u00e9<\/b><\/p>\n<p>La circulation s&rsquo;annonce perturb\u00e9e pour le week-end&#8230;<\/p>\n<p><\/p>\n","protected":false},"excerpt":{"rendered":"Une importante saisie de drogue a eu lieu dans la nuit du 22 au 23 mai sur l&rsquo;A42.&hellip;\n","protected":false},"author":2,"featured_media":136151,"comment_status":"","ping_status":"","sticky":false,"template":"","format":"standard","meta":{"footnotes":""},"categories":[9653],"tags":[25366,1111,11,2738,2430,25365,25364,1777,674,1011,27,2428,12,25,9920,4001],"class_list":{"0":"post-136150","1":"post","2":"type-post","3":"status-publish","4":"format-standard","5":"has-post-thumbnail","7":"category-saint-etienne","8":"tag-300-kg-cannabis","9":"tag-actu","10":"tag-actualites","11":"tag-ain","12":"tag-auvergne-rhone-alpes","13":"tag-cannabis-ain","14":"tag-dagneux","15":"tag-eu","16":"tag-europe","17":"tag-fr","18":"tag-france","19":"tag-lyon","20":"tag-news","21":"tag-republique-francaise","22":"tag-saint-tienne","23":"tag-saint-etienne"},"share_on_mastodon":{"url":"https:\/\/pubeurope.com\/@fr\/114589611139975991","error":""},"_links":{"self":[{"href":"https:\/\/www.europesays.com\/fr\/wp-json\/wp\/v2\/posts\/136150","targetHints":{"allow":["GET"]}}],"collection":[{"href":"https:\/\/www.europesays.com\/fr\/wp-json\/wp\/v2\/posts"}],"about":[{"href":"https:\/\/www.europesays.com\/fr\/wp-json\/wp\/v2\/types\/post"}],"author":[{"embeddable":true,"href":"https:\/\/www.europesays.com\/fr\/wp-json\/wp\/v2\/users\/2"}],"replies":[{"embeddable":true,"href":"https:\/\/www.europesays.com\/fr\/wp-json\/wp\/v2\/comments?post=136150"}],"version-history":[{"count":0,"href":"https:\/\/www.europesays.com\/fr\/wp-json\/wp\/v2\/posts\/136150\/revisions"}],"wp:featuredmedia":[{"embeddable":true,"href":"https:\/\/www.europesays.com\/fr\/wp-json\/wp\/v2\/media\/136151"}],"wp:attachment":[{"href":"https:\/\/www.europesays.com\/fr\/wp-json\/wp\/v2\/media?parent=136150"}],"wp:term":[{"taxonomy":"category","embeddable":true,"href":"https:\/\/www.europesays.com\/fr\/wp-json\/wp\/v2\/categories?post=136150"},{"taxonomy":"post_tag","embeddable":true,"href":"https:\/\/www.europesays.com\/fr\/wp-json\/wp\/v2\/tags?post=136150"}],"curies":[{"name":"wp","href":"https:\/\/api.w.org\/{rel}","templated":true}]}}