{"id":136177,"date":"2025-05-29T06:22:08","date_gmt":"2025-05-29T06:22:08","guid":{"rendered":"https:\/\/www.europesays.com\/fr\/136177\/"},"modified":"2025-05-29T06:22:08","modified_gmt":"2025-05-29T06:22:08","slug":"aucun-train-ne-circule-entre-nice-et-monaco-pendant-24h-voici-pourquoi","status":"publish","type":"post","link":"https:\/\/www.europesays.com\/fr\/136177\/","title":{"rendered":"Aucun train ne circule entre Nice et Monaco pendant 24h, voici pourquoi"},"content":{"rendered":"<p>            Par<br \/>\n        <strong><br \/>\n            <a href=\"https:\/\/actu.fr\/auteur\/ugo-maillard\" title=\"Consulter tous les articles de Ugo Maillard\" rel=\"nofollow noopener\" target=\"_blank\">Ugo Maillard<\/a><br \/>\n        <\/strong><\/p>\n<p>        Publi\u00e9 le<\/p>\n<p>            29 mai 2025 \u00e0 8h16        <\/p>\n<p>Il va falloir anticiper ses d\u00e9placements. La SNCF a indiqu\u00e9 qu\u2019aucun train ne circulera, ce samedi 31\u00a0mai 2025, <strong>entre Nice et Monaco<\/strong>.<\/p>\n<p class=\" wall-content\">Une interruption du trafic due \u00e0 des travaux pour finaliser le raccordement au r\u00e9seau ferr\u00e9 national du Technicentre r\u00e9gional de Nice-Ville.<\/p>\n<p class=\" wall-content\">\u00c0 noter qu\u2019une autre ligne des <a href=\"https:\/\/actu.fr\/provence-alpes-cote-d-azur\/alpes-maritimes_06\" rel=\"nofollow noopener\" target=\"_blank\">Alpes-Maritimes<\/a> sera perturb\u00e9e durant la journ\u00e9e de samedi, celle qui relie Nice et Drap.<\/p>\n<p>    <a href=\"https:\/\/www.google.com\/maps\/embed?pb=!1m18!1m12!1m3!1d63331.967076300665!2d7.293490132268357!3d43.77455791126283!2m3!1f0!2f0!3f0!3m2!1i1024!2i768!4f13.1!3m3!1m2!1s0x12cdc46e487a85f1%3A0x40819a5fd979c90!2sDrap!5e0!3m2!1sfr!2sfr!4v1748262464622!5m2!1sfr!2sfr\" title=\"Ouvrie le lien\" rel=\"nofollow noopener\" target=\"_blank\">Cliquez ici pour visualiser le contenu<\/a><\/p>\n<p class=\" wall-content\">Voici les d\u00e9tails communiqu\u00e9s \u00e0 <a href=\"https:\/\/actu.fr\/nice\/\" rel=\"nofollow noopener\" target=\"_blank\">actu Nice<\/a>.<\/p>\n<p>Vid\u00e9os : en ce moment sur ActuDes bus de substitution<\/p>\n<p class=\" wall-content\">La SNCF a d\u00e9taill\u00e9 les perturbations \u00e0 pr\u00e9voir sur l\u2019axe Cannes \u2013 Nice \u2013 Monaco \u2013 Vintimille\u2009:<\/p>\n<ul class=\" wall-content\">\n<li>Interrompue totalement entre Nice-Ville et Monaco.<\/li>\n<li>Adapt\u00e9e entre Monaco et Vintimille, soit 2 trains par heure et par sens au lieu de 4.<\/li>\n<li>Normale entre Cannes et Nice-Ville toute la journ\u00e9e.<\/li>\n<\/ul>\n<p class=\" wall-content\">\u00ab\u2009Les voyageurs sont invit\u00e9s \u00e0 se reporter sur les lignes de bus ZOU\u2009! L600 et L601 Noctambus entre Menton \u2013 Monaco \u2013 Nice\u2009\u00bb, pr\u00e9cisent les services de la SNCF.<\/p>\n<p class=\" wall-content\">Les abonn\u00e9s Train\/ZOU\u2009! pourront <strong>emprunter gratuitement<\/strong> ces lignes de bus.<\/p>\n<p class=\" wall-content\">Suivez toute l\u2019actualit\u00e9 de vos villes et m\u00e9dias favoris en vous inscrivant \u00e0 <a href=\"https:\/\/moncompte.actu.fr\" title=\"D\u00e9couvez Mon Actu\" rel=\"nofollow noopener\" data-trk=\"{&quot;cta&quot;:{&quot;action&quot;:&quot;https:\\\/\\\/moncompte.actu.fr&quot;,&quot;category&quot;:&quot;mon compte&quot;,&quot;from&quot;:&quot;article footer&quot;,&quot;name&quot;:&quot;Mon actu&quot;,&quot;type&quot;:&quot;cta&quot;}}\" target=\"_blank\">Mon Actu<\/a>.<\/p>\n","protected":false},"excerpt":{"rendered":"Par Ugo Maillard Publi\u00e9 le 29 mai 2025 \u00e0 8h16 Il va falloir anticiper ses d\u00e9placements. La SNCF&hellip;\n","protected":false},"author":2,"featured_media":136178,"comment_status":"","ping_status":"","sticky":false,"template":"","format":"standard","meta":{"footnotes":""},"categories":[2819],"tags":[1111,11,1777,674,1011,27,12,2401,882,25,2215,104],"class_list":{"0":"post-136177","1":"post","2":"type-post","3":"status-publish","4":"format-standard","5":"has-post-thumbnail","7":"category-nice","8":"tag-actu","9":"tag-actualites","10":"tag-eu","11":"tag-europe","12":"tag-fr","13":"tag-france","14":"tag-news","15":"tag-nice","16":"tag-provence-alpes-cote-dazur","17":"tag-republique-francaise","18":"tag-sncf","19":"tag-societe"},"share_on_mastodon":{"url":"https:\/\/pubeurope.com\/@fr\/114589685714913793","error":""},"_links":{"self":[{"href":"https:\/\/www.europesays.com\/fr\/wp-json\/wp\/v2\/posts\/136177","targetHints":{"allow":["GET"]}}],"collection":[{"href":"https:\/\/www.europesays.com\/fr\/wp-json\/wp\/v2\/posts"}],"about":[{"href":"https:\/\/www.europesays.com\/fr\/wp-json\/wp\/v2\/types\/post"}],"author":[{"embeddable":true,"href":"https:\/\/www.europesays.com\/fr\/wp-json\/wp\/v2\/users\/2"}],"replies":[{"embeddable":true,"href":"https:\/\/www.europesays.com\/fr\/wp-json\/wp\/v2\/comments?post=136177"}],"version-history":[{"count":0,"href":"https:\/\/www.europesays.com\/fr\/wp-json\/wp\/v2\/posts\/136177\/revisions"}],"wp:featuredmedia":[{"embeddable":true,"href":"https:\/\/www.europesays.com\/fr\/wp-json\/wp\/v2\/media\/136178"}],"wp:attachment":[{"href":"https:\/\/www.europesays.com\/fr\/wp-json\/wp\/v2\/media?parent=136177"}],"wp:term":[{"taxonomy":"category","embeddable":true,"href":"https:\/\/www.europesays.com\/fr\/wp-json\/wp\/v2\/categories?post=136177"},{"taxonomy":"post_tag","embeddable":true,"href":"https:\/\/www.europesays.com\/fr\/wp-json\/wp\/v2\/tags?post=136177"}],"curies":[{"name":"wp","href":"https:\/\/api.w.org\/{rel}","templated":true}]}}