{"id":136212,"date":"2025-05-29T06:41:08","date_gmt":"2025-05-29T06:41:08","guid":{"rendered":"https:\/\/www.europesays.com\/fr\/136212\/"},"modified":"2025-05-29T06:41:08","modified_gmt":"2025-05-29T06:41:08","slug":"marco-rubio-demande-au-chef-de-la-diplomatie-russe-de-negocier-de-bonne-foi-avec-kiev","status":"publish","type":"post","link":"https:\/\/www.europesays.com\/fr\/136212\/","title":{"rendered":"Marco Rubio demande au chef de la diplomatie russe de n\u00e9gocier \u00abde bonne foi\u00bb avec Kiev"},"content":{"rendered":"<p>Le secr\u00e9taire d\u2019\u00c9tat am\u00e9ricain s\u2019est entretenu hier avec son homologue russe Sergue\u00ef Lavrov alors que des pourparlers russo-ukrainiens pourraient \u00eatre organis\u00e9s lundi prochain \u00e0 Istanbul.<\/p>\n<p class=\"fig-paragraph\">Le secr\u00e9taire d&rsquo;\u00c9tat am\u00e9ricain\u00a0<a href=\"http:\/\/www.lefigaro.fr\/international\/rubio-dit-qu-il-va-revoquer-activement-des-visas-d-etudiants-chinois-20250529\" data-fig-type=\"NewsFlash\" data-gtm-custom-categorie=\"navigation\" data-gtm-custom-action=\"crossclick\" data-gtm-custom-label=\"Contextuel\" data-gtm-event=\"customEventSPE\" data-fig-domain=\"LEFIGARO\" rel=\"nofollow noopener\" target=\"_blank\">Marco Rubio<\/a>\u00a0a appel\u00e9 mercredi\u00a0<a href=\"http:\/\/www.lefigaro.fr\/flash-actu\/guerre-en-ukraine-pres-de-150-drones-interceptes-par-la-russie-dans-la-nuit-20250528\" target=\"_blank\" data-fig-type=\"NewsFlash\" rel=\"noopener nofollow\" data-gtm-custom-categorie=\"navigation\" data-gtm-custom-action=\"crossclick\" data-gtm-custom-label=\"Contextuel\" data-gtm-event=\"customEventSPE\" data-fig-domain=\"LEFIGARO\">Moscou<\/a>\u00a0\u00e0 s&rsquo;engager dans des n\u00e9gociations \u00abde bonne foi\u00bb avec l&rsquo;Ukraine, lors d&rsquo;un appel avec son homologue russe Sergue\u00ef Lavrov, selon la porte-parole du d\u00e9partement d&rsquo;\u00c9tat. Le chef de la diplomatie am\u00e9ricaine a r\u00e9it\u00e9r\u00e9 aupr\u00e8s du ministre russe des Affaires \u00e9trang\u00e8res l&rsquo;appel de\u00a0<a href=\"http:\/\/www.lefigaro.fr\/international\/elon-musk-confirme-son-depart-du-gouvernement-trump-20250529\" data-fig-type=\"NewsFlash\" data-gtm-custom-categorie=\"navigation\" data-gtm-custom-action=\"crossclick\" data-gtm-custom-label=\"Contextuel\" data-gtm-event=\"customEventSPE\" data-fig-domain=\"LEFIGARO\" rel=\"nofollow noopener\" target=\"_blank\">Donald Trump<\/a>\u00a0\u00e0 \u00abun dialogue constructif et de bonne foi avec l&rsquo;Ukraine, seul moyen de mettre fin \u00e0 cette guerre\u00bb, a affirm\u00e9 Tammy Bruce dans un communiqu\u00e9.<\/p>\n<p class=\"fig-paragraph\">Le chef de la diplomatie russe Sergue\u00ef Lavrov a de son c\u00f4t\u00e9 expliqu\u00e9 \u00e0 son homologue am\u00e9ricain comment son pays entendait entamer des discussions avec les Ukrainiens en Turquie, selon le minist\u00e8re russe des Affaires \u00e9trang\u00e8res. L\u2019Ukraine s\u2019est dite pr\u00eate mercredi \u00e0 des pourparlers \u00e0 Istanbul avec la Russie lundi, si Moscou, \u00e0 qui revient cette initiative, fournit \u00e0 l\u2019avance ses conditions en vue d\u2019une paix pour que la rencontre donne des r\u00e9sultats.<\/p>\n<p class=\"fig-paragraph\">La Russie a en effet propos\u00e9 mercredi \u00e0 l\u2019Ukraine une deuxi\u00e8me s\u00e9ance de pourparlers directs \u00e0 Istanbul afin de lui transmettre un \u00abm\u00e9morandum\u00bb cens\u00e9 exposer ses conditions afin de parvenir \u00e0 un accord de paix durable. Et ce, apr\u00e8s que le pr\u00e9sident am\u00e9ricain Donald Trump eut adopt\u00e9 ces derniers jours un ton plus dur \u00e0 l\u2019\u00e9gard de son homologue russe<a href=\"http:\/\/www.lefigaro.fr\/international\/guerre-en-ukraine-donald-trump-accuse-vladimir-poutine-de-jouer-avec-le-feu-20250527\" target=\"_blank\" data-fig-type=\"NewsFlash\" rel=\"noopener nofollow\" data-gtm-custom-categorie=\"navigation\" data-gtm-custom-action=\"crossclick\" data-gtm-custom-label=\"Contextuel\" data-gtm-event=\"customEventSPE\" data-fig-domain=\"LEFIGARO\">\u00a0Vladimir Poutine<\/a>.<\/p>\n<p class=\"fig-body-link\">\n            \u00c0 lire aussi<br \/>\n        <a class=\"fig-body-link__link fig-premium-mark\" href=\"http:\/\/www.lefigaro.fr\/international\/nous-le-faisons-pour-conserver-un-peu-d-humanite-l-ukraine-a-la-recherche-de-l-identification-de-ses-soldats-disparus-20250528\" data-fig-type=\"Article\" data-gtm-custom-categorie=\"navigation\" data-gtm-custom-action=\"crossclick\" data-gtm-custom-label=\"Contextuel\" data-gtm-event=\"customEventSPE\" data-fig-domain=\"LEFIGARO\" rel=\"nofollow noopener\" target=\"_blank\">\u00abNous le faisons pour conserver un peu d\u2019humanit\u00e9\u00bb: l\u2019Ukraine \u00e0 la recherche de l\u2019identification de ses soldats disparus<br \/>\n    <\/a>\n<\/p>\n<p>\u00abPas oppos\u00e9s \u00e0 de nouvelles r\u00e9unions avec les Russes\u00bb<\/p>\n<p class=\"fig-paragraph\">\u00abNotre d\u00e9l\u00e9gation, dirig\u00e9e par (Vladimir) Medinski, est pr\u00eate \u00e0 pr\u00e9senter ce m\u00e9morandum \u00e0 la d\u00e9l\u00e9gation ukrainienne et \u00e0 fournir les explications n\u00e9cessaires lors d\u2019un deuxi\u00e8me cycle de n\u00e9gociations directes reprenant \u00e0 Istanbul, le 2 juin\u00bb, a annonc\u00e9 Sergue\u00ef Lavrov, dans un communiqu\u00e9. \u00abNous ne sommes pas oppos\u00e9s \u00e0 de nouvelles r\u00e9unions avec les Russes et attendons leur m\u00e9morandum\u00bb, a r\u00e9agi dans la soir\u00e9e le ministre ukrainien de la D\u00e9fense, Roustem Oumerov. \u00abLa partie russe dispose encore d\u2019au moins quatre jours avant son d\u00e9part (en Turquie) pour nous fournir son document \u00e0 examiner\u00bb, a-t-il ajout\u00e9.<\/p>\n<p class=\"fig-paragraph\"><a href=\"http:\/\/www.lefigaro.fr\/international\/le-choix-significatif-de-vladimir-medinski-ideologue-du-kremlin-pour-mener-la-delegation-russe-a-istanbul-20250515\" data-fig-type=\"Article\" data-gtm-custom-categorie=\"navigation\" data-gtm-custom-action=\"crossclick\" data-gtm-custom-label=\"Contextuel\" data-gtm-event=\"customEventSPE\" data-fig-domain=\"LEFIGARO\" rel=\"nofollow noopener\" target=\"_blank\">Vladimir Medinski\u00a0<\/a>avait \u00e9t\u00e9 \u00e0 la t\u00eate des n\u00e9gociateurs russes au cours des pourparlers du 16 mai, d\u00e9j\u00e0 \u00e0 Istanbul. Il s\u2019agissait des premi\u00e8res discussions de paix directes entre Kiev et Moscou depuis celles du printemps 2022, au d\u00e9but de l\u2019attaque russe \u00e0 grande \u00e9chelle contre l\u2019Ukraine. Ces \u00e9changes en Turquie n\u2019avaient pas abouti \u00e0 une perc\u00e9e pour trouver une issue diplomatique au conflit mais les deux camps s\u2019\u00e9taient engag\u00e9s \u00e0 proc\u00e9der \u00e0 un \u00e9change de prisonniers d\u2019une ampleur in\u00e9dite, 1000 personnes contre 1000 personnes, qui s\u2019est achev\u00e9 le week-end dernier.<\/p>\n<p class=\"fig-paragraph\">Tout en remerciant ses \u00abpartenaires turcs\u00bb, Sergue\u00ef Lavrov a dit mercredi esp\u00e9rer que \u00abtous ceux qui sont sinc\u00e8rement int\u00e9ress\u00e9s\u00bb \u00e0 \u00abla r\u00e9ussite du processus de paix\u00bb soutiennent l\u2019organisation de ce deuxi\u00e8me cycle de n\u00e9gociations. Vendredi, il avait assur\u00e9 que son pays travaillait sur ce m\u00e9morandum exposant sa position et le transmettrait prochainement \u00e0 Kiev.<\/p>\n","protected":false},"excerpt":{"rendered":"Le secr\u00e9taire d\u2019\u00c9tat am\u00e9ricain s\u2019est entretenu hier avec son homologue russe Sergue\u00ef Lavrov alors que des pourparlers russo-ukrainiens&hellip;\n","protected":false},"author":2,"featured_media":136213,"comment_status":"","ping_status":"","sticky":false,"template":"","format":"standard","meta":{"footnotes":""},"categories":[1591],"tags":[259,11,260,73,1887,131,14,261,12,262,1885,1886,132],"class_list":{"0":"post-136212","1":"post","2":"type-post","3":"status-publish","4":"format-standard","5":"has-post-thumbnail","7":"category-russie","8":"tag-actualite-internationale","9":"tag-actualites","10":"tag-affaires-etrangeres","11":"tag-etats-unis","12":"tag-federation-de-russie","13":"tag-guerre-en-ukraine","14":"tag-international","15":"tag-ministere-des-affaires-etrangeres","16":"tag-news","17":"tag-politique-etrangere","18":"tag-russia","19":"tag-russian-federation","20":"tag-russie"},"share_on_mastodon":{"url":"https:\/\/pubeurope.com\/@fr\/114589760496421107","error":""},"_links":{"self":[{"href":"https:\/\/www.europesays.com\/fr\/wp-json\/wp\/v2\/posts\/136212","targetHints":{"allow":["GET"]}}],"collection":[{"href":"https:\/\/www.europesays.com\/fr\/wp-json\/wp\/v2\/posts"}],"about":[{"href":"https:\/\/www.europesays.com\/fr\/wp-json\/wp\/v2\/types\/post"}],"author":[{"embeddable":true,"href":"https:\/\/www.europesays.com\/fr\/wp-json\/wp\/v2\/users\/2"}],"replies":[{"embeddable":true,"href":"https:\/\/www.europesays.com\/fr\/wp-json\/wp\/v2\/comments?post=136212"}],"version-history":[{"count":0,"href":"https:\/\/www.europesays.com\/fr\/wp-json\/wp\/v2\/posts\/136212\/revisions"}],"wp:featuredmedia":[{"embeddable":true,"href":"https:\/\/www.europesays.com\/fr\/wp-json\/wp\/v2\/media\/136213"}],"wp:attachment":[{"href":"https:\/\/www.europesays.com\/fr\/wp-json\/wp\/v2\/media?parent=136212"}],"wp:term":[{"taxonomy":"category","embeddable":true,"href":"https:\/\/www.europesays.com\/fr\/wp-json\/wp\/v2\/categories?post=136212"},{"taxonomy":"post_tag","embeddable":true,"href":"https:\/\/www.europesays.com\/fr\/wp-json\/wp\/v2\/tags?post=136212"}],"curies":[{"name":"wp","href":"https:\/\/api.w.org\/{rel}","templated":true}]}}