{"id":136220,"date":"2025-05-29T06:45:16","date_gmt":"2025-05-29T06:45:16","guid":{"rendered":"https:\/\/www.europesays.com\/fr\/136220\/"},"modified":"2025-05-29T06:45:16","modified_gmt":"2025-05-29T06:45:16","slug":"ruag-mro-peut-vendre-des-chars-leopard-1-a-lallemagne","status":"publish","type":"post","link":"https:\/\/www.europesays.com\/fr\/136220\/","title":{"rendered":"Ruag MRO peut vendre des chars Leopard 1 \u00e0 l&rsquo;Allemagne"},"content":{"rendered":"<p class=\"wysiwyg-h2\">L&rsquo;entreprise d&rsquo;armement Ruag MRO peut vendre 71 chars Leopard \u00e0 l&rsquo;Allemagne. Il est toutefois express\u00e9ment interdit d&rsquo;envoyer ces chars en Ukraine, a d\u00e9cid\u00e9 mercredi le Conseil f\u00e9d\u00e9ral.<\/p>\n<p>Les 71 v\u00e9hicules se trouvent actuellement en Italie. Au total, Ruag MRO dispose de 96 chars de ce type. L&rsquo;entreprise les avait acquis aupr\u00e8s du minist\u00e8re italien de la d\u00e9fense.<\/p>\n<p>Le Conseil f\u00e9d\u00e9ral avait interdit en 2023 la vente de ces chars en Allemagne aux fins de r\u00e9acheminement \u00e0 destination de l\u2019Ukraine. Ruag MRO a entretemps adress\u00e9 au Secr\u00e9tariat d\u2019\u00c9tat \u00e0 l\u2019\u00e9conomie une demande d\u2019autorisation de commerce pour ces chars de combat.<\/p>\n<p>L&rsquo;entreprise n&rsquo;a finalement pas besoin d&rsquo;autorisation pour vendre ces chars \u00e0 une entreprise allemande, selon le Conseil f\u00e9d\u00e9ral. L&rsquo;Allemagne figure en effet dans la liste des pays vers lesquels aucune autorisation n&rsquo;est requise. Tout r\u00e9acheminement \u00e0 destination de l\u2019Ukraine est toutefois exclu.<\/p>\n<p> \/ATS<\/p>\n","protected":false},"excerpt":{"rendered":"L&rsquo;entreprise d&rsquo;armement Ruag MRO peut vendre 71 chars Leopard \u00e0 l&rsquo;Allemagne. Il est toutefois express\u00e9ment interdit d&rsquo;envoyer ces&hellip;\n","protected":false},"author":2,"featured_media":136221,"comment_status":"","ping_status":"","sticky":false,"template":"","format":"standard","meta":{"footnotes":""},"categories":[1587],"tags":[11,1829,672,1832,1836,1804,1805,1827,1803,1777,674,1830,1831,1801,1826,1844,1840,1839,1841,1838,12,1843,1828,1834,1825,1833,1802,1822,1823,1824,1837,1835,1842],"class_list":{"0":"post-136220","1":"post","2":"type-post","3":"status-publish","4":"format-standard","5":"has-post-thumbnail","7":"category-allemagne","8":"tag-actualites","9":"tag-ajoie","10":"tag-allemagne","11":"tag-animation","12":"tag-bienne","13":"tag-bundesrepublik-deutschland","14":"tag-de","15":"tag-delemont","16":"tag-deutschland","17":"tag-eu","18":"tag-europe","19":"tag-franches-montagnes","20":"tag-frequence","21":"tag-germany","22":"tag-jura","23":"tag-jura-bernois","24":"tag-la-chaux-de-fonds","25":"tag-moutier","26":"tag-neuchatel","27":"tag-neuveville","28":"tag-news","29":"tag-payerne","30":"tag-porrentruy","31":"tag-publicite","32":"tag-radio","33":"tag-redaction","34":"tag-republique-federale-dallemagne","35":"tag-rfj","36":"tag-rjb","37":"tag-rtn","38":"tag-tavannes","39":"tag-vallon-de-st-imier","40":"tag-yverdon"},"share_on_mastodon":{"url":"https:\/\/pubeurope.com\/@fr\/114589776195666328","error":""},"_links":{"self":[{"href":"https:\/\/www.europesays.com\/fr\/wp-json\/wp\/v2\/posts\/136220","targetHints":{"allow":["GET"]}}],"collection":[{"href":"https:\/\/www.europesays.com\/fr\/wp-json\/wp\/v2\/posts"}],"about":[{"href":"https:\/\/www.europesays.com\/fr\/wp-json\/wp\/v2\/types\/post"}],"author":[{"embeddable":true,"href":"https:\/\/www.europesays.com\/fr\/wp-json\/wp\/v2\/users\/2"}],"replies":[{"embeddable":true,"href":"https:\/\/www.europesays.com\/fr\/wp-json\/wp\/v2\/comments?post=136220"}],"version-history":[{"count":0,"href":"https:\/\/www.europesays.com\/fr\/wp-json\/wp\/v2\/posts\/136220\/revisions"}],"wp:featuredmedia":[{"embeddable":true,"href":"https:\/\/www.europesays.com\/fr\/wp-json\/wp\/v2\/media\/136221"}],"wp:attachment":[{"href":"https:\/\/www.europesays.com\/fr\/wp-json\/wp\/v2\/media?parent=136220"}],"wp:term":[{"taxonomy":"category","embeddable":true,"href":"https:\/\/www.europesays.com\/fr\/wp-json\/wp\/v2\/categories?post=136220"},{"taxonomy":"post_tag","embeddable":true,"href":"https:\/\/www.europesays.com\/fr\/wp-json\/wp\/v2\/tags?post=136220"}],"curies":[{"name":"wp","href":"https:\/\/api.w.org\/{rel}","templated":true}]}}