{"id":136237,"date":"2025-05-29T06:58:09","date_gmt":"2025-05-29T06:58:09","guid":{"rendered":"https:\/\/www.europesays.com\/fr\/136237\/"},"modified":"2025-05-29T06:58:09","modified_gmt":"2025-05-29T06:58:09","slug":"giro-tour-ditalie-derek-gee-carapaz-del-toro-franchement-respect","status":"publish","type":"post","link":"https:\/\/www.europesays.com\/fr\/136237\/","title":{"rendered":"Giro. Tour d&rsquo;Italie &#8211; Derek Gee : \u00abCarapaz, Del Toro&#8230; franchement, respect\u00bb"},"content":{"rendered":"<p>Tout comme le leader de la Visma, <strong>Simon Yates<\/strong>, <strong>Derek Gee<\/strong> (Israel-Premier Tech) a perdu du temps sur <strong>Richard Carapaz<\/strong> (EF Education-EasyPost) et <strong>Isaac Del Toro<\/strong> (UAE Team Emirates XRG) ce mercredi. Quatri\u00e8me du classement g\u00e9n\u00e9ral du <strong><a href=\"https:\/\/www.cyclismactu.net\/..\/news-giro-route-tour-d-italie-isaac-del-toro-17e-etape-en-patron-romain-bardet-crucifie-88096.html\" target=\"_blank\" rel=\"nofollow noopener\">Giro<\/a><\/strong> au d\u00e9part de l&rsquo;\u00e9tape, le Canadien a bascul\u00e9 dans un second groupe au sommet du Mortirolo, avant de profiter du travail des \u00e9quipiers de <strong>Yates<\/strong> et<strong> Del Toro<\/strong> pour revenir sur <strong>Carapaz.<\/strong> Mais dans la derni\u00e8re bosse, il n\u2019a pas eu le jump suffisant pour suivre l\u2019\u00c9quatorien et le Maillot Rose. Il a termin\u00e9 sixi\u00e8me de l\u2019\u00e9tape, conc\u00e9dant du temps \u00e0 deux de ses trois rivaux pour le podium.<\/p>\n<p>Vid\u00e9o &#8211; Derek Gee&#8230; 6e de la 17e \u00e9tape mercredi Lire la suite de l&rsquo;article&#13;<\/p>\n<p>\u00a0<\/p>\n<p>&#13;<br \/>\n\u00ab\u00a0Del Toro&#8230; je pense que c&rsquo;est juste un coureur tr\u00e8s explosif\u00a0\u00bb&#13;<\/p>\n<p>\u00ab\u00a0Dans la derni\u00e8re bosse, j\u2019ai vu ce qu\u2019il se passait, mais je ne pouvais rien faire. Ils ont \u00e9t\u00e9 tellement explosifs dans les deux cents derniers m\u00e8tres, lui et Carapaz ont creus\u00e9 l\u2019\u00e9cart, et\u2026 ouais, il n\u2019y avait tout simplement pas assez de marge pour revenir. C\u2019\u00e9tait un sprint complet au sommet. Franchement, respect pour cette attaque. C\u2019\u00e9tait un super mouvement, parce qu\u2019ils ont pris l\u2019avantage, et ensuite, c\u2019\u00e9tait tellement rapide jusqu\u2019\u00e0 l\u2019arriv\u00e9e\u2026\u00a0\u00bb, explique le Canadien.<\/p>\n<p>&#13;<\/p>\n<p>\u00ab\u00a0La derni\u00e8re attaque ? Carapaz, pas vraiment une surprise vu ce qu\u2019il a montr\u00e9 sur le Mortirolo, mais Del Toro, si, un peu.\u00a0Je pense que c\u2019est juste un coureur tr\u00e8s explosif. Cette derni\u00e8re mont\u00e9e lui convenait parfaitement. Je ne sais pas\u2026 on verra dans les prochains jours\u00a0\u00bb, a conclu le leader d&rsquo;<strong>Israel-Premier Tech.<\/strong><\/p>\n<p>Tour d&rsquo;Italie &#8211; Classement de la 17\u00e8 \u00e9tape Tour d&rsquo;Italie &#8211; Classement g\u00e9n\u00e9ral provisoire apr\u00e8s la 17\u00e8 \u00e9tape<\/p>\n","protected":false},"excerpt":{"rendered":"Tout comme le leader de la Visma, Simon Yates, Derek Gee (Israel-Premier Tech) a perdu du temps sur&hellip;\n","protected":false},"author":2,"featured_media":136238,"comment_status":"","ping_status":"","sticky":false,"template":"","format":"standard","meta":{"footnotes":""},"categories":[1411],"tags":[1154,207,1011,27,209,60,3318,208],"class_list":{"0":"post-136237","1":"post","2":"type-post","3":"status-publish","4":"format-standard","5":"has-post-thumbnail","7":"category-cyclisme","8":"tag-cycling","9":"tag-cyclisme","10":"tag-fr","11":"tag-france","12":"tag-route","13":"tag-sports","14":"tag-tour-d","15":"tag-velo"},"share_on_mastodon":{"url":"https:\/\/pubeurope.com\/@fr\/114589827342664101","error":""},"_links":{"self":[{"href":"https:\/\/www.europesays.com\/fr\/wp-json\/wp\/v2\/posts\/136237","targetHints":{"allow":["GET"]}}],"collection":[{"href":"https:\/\/www.europesays.com\/fr\/wp-json\/wp\/v2\/posts"}],"about":[{"href":"https:\/\/www.europesays.com\/fr\/wp-json\/wp\/v2\/types\/post"}],"author":[{"embeddable":true,"href":"https:\/\/www.europesays.com\/fr\/wp-json\/wp\/v2\/users\/2"}],"replies":[{"embeddable":true,"href":"https:\/\/www.europesays.com\/fr\/wp-json\/wp\/v2\/comments?post=136237"}],"version-history":[{"count":0,"href":"https:\/\/www.europesays.com\/fr\/wp-json\/wp\/v2\/posts\/136237\/revisions"}],"wp:featuredmedia":[{"embeddable":true,"href":"https:\/\/www.europesays.com\/fr\/wp-json\/wp\/v2\/media\/136238"}],"wp:attachment":[{"href":"https:\/\/www.europesays.com\/fr\/wp-json\/wp\/v2\/media?parent=136237"}],"wp:term":[{"taxonomy":"category","embeddable":true,"href":"https:\/\/www.europesays.com\/fr\/wp-json\/wp\/v2\/categories?post=136237"},{"taxonomy":"post_tag","embeddable":true,"href":"https:\/\/www.europesays.com\/fr\/wp-json\/wp\/v2\/tags?post=136237"}],"curies":[{"name":"wp","href":"https:\/\/api.w.org\/{rel}","templated":true}]}}