{"id":136297,"date":"2025-05-29T07:35:10","date_gmt":"2025-05-29T07:35:10","guid":{"rendered":"https:\/\/www.europesays.com\/fr\/136297\/"},"modified":"2025-05-29T07:35:10","modified_gmt":"2025-05-29T07:35:10","slug":"en-juin-les-rendez-vous-culture-sur-la-metropole-bordelaise-se-portent-bien","status":"publish","type":"post","link":"https:\/\/www.europesays.com\/fr\/136297\/","title":{"rendered":"En juin, les rendez-vous culture sur la m\u00e9tropole bordelaise se portent bien"},"content":{"rendered":"<p>Un petit avant go\u00fbt de l\u2019\u00e9t\u00e9 2025 ? Le <a href=\"https:\/\/www.relache.fr\/relache\" target=\"_blank\" rel=\"noreferrer noopener\">festival Rel\u00e2che<\/a> d\u00e9marre ce vendredi 29 mai avec le lancement de la 16e \u00e9dition 2025 au Square Toussaint-Louverture avec des sons rock et garage. Il se poursuit tout l\u2019\u00e9t\u00e9 jusqu\u2019\u00e0 fin ao\u00fbt avec du rock certes, mais aussi du punk, du blues et de l\u2019afro. Ce sera l\u2019occasion de voir ou revoir Alexis Evans, Lord Diabolik, GUU ou encore Chelabom parmi les formations locales\u2026<\/p>\n<p>Du son \u00e0 fond les ballons aussi au <a href=\"https:\/\/festivasques.jimdofree.com\/festiv-asques-17\/samedi-7-juin\/\" target=\"_blank\" rel=\"noreferrer noopener\">Festiv\u2019Asques le 7 juin<\/a>. Ce rendez-vous en bords de Garonne envoie du lourd cette ann\u00e9e avec le groupe \u00ab\u00a0parrain du m\u00e9tal alternatif\u00a0en\u00a0France\u00a0\u00bb, Lofofora. Autres Parisiens \u00e0 l\u2019affiche, Les Gar\u00e7ons Bouchers, sont en tourn\u00e9e pour poursuivre l\u2019hommage \u00e0 leur leader Fran\u00e7ois Hadji-Lazaro (disparu le 25 F\u00e9vrier 2023), intitul\u00e9 \u00ab\u00a0Tchao Fran\u00e7ois\u00a0\u00bb.<\/p>\n<p>Le mois de juin apporte avec ses rayons de soleil plusieurs expositions, et aussi des festivals devenus incontournables \u00e0 Bordeaux et dans sa r\u00e9gion. Sans oublier le 21 juin, la f\u00eate de la musique et sa farandole de concerts.<\/p>\n<p><img loading=\"lazy\" decoding=\"async\" width=\"792\" height=\"594\" src=\"https:\/\/www.europesays.com\/fr\/wp-content\/uploads\/2025\/05\/fete-morue-792x594.jpg\" alt=\"\" class=\"wp-image-163988\"  \/> En concert : Vitoria and the kalashnicoles, le 6 juin sur la place du Bicentenaire \u00e0 B\u00e8gles Photo\u00a0: Vitorino Coragem<\/p>\n<p>\t\tDu 6 au 8 juin : Le Portugal invit\u00e9 \u00e0 la F\u00eate de la morue \u00e0 B\u00e8gles<\/p>\n<p>\u00ab\u00a0Le Portugal et la morue, une histoire d\u2019amour !\u00a0\u00bb Et la F\u00eate de la Morue \u00e0 B\u00e8gles veut le rappeler du 6 au 8 juin en c\u00e9l\u00e9brant la culture portugaise, en partenariat avec la ville d\u2019Arcos de Valdevez, dans la r\u00e9gion du Minho. Plat embl\u00e9matique du Portugal, la morue \u2013 surnomm\u00e9e fiel amigo, \u00ab\u00a0l\u2019ami fid\u00e8le\u00a0\u00bb \u2013 sera mise \u00e0 l\u2019honneur sous toutes ses formes, dans une ambiance festive et populaire, marque de fabrique de cet \u00e9v\u00e9nement qui f\u00eate sa 29e \u00e9dition.<\/p>\n<p>Stands gourmands, sp\u00e9cialit\u00e9s sal\u00e9es, past\u00e9is de nata, lectures bilingues et concerts aux accents lusophones sont au programme. La f\u00eate prendra des airs de march\u00e9 portugais g\u00e9ant, ponctu\u00e9 de spectacles de rue, de d\u00e9ambulations musicales, d\u2019expositions, et d\u2019une grande parade d\u2019ouverture men\u00e9e par batucadas, capoeiristes, \u00e9chassiers et Cabe\u00e7udos, ces grandes marionnettes typiques du folklore lusophone.<\/p>\n<p>Une nouveaut\u00e9 cette ann\u00e9e : la f\u00eate s\u2019\u00e9tend au dimanche avec l\u2019op\u00e9ration \u00ab\u00a0Dimanche aux restos\u00a0\u00bb. Neuf restaurants b\u00e9glais accueilleront des concerts live \u00e0 l\u2019heure du d\u00e9jeuner, \u00e0 c\u00f4t\u00e9 des animations dans les EHPAD, des balades urbaines, et des ateliers et spectacles. Mais l\u2019un des moments les plus attendus reste le d\u00e9fi collectif de la marini\u00e8re ! Depuis plusieurs ann\u00e9es, ce v\u00eatement est devenu le symbole de la f\u00eate, et B\u00e8gles compte bien battre le record \u00e9tabli par P\u00e9zenas avec 3358 marini\u00e8res r\u00e9unies (rendez-vous le 6 juin \u00e0 18h45 dans le parc de la mairie pour la grande photo officielle).<\/p>\n<p>\ud83d\udccd\u00a0Plusieurs lieux \u00e0 B\u00e8gles<br \/>\ud83d\udcb8 Animations gratuites<br \/>\ud83d\uddd3\ufe0f Du 6 au 8 juin 2025<br \/>\ud83d\udd0e Plus d\u2019infos sur <a href=\"https:\/\/www.fetedelamorue.com\/\" target=\"_blank\" rel=\"noreferrer noopener\">le site de la F\u00eate de la Morue<\/a><\/p>\n<p>\t\tDu 6 au 14 juin : Chahuts, 34e Festival des arts de la parole et de l\u2019espace public<\/p>\n<p>Du 6 au 14 juin 2025, Bordeaux accueille la 34e \u00e9dition du festival Chahuts, une c\u00e9l\u00e9bration des arts de la parole et de l\u2019espace public. Implant\u00e9 principalement dans les quartiers Saint-Michel et La Benauge, Chahuts propose 47 rendez-vous artistiques, dont 39 gratuits, o\u00f9 l\u2019on retrouve th\u00e9\u00e2tre, conte, po\u00e9sie, danse et musique. Le festival investit des lieux vari\u00e9s tels que le jardin Dorignac, le parc Pin\u00e7on, la place Saint-Michel, le March\u00e9 des Douves et le square Dom Bedos.<\/p>\n<p>Cette \u00e9dition met particuli\u00e8rement \u00e0 l\u2019honneur des voix f\u00e9minines puissantes, explorant des parcours de vie affranchis des normes sociales. Parmi les temps forts, on retrouve I\u2019m deranged de Mina Kavani, un solo poignant sur l\u2019exil et la censure (<a href=\"https:\/\/www.tnba.org\/saison\/2024-2025\/im-deranged\" target=\"_blank\" rel=\"noreferrer noopener\">au TnBA le 12 juin<\/a>), et R.OSA \u2013 10 esercizi per nuovi virtuosismi de Silvia Gribaudi, une performance c\u00e9l\u00e9brant la diversit\u00e9 des corps f\u00e9minins (<a href=\"https:\/\/www.chahuts.net\/spectacle\/r-osa\/\" target=\"_blank\" rel=\"noreferrer noopener\">Station Marne le 13 juin<\/a>).<\/p>\n<p>Apr\u00e8s Graces en 2023 \u00e0 La Manufacture CDCN et Grand jet\u00e9 \u00e0 Langon, la chor\u00e9graphe italienne poursuit son exploration d\u00e9cal\u00e9e et percutante des normes corporelles. Dans ce solo port\u00e9 par la magn\u00e9tique Claudia Marsicano, elle signe une performance aussi dr\u00f4le qu\u2019\u00e9mouvante, o\u00f9 dix \u00ab\u00a0exercices de virtuosit\u00e9\u00a0\u00bb d\u00e9tournent avec brio les diktats esth\u00e9tiques impos\u00e9s aux femmes.<\/p>\n<p>Entre ironie assum\u00e9e, autod\u00e9rision lib\u00e9ratrice et r\u00e9f\u00e9rences \u00e0 Fernando Botero ou Jane Fonda, R.OSA c\u00e9l\u00e8bre les corps dans toute leur diversit\u00e9, dans un \u00e9clat de rires, d\u2019\u00e9motion et de libert\u00e9.<\/p>\n<p>\ud83d\udccd\u00a0Plusieurs lieux<br \/>\ud83d\udcb8 Gratuit ou tarif selon le spectacle<br \/>\ud83d\uddd3\ufe0f Du 6 au 14 juin 2025<br \/>\ud83d\udd0e Plus d\u2019infos sur <a href=\"https:\/\/www.chahuts.net\/festival-2025\/programmation-2025-2\/\" target=\"_blank\" rel=\"noreferrer noopener\">le site de Chahuts<\/a><\/p>\n<p><img loading=\"lazy\" decoding=\"async\" width=\"792\" height=\"594\" src=\"https:\/\/www.europesays.com\/fr\/wp-content\/uploads\/2025\/05\/deranged-792x594.jpg\" alt=\"\" class=\"wp-image-163986\"  \/> I\u2019m deranged de Mina Kavani au TnBA le 12 juin<\/p>\n<p>A partir du 16 juin : 40 ans des Restos du C\u0153ur \u00e0 la Biblioth\u00e8que de M\u00e9riadeck<\/p>\n<p>Alors que les Restos du C\u0153ur s\u2019appr\u00eatent \u00e0 c\u00e9l\u00e9brer leur 40e anniversaire, l\u2019Agence France Presse pr\u00e9sente une exposition photographique itin\u00e9rante poignante, install\u00e9e \u00e0 Bordeaux du 16 juin au 26 juillet 2025 \u00e0 la biblioth\u00e8que M\u00e9riadeck. Intitul\u00e9e C\u2019est l\u2019histoire d\u2019un pauvre\u2026 Les Restos du C\u0153ur 1985-1989, cette r\u00e9trospective revient sur les d\u00e9buts de l\u2019association fond\u00e9e par Coluche dans un pays marqu\u00e9 par l\u2019explosion du ch\u00f4mage de masse.<\/p>\n<p>Quarante clich\u00e9s issus des archives de l\u2019AFP, des objets et documents d\u2019\u00e9poque donnent \u00e0 voir les visages de la pr\u00e9carit\u00e9 des ann\u00e9es 1980, ces \u00ab\u00a0nouveaux pauvres\u00a0\u00bb apparus alors en France. Bordeaux, qui fut d\u00e8s 1985 l\u2019une des premi\u00e8res villes \u00e0 r\u00e9pondre \u00e0 l\u2019appel de l\u2019humoriste, se fait aujourd\u2019hui l\u2019\u00e9crin de ce devoir de m\u00e9moire.<\/p>\n<p>Une s\u00e9rie de portraits d\u2019aujourd\u2019hui rappelle que la situation s\u2019est aggrav\u00e9e. En effet, les chiffres de la Gironde sont sans appel : en 2023-2024, plus de 25 000 personnes ont \u00e9t\u00e9 accueillies par les Restos du c\u0153ur, soit pr\u00e8s de vingt fois plus que lors de la premi\u00e8re campagne nationale. L\u2019exposition invite chacun \u00e0 repenser son regard sur la pr\u00e9carit\u00e9 et \u00e0 rendre hommage \u00e0 celles et ceux qui, depuis quarante ans, font vivre l\u2019 \u00ab\u00a0\u00e9lan d\u2019humanit\u00e9\u00a0\u00bb initi\u00e9 par Coluche.<\/p>\n<p>\ud83d\udccd\u00a0<a href=\"https:\/\/www.google.fr\/maps\/place\/Biblioth%C3%A8que+M%C3%A9riadeck\/@44.8352279,-0.5891032,613m\/data=!3m2!1e3!4b1!4m6!3m5!1s0xd5527e958401f3b:0x97f0a370e17a622c!8m2!3d44.8352279!4d-0.5865283!16s%2Fg%2F11x1ngnb8?entry=ttu&amp;g_ep=EgoyMDI1MDUyMS4wIKXMDSoASAFQAw%3D%3D\" target=\"_blank\" rel=\"noreferrer noopener\">Biblioth\u00e8que M\u00e9riadeck<\/a><br \/>\ud83d\udcb8 Gratuit<br \/>\ud83d\uddd3\ufe0f Du 16 au 26 juin 2025 (du lundi au vendredi de 13h \u00e0 19h et le samedi de 10h \u00e0 18h \u2013 Fermeture chaque lundi de juillet)<\/p>\n<p>Du 13 au 15 juin : La 9e \u00e9dition du festival\u00a0La Voie des Peuples<\/p>\n<p>Les 13, 14 et 15 juin 2025, au Parc Brascassat, la 9e \u00e9dition du festival La Voie des Peuples offre trois jours de f\u00eate, de musique, de contes, de gastronomie, d\u2019ateliers et de rencontres pour c\u00e9l\u00e9brer les cultures iraniennes dans toute leur richesse. L\u2019\u00e9v\u00e9nement cl\u00f4ture une \u00ab\u00a0saison culturelle\u00a0\u00bb riche de nombreux rendez-vous, comme l\u2019exposition <a href=\"https:\/\/www.bordeaux.fr\/agenda\/femmes-kurdes-liberte\" target=\"_blank\" rel=\"noreferrer noopener\">Femmes, Kurdes, Libert\u00e9<\/a>, \u00e0 la biblioth\u00e8que Flora-Tristan jusqu\u2019au 6 juin.<\/p>\n<p>Port\u00e9 par l\u2019association La Pang\u00e9e, ce festival itin\u00e9rant consacre chaque ann\u00e9e une nouvelle communaut\u00e9 culturelle pr\u00e9sente dans la m\u00e9tropole bordelaise. Apr\u00e8s les cultures roms, ouest-africaines, andines, indiennes, sahariennes, japonaises, lusophones et celtiques, c\u2019est au tour des peuples iraniens \u2013 Persans, Kurdes, Tadjiks, Baloutches, Pachtounes et autres \u2013 de faire rayonner leur h\u00e9ritage plurimill\u00e9naire \u00e0 travers spectacles, conf\u00e9rences, expositions et DJ sets dans une ambiance chaleureuse et inclusive.<\/p>\n<p>\ud83d\udccd\u00a0<a href=\"https:\/\/www.google.fr\/maps\/place\/Parc+de+Brascassat\/@44.814815,-0.5573124,613m\/data=!3m2!1e3!4b1!4m6!3m5!1s0xd5527c0192aaa39:0x6d99a13e4b51452e!8m2!3d44.814815!4d-0.5547375!16s%2Fg%2F11gr5mtf4m?entry=ttu&amp;g_ep=EgoyMDI1MDUyMS4wIKXMDSoASAFQAw%3D%3D\" target=\"_blank\" rel=\"noreferrer noopener\">Parc Brascassat<\/a><br \/>\ud83d\udcb8 Pass trois jours plein tarif : 20 \u20ac (et autres tarifs) \u2013 Prix libre si jour par jour<br \/>\ud83d\uddd3\ufe0f Du 13 au 15 juin 2025 (r\u00e9servation obligatoire)<br \/>\ud83d\udd0e Plus d\u2019infos sur\u00a0<a href=\"https:\/\/www.helloasso.com\/associations\/collectif-la-pangee\/evenements\/la-voie-des-peuples-9\" target=\"_blank\" rel=\"noreferrer noopener\">ce lien<\/a><\/p>\n<p>24\u00a0au\u00a028\u00a0juin : Litt\u00e9rature\u00a0en\u00a0jardin<\/p>\n<p>Du 24 au 28 juin 2025, l\u2019association Permanences de la litt\u00e9rature propose une nouvelle \u00e9dition du festival Litt\u00e9rature en jardin, rendez-vous itin\u00e9rant et pluridisciplinaire au c\u0153ur du Grand Libournais. Entre parcs de ch\u00e2teaux, bords de rivi\u00e8re, m\u00e9diath\u00e8ques et jardins priv\u00e9s, l\u2019\u00e9v\u00e9nement fait \u00e9clore des rencontres sensibles entre litt\u00e9rature contemporaine, art, \u00e9cologie et territoire.<\/p>\n<p>Cette \u00e9dition met \u00e0 l\u2019honneur la vitalit\u00e9 du vivant \u00e0 travers une programmation o\u00f9 se croisent les formes \u2013 lectures, performances, cr\u00e9ations sonores, dans\u00e9es ou dessin\u00e9es. Marie-H\u00e9l\u00e8ne Lafon, Pascal Quignard, Suzanne Husky, Jo\u00eblle Sambi, Marie Denis ou encore Yumi Fujitani, viendront partager leurs \u0153uvres et r\u00e9flexions dans des lieux ouverts \u00e0 la r\u00eaverie, \u00e0 l\u2019\u00e9change et \u00e0 la pens\u00e9e en mouvement.<\/p>\n<p>\ud83d\udccd\u00a0Dans plusieurs communes<br \/>\ud83d\udcb8 Gratuit (pour la plupart) et payant <br \/>\ud83d\uddd3\ufe0f Du 24 au 28 juin 2025<br \/>\ud83d\udd0e Plus d\u2019infos sur\u00a0<a href=\"https:\/\/permanencesdelalitterature.fr\/festivallitteratureenjardin2025\/\" target=\"_blank\" rel=\"noreferrer noopener\">ce lien<\/a><\/p>\n<p>La Lanterne du 7e art<\/p>\n<p>Le cin\u00e9ma La Lanterne \u00e0 B\u00e8gles, outre sa programmation habituelle, se fait l\u2019\u00e9cho de nombreux \u00e9v\u00e9nements du mois de juin. Le 4 juin, un cin\u00e9-d\u00e9bat sur le th\u00e8me des peuples iraniens, avec le festival La Voie des peuples. Le 8 juin, un cin\u00e9-go\u00fbter pour la F\u00eate de la Morue. Le 10 juin, le Refugee Food Festival et Les Petites Cantines s\u2019associent pour un atelier-d\u00e9gustation-projection. Le 13 juin, soir\u00e9e Beach-Boys dans le cadre du festival 33 Tours, avec la biblioth\u00e8que de B\u00e8gles. Le 15 juin, blind-test queer pour le Mois des fiert\u00e9s. Le 20 juin, cin\u00e9-d\u00e9bat avec SOS M\u00e9diterran\u00e9e pour la Journ\u00e9e Mondiale des r\u00e9fugi\u00e9s. Le 21 juin, cin\u00e9-karaok\u00e9 pour la F\u00eate de la musique.<\/p>\n<p>La F\u00eate du cin\u00e9ma\u00a0prendra \u00e9galement ses quartiers \u00e0 la Lanterne du 29 juin au 2 juillet (tarif unique de 5 euros la place sur toutes les s\u00e9ances, sauf tarifs plus avantageux).<\/p>\n","protected":false},"excerpt":{"rendered":"Un petit avant go\u00fbt de l\u2019\u00e9t\u00e9 2025 ? Le festival Rel\u00e2che d\u00e9marre ce vendredi 29 mai avec le&hellip;\n","protected":false},"author":2,"featured_media":136298,"comment_status":"","ping_status":"","sticky":false,"template":"","format":"standard","meta":{"footnotes":""},"categories":[2817],"tags":[1111,11,4402,1997,26227,251,1777,674,1349,849,1011,27,12,2219,25],"class_list":{"0":"post-136297","1":"post","2":"type-post","3":"status-publish","4":"format-standard","5":"has-post-thumbnail","7":"category-bordeaux","8":"tag-actu","9":"tag-actualites","10":"tag-begles","11":"tag-bordeaux","12":"tag-chahuts","13":"tag-culture","14":"tag-eu","15":"tag-europe","16":"tag-expositions","17":"tag-festival","18":"tag-fr","19":"tag-france","20":"tag-news","21":"tag-nouvelle-aquitaine","22":"tag-republique-francaise"},"share_on_mastodon":{"url":"https:\/\/pubeurope.com\/@fr\/114589972808462960","error":""},"_links":{"self":[{"href":"https:\/\/www.europesays.com\/fr\/wp-json\/wp\/v2\/posts\/136297","targetHints":{"allow":["GET"]}}],"collection":[{"href":"https:\/\/www.europesays.com\/fr\/wp-json\/wp\/v2\/posts"}],"about":[{"href":"https:\/\/www.europesays.com\/fr\/wp-json\/wp\/v2\/types\/post"}],"author":[{"embeddable":true,"href":"https:\/\/www.europesays.com\/fr\/wp-json\/wp\/v2\/users\/2"}],"replies":[{"embeddable":true,"href":"https:\/\/www.europesays.com\/fr\/wp-json\/wp\/v2\/comments?post=136297"}],"version-history":[{"count":0,"href":"https:\/\/www.europesays.com\/fr\/wp-json\/wp\/v2\/posts\/136297\/revisions"}],"wp:featuredmedia":[{"embeddable":true,"href":"https:\/\/www.europesays.com\/fr\/wp-json\/wp\/v2\/media\/136298"}],"wp:attachment":[{"href":"https:\/\/www.europesays.com\/fr\/wp-json\/wp\/v2\/media?parent=136297"}],"wp:term":[{"taxonomy":"category","embeddable":true,"href":"https:\/\/www.europesays.com\/fr\/wp-json\/wp\/v2\/categories?post=136297"},{"taxonomy":"post_tag","embeddable":true,"href":"https:\/\/www.europesays.com\/fr\/wp-json\/wp\/v2\/tags?post=136297"}],"curies":[{"name":"wp","href":"https:\/\/api.w.org\/{rel}","templated":true}]}}