{"id":136301,"date":"2025-05-29T07:37:16","date_gmt":"2025-05-29T07:37:16","guid":{"rendered":"https:\/\/www.europesays.com\/fr\/136301\/"},"modified":"2025-05-29T07:37:16","modified_gmt":"2025-05-29T07:37:16","slug":"apres-sa-piscine-qui-va-rester-fermee-tout-lete-une-commune-pres-de-toulouse-perd-son-unique-librairie-cafe","status":"publish","type":"post","link":"https:\/\/www.europesays.com\/fr\/136301\/","title":{"rendered":"Apr\u00e8s sa piscine qui va rester ferm\u00e9e tout l&rsquo;\u00e9t\u00e9, une commune pr\u00e8s de Toulouse perd son unique librairie-caf\u00e9"},"content":{"rendered":"<p>            Par<br \/>\n        <strong><br \/>\n            <a href=\"https:\/\/actu.fr\/auteur\/david-saint-sernin\" title=\"Consulter tous les articles de David Saint-Sernin\" rel=\"nofollow noopener\" target=\"_blank\">David Saint-Sernin<\/a><br \/>\n        <\/strong><\/p>\n<p>        Publi\u00e9 le<\/p>\n<p>            28 mai 2025 \u00e0 12h53        <\/p>\n<p>Un environnement plut\u00f4t sympa avec la for\u00eat de Bouconne situ\u00e9e \u00e0 proximit\u00e9, un centre-ville plut\u00f4t agr\u00e9able avec une belle superficie d\u2019espaces verts et des grands flux de circulation \u00e9cart\u00e9s du village depuis plus de 15\u00a0ans avec le contournement de la RN 124\u2026 <a href=\"https:\/\/actu.fr\/occitanie\/leguevin_31291\" rel=\"nofollow noopener\" target=\"_blank\">L\u00e9guevin, pr\u00e8s de Toulouse,<\/a> dispose de nombreux atouts pour \u00eatre attractive. Mais loi des s\u00e9ries oblige, elle encha\u00eene malheureusement deux mauvaises nouvelles en ce mois de mai\u00a02025.<\/p>\n<p>Pas de piscine municipale cet \u00e9t\u00e9<\/p>\n<p class=\" wall-content\">Coup de semonce pour les habitants ce lundi 26\u00a0mai 2025. Ce jour-l\u00e0,<a href=\"https:\/\/actu.fr\/occitanie\/leguevin_31291\/pres-de-toulouse-contraintes-budgetaires-et-incivilites-cette-commune-ne-va-pas-ouvrir-sa-piscine-cet-ete_62689641.html\" rel=\"nofollow noopener\" target=\"_blank\"> la mairie annonce que la piscine municipale va rester ferm\u00e9e cet \u00e9t\u00e9.<\/a> Une d\u00e9cision \u00ab\u2009difficile et longuement m\u00fbrie\u2009\u00bb qui repose sur \u00ab\u2009plusieurs constats convergents\u2009\u00bb selon la municipalit\u00e9\u2009:<\/p>\n<p class=\" wall-content\">\u00ab\u00a0L\u2019\u00e9quipement, vieillissant, n\u00e9cessite des interventions techniques de plus en plus nombreuses pour r\u00e9pondre aux normes actuelles, tant en mati\u00e8re de s\u00e9curit\u00e9 que de qualit\u00e9 d\u2019accueil. D\u2019autre part, les conditions d\u2019exploitation deviennent particuli\u00e8rement complexes, notamment face \u00e0 des probl\u00e9matiques r\u00e9currentes d\u2019incivilit\u00e9s qui engendrent des co\u00fbts et des contraintes suppl\u00e9mentaires. Enfin, comme toutes les collectivit\u00e9s locales, la Ville de L\u00e9guevin est confront\u00e9e \u00e0 un contexte budg\u00e9taire de plus en plus contraint\u2009\u00bb, explique-t-elle ce jour-l\u00e0.<\/p>\n<p>L\u2019unique librairie de la commune ferme<\/p>\n<p class=\" wall-content\">Quelques jours auparavant, les habitants avaient d\u00e9j\u00e0 enregistr\u00e9 un premier coup de trafalgar avec l\u2019annonce de la fermeture de l\u2019unique librairie de la commune,<a href=\"https:\/\/www.facebook.com\/librairiecafeleguevin\/?locale=fr_FR\" rel=\"nofollow noopener\" target=\"_blank\"> \u00ab\u2009Au Caf\u00e9 des Livres\u2009\u00bb.<\/a> Une librairie qui faisait caf\u00e9 et qui se voulait un v\u00e9ritable lieu de vie avec diverses animations propos\u00e9es au-del\u00e0 de la vente de livres et d\u2019articles de papeterie.<\/p>\n<p class=\" wall-content\">La librairie a ferm\u00e9 le 12\u00a0mai, journ\u00e9e durant laquelle elle a \u00e9t\u00e9 <strong>plac\u00e9e en liquidation judiciaire.<\/strong><\/p>\n<p>\u00ab\u2009La concurrence du nouveau Cultura\u2009\u00bb<\/p>\n<p class=\" wall-content\">Le 6\u00a0mai, sa g\u00e9rante annon\u00e7ait la triste issue \u00e0 ses habitu\u00e9s\u2009:<\/p>\n<p>Vid\u00e9os : en ce moment sur Actu<\/p>\n<p class=\" wall-content\">\u00ab\u2009Nous sommes au regret de vous annoncer la fermeture d\u00e9finitive de la librairie \u00e0 partir du 12\u00a0mai. Malgr\u00e9 tous nos efforts pour maintenir \u00e0 flot la librairie, la concurrence du nouveau Cultura, l\u2019augmentation des charges et la diminution du chiffre d\u2019affaires ne nous permettent pas de continuer \u00e0 vous servir\u2009\u00bb.<\/p>\n<p class=\" wall-content\">Un discours qui n\u2019est pas sans rappeler celui tenu par la librairie de Blagnac, elle aussi en difficult\u00e9, et qui souligne la concurrence forte qu\u2019a amen\u00e9e dans ce secteur g\u00e9ographique <a href=\"https:\/\/actu.fr\/occitanie\/blagnac_31069\/cultura-va-ouvrir-un-nouveau-magasin-pres-de-toulouse-au-rez-de-chaussee-d-un-magasin-de-meubles_61503193.html\" rel=\"nofollow noopener\" target=\"_blank\">l\u2019ouverture en 2024 d\u2019un Cultura pr\u00e8s du centre commercial de Blagnac<\/a>.<\/p>\n<p class=\" wall-content\">La fermeture de la librairie-caf\u00e9 de L\u00e9guevin rappelle \u00e9galement la <strong>triste fin la librairie L\u2019Exemplaire<\/strong> dans la commune voisine de Plaisance-du-Touch, qui, apr\u00e8s des mois de lutte pour maintenir son activit\u00e9, <a href=\"https:\/\/actu.fr\/occitanie\/plaisance-du-touch_31424\/pres-de-toulouse-le-coeur-plein-de-tristesse-la-seule-librairie-de-cette-ville-ferme-ses-portes_58779497.html\" rel=\"nofollow noopener\" target=\"_blank\">avait d\u00fb d\u00e9finitivement fermer ses portes en avril\u00a02023<\/a>. L\u00e0 aussi la mort dans l\u2019\u00e2me.<\/p>\n<p>Coup de massue pour des habitants<\/p>\n<p class=\" wall-content\">Sur les r\u00e9seaux sociaux, les fid\u00e8les de la librairie de L\u00e9guevin ont exprim\u00e9 leur grande d\u00e9ception et apport\u00e9 leur soutien aux g\u00e9rants du lieu\u2009:<\/p>\n<p class=\" wall-content\">\u00ab\u2009Quel <strong>dommage,<\/strong> c\u2019\u00e9tait vraiment une <strong>chouette boutique<\/strong> et lieu d\u2019\u00e9change\u2026. Les temps sont vraiment compliqu\u00e9s\u2009\u00bb, exprimait Aurore.<\/p>\n<p class=\" wall-content\">\u00ab\u2009Trop triste\u2026 \u00e7a va \u00e9norm\u00e9ment me manquer\u2026 mon petit lait avec mes muffins pr\u00e9f\u00e9r\u00e9s tout chocolat &amp; aux p\u00e9pites\u2026 les livres\u2026 ton sourire\u2026 ta gentillesse\u2026 quel dommage\u2026 c\u2019\u00e9tait mon endroit pr\u00e9f\u00e9r\u00e9 de L\u00e9guevin\u2009\u00bb, se d\u00e9sesp\u00e9rait Sandrine<\/p>\n<p class=\" wall-content\">\u00ab<strong>\u2009Quelle tristesse<\/strong>\u2026 un commerce de proximit\u00e9 qui fait sens, accueillant, chaleureux, avec des supers conseils pour les livres et les jeux, <strong>grosse perte pour la commune<\/strong>\u2009\u00bb, t\u00e9moignait une autre habitante.<\/p>\n<p class=\" wall-content\">\u00ab\u2009Quelle<strong> \u00e9norme perte<\/strong> \u00e7a va \u00eatre\u2009!! <strong>Tellement triste<\/strong> pour vous, y avoir mis autant de c\u0153ur et d\u2019\u00e9nergie\u2009!!! Bon courage pour la derni\u00e8re ligne droite et pour la suite et un immense merci pour tout ce que vous nous avez apport\u00e9 ces derni\u00e8res ann\u00e9es\u2009\u00bb, remerciait de son c\u00f4t\u00e9 Rapha\u00eblle.<\/p>\n<p class=\" wall-content\">\u00ab<strong>\u2009Tr\u00e8s attrist\u00e9e pour L\u00e9guevin<\/strong> oui\u2026 Merci \u00e0 vous pour ces 10\u00a0ans de Caf\u00e9 des Livres, un lieu chaleureux o\u00f9 on a appr\u00e9ci\u00e9 aller\u2009! Bravo pour votre courage, votre travail, votre d\u00e9termination \u00e0 r\u00e9sister le plus longtemps possible face aux grands groupes Amazon, Cultura et autres\u2026 merci pour vos conseils et votre bonne humeur. On vous souhaite de vous r\u00e9aliser avec autant de joie dans la suite de vos projets\u2009\u00bb, r\u00e9sumait Anne-Laure.<\/p>\n<p>Bient\u00f4t une halle gourmande\u2009?<\/p>\n<p class=\" wall-content\">S\u2019ils ne peuvent plus acheter de livres, les habitants de la commune pourront, peut-\u00eatre, bient\u00f4t acheter des produits locaux dans une halle gourmande dont le chantier a repris apr\u00e8s des ann\u00e9es de retard. Une halle gourmande qui doit ouvrir courant 2025, selon le calendrier annonc\u00e9 par les porteurs du projet.<\/p>\n<p class=\" wall-content\">Suivez toute l\u2019actualit\u00e9 de vos villes et m\u00e9dias favoris en vous inscrivant \u00e0 <a href=\"https:\/\/moncompte.actu.fr\" title=\"D\u00e9couvez Mon Actu\" rel=\"nofollow noopener\" data-trk=\"{&quot;cta&quot;:{&quot;action&quot;:&quot;https:\\\/\\\/moncompte.actu.fr&quot;,&quot;category&quot;:&quot;mon compte&quot;,&quot;from&quot;:&quot;article footer&quot;,&quot;name&quot;:&quot;Mon actu&quot;,&quot;type&quot;:&quot;cta&quot;}}\" target=\"_blank\">Mon Actu<\/a>.<\/p>\n<ul class=\"ac-article-tag wall-content\">\n<li><a href=\"https:\/\/actu.fr\/tag\/commerce\" data-trk=\"{&quot;cta&quot;:{&quot;action&quot;:&quot;Commerce&quot;,&quot;category&quot;:&quot;tag&quot;,&quot;from&quot;:&quot;article footer&quot;,&quot;name&quot;:&quot;Commerce&quot;,&quot;type&quot;:&quot;cta&quot;}}\" rel=\"nofollow noopener\" target=\"_blank\">#Commerce<\/a><\/li>\n<li><a href=\"https:\/\/actu.fr\/tag\/sortir-a-toulouse\" data-trk=\"{&quot;cta&quot;:{&quot;action&quot;:&quot;Sortir \\u00e0 Toulouse&quot;,&quot;category&quot;:&quot;tag&quot;,&quot;from&quot;:&quot;article footer&quot;,&quot;name&quot;:&quot;Sortir \\u00e0 Toulouse&quot;,&quot;type&quot;:&quot;cta&quot;}}\" rel=\"nofollow noopener\" target=\"_blank\">#Sortir \u00e0 Toulouse<\/a><\/li>\n<\/ul>\n","protected":false},"excerpt":{"rendered":"Par David Saint-Sernin Publi\u00e9 le 28 mai 2025 \u00e0 12h53 Un environnement plut\u00f4t sympa avec la for\u00eat de&hellip;\n","protected":false},"author":2,"featured_media":136302,"comment_status":"","ping_status":"","sticky":false,"template":"","format":"standard","meta":{"footnotes":""},"categories":[2816],"tags":[1111,11,215,1777,674,1011,27,12,2680,25,104,1341,2312],"class_list":{"0":"post-136301","1":"post","2":"type-post","3":"status-publish","4":"format-standard","5":"has-post-thumbnail","7":"category-toulouse","8":"tag-actu","9":"tag-actualites","10":"tag-commerce","11":"tag-eu","12":"tag-europe","13":"tag-fr","14":"tag-france","15":"tag-news","16":"tag-occitanie","17":"tag-republique-francaise","18":"tag-societe","19":"tag-sortir-a-toulouse","20":"tag-toulouse"},"share_on_mastodon":{"url":"https:\/\/pubeurope.com\/@fr\/114589980769748249","error":""},"_links":{"self":[{"href":"https:\/\/www.europesays.com\/fr\/wp-json\/wp\/v2\/posts\/136301","targetHints":{"allow":["GET"]}}],"collection":[{"href":"https:\/\/www.europesays.com\/fr\/wp-json\/wp\/v2\/posts"}],"about":[{"href":"https:\/\/www.europesays.com\/fr\/wp-json\/wp\/v2\/types\/post"}],"author":[{"embeddable":true,"href":"https:\/\/www.europesays.com\/fr\/wp-json\/wp\/v2\/users\/2"}],"replies":[{"embeddable":true,"href":"https:\/\/www.europesays.com\/fr\/wp-json\/wp\/v2\/comments?post=136301"}],"version-history":[{"count":0,"href":"https:\/\/www.europesays.com\/fr\/wp-json\/wp\/v2\/posts\/136301\/revisions"}],"wp:featuredmedia":[{"embeddable":true,"href":"https:\/\/www.europesays.com\/fr\/wp-json\/wp\/v2\/media\/136302"}],"wp:attachment":[{"href":"https:\/\/www.europesays.com\/fr\/wp-json\/wp\/v2\/media?parent=136301"}],"wp:term":[{"taxonomy":"category","embeddable":true,"href":"https:\/\/www.europesays.com\/fr\/wp-json\/wp\/v2\/categories?post=136301"},{"taxonomy":"post_tag","embeddable":true,"href":"https:\/\/www.europesays.com\/fr\/wp-json\/wp\/v2\/tags?post=136301"}],"curies":[{"name":"wp","href":"https:\/\/api.w.org\/{rel}","templated":true}]}}