{"id":136311,"date":"2025-05-29T07:42:11","date_gmt":"2025-05-29T07:42:11","guid":{"rendered":"https:\/\/www.europesays.com\/fr\/136311\/"},"modified":"2025-05-29T07:42:11","modified_gmt":"2025-05-29T07:42:11","slug":"kyo-au-dome-festival-oh-les-beaux-jours-et-etoiles-du-drag-que-faire-a-marseille-pour-le-pont-de-lascension","status":"publish","type":"post","link":"https:\/\/www.europesays.com\/fr\/136311\/","title":{"rendered":"Kyo au D\u00f4me, festival \u00ab\u00a0Oh les beaux jours !\u00a0\u00bb et \u00e9toiles du drag&#8230; que faire \u00e0 Marseille pour le pont de l&rsquo;Ascension ?"},"content":{"rendered":"<p>Kyo, des tubes et une communion g\u00e9ante attendus ce vendredi 30\u00a0mai au D\u00f4me<\/p>\n<p>Les retrouvailles promettent d&rsquo;\u00eatre fortes ce vendredi 30\u00a0mai au D\u00f4me entre le groupe Kyo et plusieurs milliers de fans attendus pour faire vibrer la salle de Saint-Just. Car au-del\u00e0 d&rsquo;un ph\u00e9nom\u00e8ne des ann\u00e9es 2000, le groupe a gard\u00e9 une base de fans cons\u00e9quente, m\u00eame si l&rsquo;\u00e9cho aupr\u00e8s du grand public s&rsquo;est quelque peu estomp\u00e9 au fil du temps. La bande emmen\u00e9e par le chanteur, Beno\u00eet Poher, a n\u00e9anmoins renou\u00e9 avec le succ\u00e8s ces derni\u00e8res ann\u00e9es.<\/p>\n<p>En\u00a02021 d&rsquo;abord, avec l&rsquo;album La part des lions. Et en d\u00e9voilant en\u00a02023 une r\u00e9\u00e9dition de l&rsquo;album Le Chemin pour en c\u00e9l\u00e9brer les vingt ans, puis de 300 l\u00e9sions (2004) et de L&rsquo;\u00c9quilibre (2014) parues l&rsquo;an dernier. Trois disques sur lesquels figurent des chansons in\u00e9dites, incarnant le renouveau de Kyo. D&rsquo;ailleurs, ce qui devait \u00eatre une date unique pour f\u00eater en\u00a02023 les vingt ans de l&rsquo;album Le Chemin s&rsquo;est transform\u00e9 <a href=\"https:\/\/www.laprovence.com\/article\/culture-loisirs\/1046392777635515\/on-termine-une-comedie-musicale-sur-monte-cristo-le-groupe-kyo-a-rencontre-nos-lecteurs-a-marseille\" target=\"_blank\" rel=\"nofollow noopener\">en tourn\u00e9e nationale, dont le D\u00f4me sera l&rsquo;une des derni\u00e8res dates<\/a>.<\/p>\n<p>Le groupe finalise en m\u00eame temps un tout nouvel album, dont Beno\u00eet Poher et son complice de guitare Nicolas Chassagne avaient d\u00e9voil\u00e9 quelques \u00e9l\u00e9ments <a href=\"https:\/\/www.laprovence.com\/article\/culture-loisirs\/1058378761012615\/le-sentiment-de-retomber-en-adolescence-ce-quon-pense-nos-lecteurs-de-leur-rencontre-avec-kyo\" target=\"_blank\" rel=\"nofollow noopener\">lors d&rsquo;une rencontre il y a un mois avec les lecteurs de <\/a><a href=\"https:\/\/www.laprovence.com\/article\/culture-loisirs\/1058378761012615\/le-sentiment-de-retomber-en-adolescence-ce-quon-pense-nos-lecteurs-de-leur-rencontre-avec-kyo\" target=\"_blank\" rel=\"nofollow noopener\">La Provence<\/a>\u00a0: \u00ab\u00a0Le premier morceau qu&rsquo;on va sortir a d\u00e9j\u00e0 un an et demi, on l&rsquo;a choisi car il est tr\u00e8s sc\u00e8ne et devrait d&rsquo;ailleurs \u00eatre jou\u00e9 au D\u00f4me. Dans une autre vibe, on aura ensuite un autre single qui s&rsquo;appelle Vendetta.\u00a0\u00bb Et quand Nicolas Chassagne assurait que le disque est \u00ab\u00a0la suite logique de ta vie\u00a0\u00bb \u00e0 son ami, ce dernier ajoutait\u00a0: \u00ab\u00a0Et l\u00e0 elle a \u00e9t\u00e9 chaotique.\u00a0Une chanson commence par \u00ab\u00a0Ma vie c&rsquo;\u00e9tait le clip de Formidable, mais sans les cam\u00e9ras\u00a0\u00bb, c&rsquo;est dire.\u00a0\u00bb<\/p>\n<p>Outre les nouveaut\u00e9s qui seront particuli\u00e8rement scrut\u00e9es, les fans sont \u00e9videmment attendus pour entonner les grands classiques de Kyo, qui avaient d\u00e9ferl\u00e9 dans les ann\u00e9es\u00a02000 sur toutes les radios. Que ce soit Le Chemin, Derni\u00e8re Danse, Je Cours ou encore Contact, chacun de ces morceaux a marqu\u00e9 l&rsquo;histoire du groupe. Dont les musiciens ont donn\u00e9 une nouvelle vie \u00e0 leurs tubes en les reprenant notamment avec d&rsquo;autres artistes. Ce fut le cas pour Derni\u00e8re Danse, chant\u00e9e en duo avec C\u0153ur de Pirate, ou encore Je Cours, repris avec Nuit Incolore. \u00ab\u00a0Tout l&rsquo;enjeu \u00e9tait de retoucher ces morceaux sans que les fans de longue date le prennent pour un sacril\u00e8ge\u00a0\u00bb, avaient confi\u00e9 les artistes lors de leur venue le mois dernier dans nos locaux.<\/p>\n<p><strong>Demain \u00e0 20\u00a0h au D\u00f4me (4e). De 39 \u00e0 45\u00a0\u20ac, dome.marseille.fr<\/strong>&#13;\n<\/p>\n<p>Nos coups de c\u0153ur pour le festival Oh Les beaux jours\u00a0!<br \/>\n<img alt=\"L'auteur compositeur interpr\u00e8te et \u00e9crivain Bertrand Belin pr\u00e9sente au festival Oh Les beaux jours ! son dernier livre &quot;Les Figures&quot;.\" loading=\"lazy\" decoding=\"async\" data-nimg=\"fill\" class=\" TwicCore_img__i9TC1 undefined  undefined\" style=\"position:absolute;height:100%;width:100%;left:0;top:0;right:0;bottom:0;color:transparent;background-size:cover;background-position:50% 50%;background-repeat:no-repeat;background-image:url(&quot;data:image\/svg+xml;charset=utf-8,%3Csvg xmlns='http:\/\/www.w3.org\/2000\/svg' %3E%3Cfilter id='b' color-interpolation-filters='sRGB'%3E%3CfeGaussianBlur stdDeviation='20'\/%3E%3CfeColorMatrix values='1 0 0 0 0 0 1 0 0 0 0 0 1 0 0 0 0 0 100 -1' result='s'\/%3E%3CfeFlood x='0' y='0' width='100%25' height='100%25'\/%3E%3CfeComposite operator='out' in='s'\/%3E%3CfeComposite in2='SourceGraphic'\/%3E%3CfeGaussianBlur stdDeviation='20'\/%3E%3C\/filter%3E%3Cimage width='100%25' height='100%25' x='0' y='0' preserveAspectRatio='none' style='filter: url(%23b);' href='https:\/\/pictures.laprovence.com\/cdn-cgi\/image\/blur=250\/media\/melody\/2025\/05\/29\/l-auteur-compositeur-interprete-et-ecrivain-bertrand-belin-presente-au-festival-oh-les-beaux-jours-s-1748503512_fb8e96b1e6386109e96b1e638049e9v_.jpg'\/%3E%3C\/svg%3E&quot;)\"   src=\"https:\/\/www.europesays.com\/fr\/wp-content\/uploads\/2025\/05\/l-auteur-compositeur-interprete-et-ecrivain-bertrand-belin-presente-au-festival-oh-les-beaux-jours-s.jpeg\"\/>L&rsquo;auteur compositeur interpr\u00e8te et \u00e9crivain Bertrand Belin pr\u00e9sente au festival Oh Les beaux jours ! son dernier livre \u00ab\u00a0Les Figures\u00a0\u00bb. \/ PHOTO J\u00e9r\u00f4me Rey<\/p>\n<p><a href=\"https:\/\/www.laprovence.com\/article\/region\/6626054210515814\/decouvrez-la-belle-programmation-du-festival-oh-les-beaux-jours-a-marseille\" target=\"_blank\" rel=\"nofollow noopener\">Le festival d\u00e9bute aujourd&rsquo;hui<\/a> par une soir\u00e9e o\u00f9 six auteurs r\u00e9v\u00e8lent le rapport passionnel qu&rsquo;ils entretiennent avec Myl\u00e8ne Farmer dans La nuit Myl\u00e8ne. Tout est chaos\u00a0? au th\u00e9\u00e2tre national de Marseille (7e) \u00e0 21h (de 10 \u00e0 15\u00a0\u20ac). Vendredi 30 mai, \u00e0 16h, le musicien breton \u00ab\u00a0amoureux des mots\u00a0\u00bb Bertrand Belin, que l&rsquo;on a vu aussi au cin\u00e9ma dans L&rsquo;Amour et les for\u00eats, \u00e9voque son cinqui\u00e8me roman La Figure au conservatoire Pierre Barbizet (gratuit). Toujours ce vendredi \u00e0 21\u00a0heures \u00e0 La Cri\u00e9e (7e), une belle soir\u00e9e s&rsquo;annonce avec l&rsquo;ancienne garde des Sceaux Christiane Taubira et son amie Barbara Hendricks autour de leur Biblioth\u00e8que id\u00e9ale (de 20 \u00e0 25\u00a0\u20ac). L&rsquo;\u00e9crivain franco-venezuelien <a href=\"https:\/\/www.laprovence.com\/article\/festival-davignon\/55572122088725\/l-auteur-du-reve-du-jaguar-miguel-bonnefoy-j-ecris-chaque-livre-avec-honnetete-et-sincerite\" target=\"_blank\" rel=\"nofollow noopener\">Miguel Bonnefoy pr\u00e9sente son dernier ouvrage<\/a>, succ\u00e8s en librairie, Le R\u00eave du jaguar,<strong> <\/strong>ce vendredi \u00e0 14h \u00e0 la biblioth\u00e8que de l&rsquo;Alcazar (gratuit). L&rsquo;auteur hongrois L\u00e1szl\u00f3 Krasznahorkai est ce samedi 31 mai \u00e0 17h \u00e0 La Cri\u00e9e (7e) (gratuit). On peut entendre la lecture musicale de Fran\u00e7ois Morel, J&rsquo;ai beaucoup d&rsquo;amis et chacun est le meilleur \u00e9galement ce samedi \u00e0 19h \u00e0 La Cri\u00e9e (7e) ou la performance collective le Kometa Comedy Club. \u00c9crire pour r\u00e9sister, avec Charline Vanhoenacker, le m\u00eame soir \u00e0 21h au conservatoire Pierre Barbizet (1er) (de 15 \u00e0 20\u00a0\u20ac). Clara Ys\u00e9 forte de son tr\u00e8s bel album Oceano Nox, donne une lecture musicale de son recueil de po\u00e8mes Vivante ce dimanche\u00a0au Mucem, fort Saint-Jean (2e) \u00e0 20h, puis l&rsquo;artiste Voyou et l&rsquo;auteur de BD Cyril Pedrosa concoctent un concert dessin\u00e9 Les Royaumes invisibles \u00e0 21h30 au m\u00eame endroit (de 21 \u00e0 25\u00a0\u20ac).<\/p>\n<p><strong>Infos et tarifs sur : ohlesbeauxjours.fr<\/strong>&#13;\n<\/p>\n<p>Clean My Calanques fait son festival \u00e0 La Friche la Belle-de-Mai<br \/>\n<img alt=\"Th\u00e9o Le Vigoureux alias Fakear participera samedi 28 septembre \u00e0 une conf\u00e9rence sur l'\u00e9cologie dans les festivals, avant d'offrir un DJ set au public sur le toit terrasse de La Friche, \u00e0 Marseille, dans le cadre de l'Utopia Festival.\" loading=\"lazy\" decoding=\"async\" data-nimg=\"fill\" class=\" TwicCore_img__i9TC1 undefined  undefined\" style=\"position:absolute;height:100%;width:100%;left:0;top:0;right:0;bottom:0;color:transparent;background-size:cover;background-position:50% 50%;background-repeat:no-repeat;background-image:url(&quot;data:image\/svg+xml;charset=utf-8,%3Csvg xmlns='http:\/\/www.w3.org\/2000\/svg' %3E%3Cfilter id='b' color-interpolation-filters='sRGB'%3E%3CfeGaussianBlur stdDeviation='20'\/%3E%3CfeColorMatrix values='1 0 0 0 0 0 1 0 0 0 0 0 1 0 0 0 0 0 100 -1' result='s'\/%3E%3CfeFlood x='0' y='0' width='100%25' height='100%25'\/%3E%3CfeComposite operator='out' in='s'\/%3E%3CfeComposite in2='SourceGraphic'\/%3E%3CfeGaussianBlur stdDeviation='20'\/%3E%3C\/filter%3E%3Cimage width='100%25' height='100%25' x='0' y='0' preserveAspectRatio='none' style='filter: url(%23b);' href='https:\/\/pictures.laprovence.com\/cdn-cgi\/image\/blur=250\/media\/melody\/2025\/05\/29\/theo-le-vigoureux-alias-fakear-participera-samedi-28-septembre-a-une-conference-sur-l-ecologie-dans-1748503512_20a15d5d8047624a15d5d804708a15v_.jpg'\/%3E%3C\/svg%3E&quot;)\"   src=\"https:\/\/www.europesays.com\/fr\/wp-content\/uploads\/2025\/05\/theo-le-vigoureux-alias-fakear-participera-samedi-28-septembre-a-une-conference-sur-l-ecologie-dans-.jpeg\"\/>Th\u00e9o Le Vigoureux alias Fakear participera samedi 28 septembre \u00e0 une conf\u00e9rence sur l&rsquo;\u00e9cologie dans les festivals, avant d&rsquo;offrir un DJ set au public sur le toit terrasse de La Friche, \u00e0 Marseille, dans le cadre de l&rsquo;Utopia Festival. \/ Photo Sarah Makharine<\/p>\n<p>Connue pour ses sessions de nettoyage \u00e0 raison d&rsquo;une fois par mois, en ville et sur le littoral marseillais, Clean My Calanques m\u00e8ne \u00e9galement des actions de sensibilisation, notamment aupr\u00e8s des jeunes. Pour 183 sorties organis\u00e9es, l&rsquo;association a d\u00e9j\u00e0 ramass\u00e9 66 210 kg de d\u00e9chets et touch\u00e9 15 500 \u00e9l\u00e8ves. Afin de sensibiliser le plus grand nombre, elle a imagin\u00e9 un festival qui se tient ce samedi 31 mai \u00e0 La Friche la Belle-de-Mai de 16\u2009h \u00e0 5\u2009h du matin.<\/p>\n<p>Tout l&rsquo;apr\u00e8s-midi, le public pourra rencontrer, le long des stands associatifs, diff\u00e9rents acteurs qui \u0153uvrent pour la pr\u00e9servation de la plan\u00e8te, mais aussi assister \u00e0 des conf\u00e9rences autour de la th\u00e9matique. Les Jobastres et le Garage Comedy Club apporteront leur touche d&rsquo;humour pour r\u00e9fl\u00e9chir tout en se marrant. \u00c0 partir de 19\u2009h, l&rsquo;\u00e9v\u00e9nement se fera musical avec des concerts pr\u00e9vus sur le toit-terrasse. On y \u00e9coutera Fakear, producteur de musique \u00e9lectronique et musicien, sensible \u00e0 la question de la plan\u00e8te, dont les compositions se veulent apaisantes et cin\u00e9matographiques, en empruntant aux textures sonores du monde entier. La Marseillaise Amalia livrera, elle, ses textes rapp\u00e9s au sein d&rsquo;un univers musical urbain et solaire. Tandis que le collectif Twerkistan fera son show, incendiaire, qui invite \u00e0 la danse. D\u00e8s 23\u2009h\u200930, la soir\u00e9e se prolongera au Cabaret Al\u00e9atoire pour un after \u00e9lectro avec Oyster Catcher, Perdu et Retrouv\u00e9, Dora, Positiv Energy, Kevin Dysk, Qah\u00f6g, Jiouly et PozClope.<\/p>\n<p><strong>Samedi de 16h \u00e0 5h \u00e0 La Friche (3e). Gratuit en journ\u00e9e\u00a0; 11\u20ac pour les concerts sur le toit-terrasse ; 7,99\u20ac pour l&rsquo;after au Cabaret Al\u00e9atoire. lafriche.org, cleanmycalanques.fr<\/strong>&#13;\n<\/p>\n<p>Les \u00c9toiles du drag vont scintiller trois jours<br \/>\n<img alt=\"Miss Martini, drag-queen marseillaise et coproductrice des \u00c9toiles du drag.\" loading=\"lazy\" decoding=\"async\" data-nimg=\"fill\" class=\" TwicCore_img__i9TC1 undefined  undefined\" style=\"position:absolute;height:100%;width:100%;left:0;top:0;right:0;bottom:0;color:transparent;background-size:cover;background-position:50% 50%;background-repeat:no-repeat;background-image:url(&quot;data:image\/svg+xml;charset=utf-8,%3Csvg xmlns='http:\/\/www.w3.org\/2000\/svg' %3E%3Cfilter id='b' color-interpolation-filters='sRGB'%3E%3CfeGaussianBlur stdDeviation='20'\/%3E%3CfeColorMatrix values='1 0 0 0 0 0 1 0 0 0 0 0 1 0 0 0 0 0 100 -1' result='s'\/%3E%3CfeFlood x='0' y='0' width='100%25' height='100%25'\/%3E%3CfeComposite operator='out' in='s'\/%3E%3CfeComposite in2='SourceGraphic'\/%3E%3CfeGaussianBlur stdDeviation='20'\/%3E%3C\/filter%3E%3Cimage width='100%25' height='100%25' x='0' y='0' preserveAspectRatio='none' style='filter: url(%23b);' href='https:\/\/pictures.laprovence.com\/cdn-cgi\/image\/blur=250\/media\/melody\/2025\/05\/29\/miss-martini-drag-queen-marseillaise-et-coproductrice-des-etoiles-du-drag-1748503512_357e59ec27386597e59ec2738dd7e5v_.jpg'\/%3E%3C\/svg%3E&quot;)\"   src=\"https:\/\/www.europesays.com\/fr\/wp-content\/uploads\/2025\/05\/miss-martini-drag-queen-marseillaise-et-coproductrice-des-etoiles-du-drag-1748503512_357e59ec2738659.jpeg\"\/>Miss Martini, drag-queen marseillaise et coproductrice des \u00c9toiles du drag. \/ Photo M. Serra<\/p>\n<p>C&rsquo;est une premi\u00e8re qui fera date \u00e0 Marseille, et plus largement dans le sud de la France. Apr\u00e8s deux \u00e9ditions concentr\u00e9es sur une seule journ\u00e9e, le festival Les \u00c9toiles du drag s&rsquo;\u00e9tendra d\u00e8s ce vendredi 30 mai sur trois jours, pendant lesquels les talents de Provence vont faire le show. Car le programme, dispers\u00e9 entre le cabaret L&rsquo;\u00c9toile Bleue et la guinguette Chez Mano (5e), sera cons\u00e9quent avec les incontournables de la culture drag, que ce soit le bingo, le brunch ou encore le talent show.<\/p>\n<p>Ce dernier, qui aura lieu samedi 31, sera ouvert aux queens, kings, cr\u00e9atures et performeurs. Chaque participant devra faire d\u00e9monstration de son savoir-faire artistique libre de choix, face \u00e0 un jury qui comptera deux r\u00e9f\u00e9rences du drag : Icee Drag On, finaliste de La France a un incroyable talent en\u00a02021, et la diva marseillaise Ruby on the Nail, finaliste de Drag Race France l&rsquo;an dernier.<\/p>\n<p>Pour \u00e9laborer l&rsquo;\u00e9v\u00e9nement in\u00e9dit, le cabaret L&rsquo;\u00c9toile Bleue et la drag-queen marseillaise Miss Martini se sont associ\u00e9s, avec l&rsquo;id\u00e9e d&rsquo;ouvrir le drag \u00e0 un public large. Que l&rsquo;on soit membre de la communaut\u00e9 LGBTQIA +\u00a0ou simple amateur de spectacle, chacun est convi\u00e9 \u00e0 c\u00e9l\u00e9brer les valeurs de tol\u00e9rance et d&rsquo;inclusivit\u00e9. Qui seront par ailleurs au centre des discussions lors de la table ronde organis\u00e9e le dimanche, qui abordera les identit\u00e9s queers.<\/p>\n<p><strong>Du 30\u00a0mai au 1er\u00a0juin\u00a02025 au cabaret L&rsquo;\u00c9toile Bleue et \u00e0 la guinguette Chez Mano (5e). Pass 3 jours 85\u20ac ou \u00e0 partir de 14\u20ac pour assister \u00e0 un \u00e9v\u00e9nement. Retrouvez tous les tarifs et le programme d\u00e9taill\u00e9 sur www.cabaretletoilebleue.fr<\/strong>&#13;\n<\/p>\n<p>Op\u00e9ra : \u00ab\u00a0Le Trouv\u00e8re\u00a0\u00bb de Verdi pour cl\u00f4turer la saison<\/p>\n<p>Le Trouv\u00e8re de Giuseppe Verdi, op\u00e9ra cr\u00e9\u00e9 en\u00a01953, d&rsquo;apr\u00e8s le drame espagnol El Trovador d&rsquo;Antonio Garc\u00eda Guti\u00e9rrez au th\u00e9\u00e2tre Apollo de Rome a connu un succ\u00e8s imm\u00e9diat. Avec Rigoletto et La Traviata (la trilogie populaire), Le Trouv\u00e8re compte parmi les productions de l&rsquo;\u00e2ge d&rsquo;or du compositeur italien. Il est impossible de ne pas tr\u00e9pigner au moment du ch\u0153ur de la forge des com\u00e9diens. Pour cl\u00f4turer la saison de l&rsquo;Op\u00e9ra de Marseille, l&rsquo;op\u00e9ra en quatre actes coproduit par l&rsquo;Op\u00e9ra de Saint-Etienne et l&rsquo;Op\u00e9ra de Marseille, sera dirig\u00e9 par le chef Michele Spotti et mis en sc\u00e8ne par Louis D\u00e9sir\u00e9. Il r\u00e9unira la soprano Ang\u00e9lique Boudeville, la mezzo soprano Aude Extr\u00e9mo et dans le r\u00f4le-titre, Teodor Ilinc\u0103i.<\/p>\n<p><strong>Ce dimanche 1er\u00a0juin \u00e0 14 h 30 \u00e0 l&rsquo;Op\u00e9ra de Marseille (1er). De 10 \u00e0 14\u00a0\u20ac. billetterie.marseille.fr.<\/strong>&#13;\n<\/p>\n<p>Culture(s) en Terrasse<\/p>\n<p>Et si vous vous offriez un bol de culture avant ou apr\u00e8s votre shopping aux Terrasses du port, sur l&rsquo;esplanade, avec vue panoramique sur la rade\u00a0? Culture(s) en Terrasse met la culture m\u00e9diterran\u00e9enne \u00e0 l&rsquo;honneur. Un partenariat in\u00e9dit avec le Mucem pr\u00e9sentera des reproductions des \u0153uvres de Herv\u00e9 Di Rosa, l&rsquo;artiste s\u00e9tois au regard joyeux et engag\u00e9 actuellement expos\u00e9 au Mus\u00e9e national (photo ci-dessous David Rossi). Le samedi 31\u00a0mai, de 15h \u00e0 18h, danseurs, percussionnistes, \u00e9chassiers d\u00e9ambuleront. Le village enfants accueillera des animations gratuites, ateliers \u00e9criture parents\/enfants, blind tests culinaires, lectures de contes, initiation \u00e0 la danse traditionnelle sirtaki (danse grecque). Et un espace librairie accueillera des auteurs et \u00e9diteurs de la r\u00e9gion.<\/p>\n<p><strong>Inscriptions pour les animations pour enfants (gratuites) lesterrassesduport.com<\/strong>&#13;\n<\/p>\n<p>Eargasm \u00e0 la Citadelle<br \/>\n<img alt=\"Les soir\u00e9es \u00e0 la Citadelle de Marseille.\" loading=\"lazy\" decoding=\"async\" data-nimg=\"fill\" class=\" TwicCore_img__i9TC1 undefined  undefined\" style=\"position:absolute;height:100%;width:100%;left:0;top:0;right:0;bottom:0;color:transparent;background-size:cover;background-position:50% 50%;background-repeat:no-repeat;background-image:url(&quot;data:image\/svg+xml;charset=utf-8,%3Csvg xmlns='http:\/\/www.w3.org\/2000\/svg' %3E%3Cfilter id='b' color-interpolation-filters='sRGB'%3E%3CfeGaussianBlur stdDeviation='20'\/%3E%3CfeColorMatrix values='1 0 0 0 0 0 1 0 0 0 0 0 1 0 0 0 0 0 100 -1' result='s'\/%3E%3CfeFlood x='0' y='0' width='100%25' height='100%25'\/%3E%3CfeComposite operator='out' in='s'\/%3E%3CfeComposite in2='SourceGraphic'\/%3E%3CfeGaussianBlur stdDeviation='20'\/%3E%3C\/filter%3E%3Cimage width='100%25' height='100%25' x='0' y='0' preserveAspectRatio='none' style='filter: url(%23b);' href='https:\/\/pictures.laprovence.com\/cdn-cgi\/image\/blur=250\/media\/melody\/2025\/05\/29\/les-soirees-a-la-citadelle-de-marseille-ici-dj-set-de-julia-lanoe-alias-rebeka-warrior-festival-au-l-1748503513_b31cce9237386a71cce923738ab1ccv_.jpg'\/%3E%3C\/svg%3E&quot;)\"   src=\"https:\/\/www.europesays.com\/fr\/wp-content\/uploads\/2025\/05\/les-soirees-a-la-citadelle-de-marseille-ici-dj-set-de-julia-lanoe-alias-rebeka-warrior-festival-au-l.jpeg\"\/>Les soir\u00e9es \u00e0 la Citadelle de Marseille. \/ Photo archives David ROSSI<\/p>\n<p>Le collectif Eargasm lance samedi sa saison estivale \u00e0 la Citadelle de Marseille. L&rsquo;occasion de vibrer sur les sons \u00e9lectro dans ce lieu charg\u00e9 d&rsquo;histoire, avec vue sur le Vieux-Port et la M\u00e9diterran\u00e9e. Pour cette premi\u00e8re de la saison, les \u00e9quipes ont programm\u00e9 REELOW, artiste international, d&rsquo;origine hongroise et qui vit \u00e0 Barcelone, reconnu pour ses sets explosifs. Seront aussi aux platines pour assurer l&rsquo;apr\u00e8s-midi et la soir\u00e9e\u00a0: Huggz, JODIE, les Marseillais COSOCO et Loic Tonetti, fondateurs d&rsquo;Eargasm.<\/p>\n<p><strong>Samedi 31 mai de 15h \u00e0 23h30. Mont\u00e9e du Souvenir (7e). 10 \u00e0 27\u20ac. citadelledemarseille.org<\/strong><\/p>\n","protected":false},"excerpt":{"rendered":"Kyo, des tubes et une communion g\u00e9ante attendus ce vendredi 30\u00a0mai au D\u00f4me Les retrouvailles promettent d&rsquo;\u00eatre fortes&hellip;\n","protected":false},"author":2,"featured_media":136312,"comment_status":"","ping_status":"","sticky":false,"template":"","format":"standard","meta":{"footnotes":""},"categories":[2814],"tags":[17,1111,11,7284,251,11390,1777,674,849,1011,27,7285,10065,151,884,12,16228,882,25],"class_list":{"0":"post-136311","1":"post","2":"type-post","3":"status-publish","4":"format-standard","5":"has-post-thumbnail","7":"category-marseille","8":"tag-17","9":"tag-actu","10":"tag-actualites","11":"tag-beaux","12":"tag-culture","13":"tag-dome","14":"tag-eu","15":"tag-europe","16":"tag-festival","17":"tag-fr","18":"tag-france","19":"tag-jours","20":"tag-kyo","21":"tag-les","22":"tag-marseille","23":"tag-news","24":"tag-oh","25":"tag-provence-alpes-cote-dazur","26":"tag-republique-francaise"},"share_on_mastodon":{"url":"https:\/\/pubeurope.com\/@fr\/114590000580779883","error":""},"_links":{"self":[{"href":"https:\/\/www.europesays.com\/fr\/wp-json\/wp\/v2\/posts\/136311","targetHints":{"allow":["GET"]}}],"collection":[{"href":"https:\/\/www.europesays.com\/fr\/wp-json\/wp\/v2\/posts"}],"about":[{"href":"https:\/\/www.europesays.com\/fr\/wp-json\/wp\/v2\/types\/post"}],"author":[{"embeddable":true,"href":"https:\/\/www.europesays.com\/fr\/wp-json\/wp\/v2\/users\/2"}],"replies":[{"embeddable":true,"href":"https:\/\/www.europesays.com\/fr\/wp-json\/wp\/v2\/comments?post=136311"}],"version-history":[{"count":0,"href":"https:\/\/www.europesays.com\/fr\/wp-json\/wp\/v2\/posts\/136311\/revisions"}],"wp:featuredmedia":[{"embeddable":true,"href":"https:\/\/www.europesays.com\/fr\/wp-json\/wp\/v2\/media\/136312"}],"wp:attachment":[{"href":"https:\/\/www.europesays.com\/fr\/wp-json\/wp\/v2\/media?parent=136311"}],"wp:term":[{"taxonomy":"category","embeddable":true,"href":"https:\/\/www.europesays.com\/fr\/wp-json\/wp\/v2\/categories?post=136311"},{"taxonomy":"post_tag","embeddable":true,"href":"https:\/\/www.europesays.com\/fr\/wp-json\/wp\/v2\/tags?post=136311"}],"curies":[{"name":"wp","href":"https:\/\/api.w.org\/{rel}","templated":true}]}}