{"id":136315,"date":"2025-05-29T07:44:09","date_gmt":"2025-05-29T07:44:09","guid":{"rendered":"https:\/\/www.europesays.com\/fr\/136315\/"},"modified":"2025-05-29T07:44:09","modified_gmt":"2025-05-29T07:44:09","slug":"a-lyon-une-villa-et-un-jardin-partage-pour-permettre-aux-jeunes-sortis-de-laide-sociale-a-lenfance-de-prendre-leur-envol","status":"publish","type":"post","link":"https:\/\/www.europesays.com\/fr\/136315\/","title":{"rendered":"\u00c0 Lyon, une villa et un jardin partag\u00e9 pour permettre aux jeunes sortis de l\u2019aide sociale \u00e0 l\u2019enfance de prendre \u00ableur envol\u00bb"},"content":{"rendered":"<p><strong>REPORTAGE &#8211;<\/strong> La m\u00e9tropole de Lyon a inaugur\u00e9 mercredi un lieu hybride baptis\u00e9 Casa Ricochet, accueillant des logements pour les jeunes sortis de la protection de l\u2019enfance dans un cadre verdoyant.<\/p>\n<p class=\"fig-paragraph\">Comment faire pour que les jeunes de l\u2019Aide sociale \u00e0 l\u2019enfance (ASE) cessent de venir grossir le nombre de sans-abri. Alors que\u00a0<a href=\"http:\/\/www.lefigaro.fr\/actualite-france\/aide-sociale-a-l-enfance-un-rapport-parlementaire-exhorte-a-agir-vite-20250408\" data-fig-type=\"NewsFlash\" data-gtm-custom-categorie=\"navigation\" data-gtm-custom-action=\"crossclick\" data-gtm-custom-label=\"Contextuel\" data-gtm-event=\"customEventSPE\" data-fig-domain=\"LEFIGARO\" rel=\"nofollow noopener\" target=\"_blank\">le rapport Santiago a illustr\u00e9 la situation alarmante de la protection de l\u2019enfance en France<\/a>, la\u00a0<a href=\"http:\/\/www.lefigaro.fr\/lyon\/lyon-bruno-bernard-un-president-de-metropole-puissant-mais-meconnu-20230324\" data-fig-type=\"Article\" data-gtm-custom-categorie=\"navigation\" data-gtm-custom-action=\"crossclick\" data-gtm-custom-label=\"Contextuel\" data-gtm-event=\"customEventSPE\" data-fig-domain=\"LEFIGARO\" rel=\"nofollow noopener\" target=\"_blank\">m\u00e9tropole de Lyon<\/a>\u00a0a ouvert un lieu hybride dans le 8e arrondissement \u00e0 destination des 18-21 ans qui sortent de ce dispositif. \u00abUn projet in\u00e9dit d\u2019insertion sociale et de transition \u00e9cologique\u00bb, baptis\u00e9 Casa Ricochet. Il a \u00e9t\u00e9 cr\u00e9\u00e9 en partenariat avec Alyn\u00e9a, l\u2019association qui organise le Samu social \u00e0 Lyon, et le Passe jardin, qui g\u00e8re les 240 jardins partag\u00e9s de la m\u00e9tropole depuis 20 ans. Elle dispose de six studios dans un pavillon r\u00e9nov\u00e9 du quartier Sans Souci, entour\u00e9 d\u2019un jardin partag\u00e9 accessible \u00e0 tous. Ce projet baptis\u00e9 \u00abplan A\u00bb propose 14 autres logements sur d\u2019autres sites.<\/p>\n<p class=\"fig-paragraph\">\u00abLa Casa Ricochet apporte une r\u00e9ponse innovante \u00e0 des besoins identifi\u00e9s de longue date\u00a0: ceux de jeunes majeurs sortis de la Protection de l\u2019enfance, en rupture et trop souvent laiss\u00e9s sans solution adapt\u00e9e par nos dispositifs traditionnels\u00bb, s\u2019est r\u00e9joui\u00a0<a href=\"https:\/\/www.lefigaro.fr\/actualite-france\/bruno-bernard-eelv-il-y-a-une-incomprehension-des-citoyens-20230613\" data-fig-type=\"Article\" data-gtm-custom-categorie=\"navigation\" data-gtm-custom-action=\"crossclick\" data-gtm-custom-label=\"Contextuel\" data-gtm-event=\"customEventSPE\" data-fig-domain=\"LEFIGARO\" rel=\"nofollow noopener\" target=\"_blank\">Bruno Bernard<\/a>\u00a0(EELV), le pr\u00e9sident de la m\u00e9tropole. Le b\u00e2timent, appartenant \u00e0 la ville de Lyon a \u00e9t\u00e9 mis \u00e0 disposition pour 20 ans. D\u2019importants travaux de r\u00e9habilitation ont d\u00fb \u00eatre men\u00e9s pour remettre en \u00e9tat cette maison auparavant squatt\u00e9e. Les six studios sont habit\u00e9s depuis le 1er avril. Le dernier \u00e9tage est d\u00e9sormais occup\u00e9 par les bureaux de l\u2019association Passe jardin.<\/p>\n<p>    La m\u00e9tropole de Lyon apporte un soutien financier de plus de 700.000 euros par an, tandis que le b\u00e2timent, appartenant \u00e0 la ville de Lyon, a \u00e9t\u00e9 mis \u00e0 disposition pour 20 ans.<br \/>\n                Le Figaro Lyon<\/p>\n<p class=\"fig-paragraph\">L\u2019id\u00e9e est de placer dans un cadre agr\u00e9able ces jeunes au \u00abparcours caboss\u00e9\u00bb, notamment de nombreux mineurs non accompagn\u00e9s, et de les aider \u00e0 \u00abprendre leur envol\u00bb, image Alyn\u00e9a. Le tout dans un quartier \u00e9tudiant bien desservi par le m\u00e9tro. L\u2019association a remport\u00e9 un appel \u00e0 projet de la m\u00e9tropole pass\u00e9 dans le cadre de la loi Taquet de 2022 qui demande aux d\u00e9partements, en charge de la comp\u00e9tence sociale, de d\u00e9velopper l\u2019accompagnement apr\u00e8s la majorit\u00e9.<\/p>\n<p>Couper avec la logique des foyers de l\u2019ASE<\/p>\n<p class=\"fig-paragraph\">Alyn\u00e9a l\u2019a d\u00e9velopp\u00e9 sur deux piliers\u00a0: les logements et le \u00ablieu ressource\u00bb d\u2019accompagnement des 20 jeunes d\u2019une part, le jardin partag\u00e9 (pens\u00e9 \u00abcomme un lieu de rencontres, d\u2019apprentissage et de cr\u00e9ation collective\u00bb) d\u2019autre part. L\u2019objectif est d\u2019am\u00e9liorer les statistiques, qui comptabilisent un quart d\u2019anciens enfants de l\u2019ASE parmi les personnes vivant \u00e0 la rue.<\/p>\n<p class=\"fig-paragraph\">Nouvelle r\u00e9sidente de la Casa Ricochet, Yannoura a ainsi appris \u00e0 planter des arbres. \u00abJ\u2019ai \u00e9t\u00e9 plac\u00e9e pour la premi\u00e8re fois \u00e0 trois ans et je n\u2019avais pas une bonne image de la protection de l\u2019enfance jusqu\u2019ici, t\u00e9moigne-t-elle devant le parterre d\u2019\u00e9lus \u00e9cologistes et de travailleurs associatifs venus pour l\u2019inauguration, mercredi matin. Ici c\u2019est diff\u00e9rent. C\u2019est la premi\u00e8re fois que j\u2019ai autant d\u2019autonomie et autant d\u2019accompagnement\u00bb.<\/p>\n<p class=\"fig-body-link\">\n            \u00c0 lire aussi<br \/>\n        <a class=\"fig-body-link__link fig-premium-mark\" href=\"http:\/\/www.lefigaro.fr\/actualite-france\/quand-tu-sors-de-l-ase-c-est-koh-lanta-le-defi-de-ces-jeunes-de-l-aide-sociale-a-l-enfance-debarques-trop-vite-dans-le-monde-adulte-20250515\" data-fig-type=\"Article\" data-gtm-custom-categorie=\"navigation\" data-gtm-custom-action=\"crossclick\" data-gtm-custom-label=\"Contextuel\" data-gtm-event=\"customEventSPE\" data-fig-domain=\"LEFIGARO\" rel=\"nofollow noopener\" target=\"_blank\">\u00abQuand tu sors de l\u2019ASE, c\u2019est Koh-Lanta\u00bb\u00a0: le d\u00e9fi de ces jeunes de l\u2019aide sociale \u00e0 l\u2019enfance d\u00e9barqu\u00e9s trop vite dans le monde adulte<br \/>\n    <\/a>\n<\/p>\n<p class=\"fig-paragraph\">C\u2019est la volont\u00e9 d\u2019Alyn\u00e9a, fournir un logement pour l\u2019intimit\u00e9 et un cadre pour l\u2019insertion, en coupant avec la logique des foyers qu\u2019ont connu les enfants plac\u00e9s durant leur enfance. \u00abL\u2019\u00e9quipe multidisciplinaire est compos\u00e9e de travailleurs sociaux, infirmi\u00e8re, psychologue, intervenant social pair, pr\u00e9cise la M\u00e9tropole. Elle les soutient dans leur construction en tant qu\u2019adultes, favorise l\u2019accomplissement de leurs projets et de leurs r\u00eaves, en leur permettant de conscientiser leurs forces, leurs talents, moteurs d\u2019insertion et d\u2019inclusion dans la cit\u00e9\u00bb.<\/p>\n<p class=\"fig-paragraph\">La collectivit\u00e9 apporte un soutien financier de plus de 700.000 euros par an. \u00abAu total, 680 places pour ces jeunes entre 18 et 21 ans ont \u00e9t\u00e9 cr\u00e9\u00e9es sur le mandat, s\u2019est f\u00e9licit\u00e9 Bruno Bernard, pr\u00e9sident d\u2019une m\u00e9tropole qui a fortement augment\u00e9 son budget consacr\u00e9 \u00e0 la protection de l\u2019enfance (+45%). Auparavant on payait souvent des nuit\u00e9es d\u2019h\u00f4tel\u00bb.<\/p>\n","protected":false},"excerpt":{"rendered":"REPORTAGE &#8211; La m\u00e9tropole de Lyon a inaugur\u00e9 mercredi un lieu hybride baptis\u00e9 Casa Ricochet, accueillant des logements&hellip;\n","protected":false},"author":2,"featured_media":136316,"comment_status":"","ping_status":"","sticky":false,"template":"","format":"standard","meta":{"footnotes":""},"categories":[1889],"tags":[1111,11,21686,5273,2430,5299,5272,5312,5296,5285,1777,674,5293,1011,27,5303,5311,5301,5279,5275,5313,5276,5300,5302,5280,5298,5281,5306,5305,5308,5309,5284,5294,5297,5269,5271,5268,5270,5267,2428,5295,5307,5277,5304,5283,12,978,5274,2355,25,2431,5314,5288,5292,5289,5291,5290,5315,5282,5286,5310,5287,5278],"class_list":{"0":"post-136315","1":"post","2":"type-post","3":"status-publish","4":"format-standard","5":"has-post-thumbnail","7":"category-lyon","8":"tag-actu","9":"tag-actualites","10":"tag-aide-sociale-a-lenfance","11":"tag-ainay","12":"tag-auvergne-rhone-alpes","13":"tag-bellecombe","14":"tag-bellecour","15":"tag-champvert-nord","16":"tag-champvert-sud","17":"tag-clos-jouve","18":"tag-eu","19":"tag-europe","20":"tag-fourviere","21":"tag-fr","22":"tag-france","23":"tag-gerland","24":"tag-gorge-de-loup","25":"tag-jean-mace","26":"tag-la-buire","27":"tag-la-confluence","28":"tag-la-duchere","29":"tag-la-guillotiere-nord-prefecture","30":"tag-la-guillotiere-sud","31":"tag-la-mouche","32":"tag-la-part-dieu","33":"tag-la-tete-dor","34":"tag-la-villette","35":"tag-laennec","36":"tag-le-bachut","37":"tag-le-grand-trou","38":"tag-le-moulin-a-vent","39":"tag-le-plateau-de-la-croix-rousse","40":"tag-le-point-du-jour","41":"tag-les-brotteaux","42":"tag-les-chartreux","43":"tag-les-cordeliers","44":"tag-les-pentes-de-la-croix-rousse","45":"tag-les-terreaux","46":"tag-les-traboules","47":"tag-lyon","48":"tag-menival","49":"tag-mermoz","50":"tag-moncey","51":"tag-monplaisir","52":"tag-montchat","53":"tag-news","54":"tag-olympique-lyonnais","55":"tag-perrache","56":"tag-protection-de-lenfance","57":"tag-republique-francaise","58":"tag-rhone-alpes","59":"tag-rochecardon-industrie","60":"tag-saint-georges","61":"tag-saint-irenee","62":"tag-saint-jean","63":"tag-saint-just","64":"tag-saint-paul","65":"tag-saint-rambert-lile-barbe","66":"tag-sans-souci-dauphine","67":"tag-serin-saint-charles","68":"tag-vaise","69":"tag-vieux-lyon","70":"tag-voltaire"},"share_on_mastodon":{"url":"","error":"Validation failed: Text character limit of 500 exceeded"},"_links":{"self":[{"href":"https:\/\/www.europesays.com\/fr\/wp-json\/wp\/v2\/posts\/136315","targetHints":{"allow":["GET"]}}],"collection":[{"href":"https:\/\/www.europesays.com\/fr\/wp-json\/wp\/v2\/posts"}],"about":[{"href":"https:\/\/www.europesays.com\/fr\/wp-json\/wp\/v2\/types\/post"}],"author":[{"embeddable":true,"href":"https:\/\/www.europesays.com\/fr\/wp-json\/wp\/v2\/users\/2"}],"replies":[{"embeddable":true,"href":"https:\/\/www.europesays.com\/fr\/wp-json\/wp\/v2\/comments?post=136315"}],"version-history":[{"count":0,"href":"https:\/\/www.europesays.com\/fr\/wp-json\/wp\/v2\/posts\/136315\/revisions"}],"wp:featuredmedia":[{"embeddable":true,"href":"https:\/\/www.europesays.com\/fr\/wp-json\/wp\/v2\/media\/136316"}],"wp:attachment":[{"href":"https:\/\/www.europesays.com\/fr\/wp-json\/wp\/v2\/media?parent=136315"}],"wp:term":[{"taxonomy":"category","embeddable":true,"href":"https:\/\/www.europesays.com\/fr\/wp-json\/wp\/v2\/categories?post=136315"},{"taxonomy":"post_tag","embeddable":true,"href":"https:\/\/www.europesays.com\/fr\/wp-json\/wp\/v2\/tags?post=136315"}],"curies":[{"name":"wp","href":"https:\/\/api.w.org\/{rel}","templated":true}]}}