{"id":136322,"date":"2025-05-29T07:49:09","date_gmt":"2025-05-29T07:49:09","guid":{"rendered":"https:\/\/www.europesays.com\/fr\/136322\/"},"modified":"2025-05-29T07:49:09","modified_gmt":"2025-05-29T07:49:09","slug":"cest-contre-intuitif-mais-a-paris-des-poubelles-disparaissent-des-rues-pour-ameliorer-la-proprete","status":"publish","type":"post","link":"https:\/\/www.europesays.com\/fr\/136322\/","title":{"rendered":"\u00ab\u00a0C\u2019est contre-intuitif, mais\u2026\u00a0\u00bb : \u00e0 Paris, des poubelles disparaissent des rues pour am\u00e9liorer la propret\u00e9"},"content":{"rendered":"<p class=\"paragraph text_align_left\">O\u00f9 jeter son emballage de sandwich ou sa bouteille de plastique vide ? Ce samedi apr\u00e8s-midi de mai, <a href=\"https:\/\/www.leparisien.fr\/paris-75\/paris-notre-dame-a-accueilli-plus-de-860-000-visiteurs-depuis-sa-reouverture-06-02-2025-VAUDG77YT5GNLHZDFT4C7IHSQA.php\" target=\"_blank\" rel=\"noreferrer noopener\">l\u2019affluence est au rendez-vous aux abords de Notre-Dame<\/a> (IVe). Mais difficile de trouver une poubelle au milieu de la foule. Apr\u00e8s avoir fait le tour du parvis, on d\u00e9couvre devant l\u2019H\u00f4tel-Dieu des b\u00e2ches qui incitent au tri avec le message : \u00ab Ensemble, rendons l\u2019\u00e9crin de Notre-Dame encore plus propre. \u00bb<\/p>\n<p class=\"paragraph text_align_left\">Juste derri\u00e8re, de vastes conteneurs sont pr\u00eats \u00e0 recevoir les d\u00e9chets tri\u00e9s. Depuis plusieurs semaines, ces \u00ab hubs de tri \u00bb \u2014 comme les appelle Antoine Guillou, adjoint (PS) d\u2019<a href=\"https:\/\/www.leparisien.fr\/politique\/anne-hidalgo\/\" target=\"_blank\" rel=\"noreferrer noopener\">Anne Hidalgo<\/a> charg\u00e9 de la propret\u00e9 \u2014 ont tendance \u00e0 remplacer les \u00ab petites \u00bb corbeilles dans certains quartiers de la capitale.<\/p>\n","protected":false},"excerpt":{"rendered":"O\u00f9 jeter son emballage de sandwich ou sa bouteille de plastique vide ? Ce samedi apr\u00e8s-midi de mai,&hellip;\n","protected":false},"author":2,"featured_media":136323,"comment_status":"","ping_status":"","sticky":false,"template":"","format":"standard","meta":{"footnotes":""},"categories":[1888],"tags":[11,1777,674,1011,27,3746,1944,12,626,25],"class_list":{"0":"post-136322","1":"post","2":"type-post","3":"status-publish","4":"format-standard","5":"has-post-thumbnail","7":"category-paris","8":"tag-actualites","9":"tag-eu","10":"tag-europe","11":"tag-fr","12":"tag-france","13":"tag-futurs","14":"tag-ma-ville","15":"tag-news","16":"tag-paris","17":"tag-republique-francaise"},"share_on_mastodon":{"url":"https:\/\/pubeurope.com\/@fr\/114590027943061685","error":""},"_links":{"self":[{"href":"https:\/\/www.europesays.com\/fr\/wp-json\/wp\/v2\/posts\/136322","targetHints":{"allow":["GET"]}}],"collection":[{"href":"https:\/\/www.europesays.com\/fr\/wp-json\/wp\/v2\/posts"}],"about":[{"href":"https:\/\/www.europesays.com\/fr\/wp-json\/wp\/v2\/types\/post"}],"author":[{"embeddable":true,"href":"https:\/\/www.europesays.com\/fr\/wp-json\/wp\/v2\/users\/2"}],"replies":[{"embeddable":true,"href":"https:\/\/www.europesays.com\/fr\/wp-json\/wp\/v2\/comments?post=136322"}],"version-history":[{"count":0,"href":"https:\/\/www.europesays.com\/fr\/wp-json\/wp\/v2\/posts\/136322\/revisions"}],"wp:featuredmedia":[{"embeddable":true,"href":"https:\/\/www.europesays.com\/fr\/wp-json\/wp\/v2\/media\/136323"}],"wp:attachment":[{"href":"https:\/\/www.europesays.com\/fr\/wp-json\/wp\/v2\/media?parent=136322"}],"wp:term":[{"taxonomy":"category","embeddable":true,"href":"https:\/\/www.europesays.com\/fr\/wp-json\/wp\/v2\/categories?post=136322"},{"taxonomy":"post_tag","embeddable":true,"href":"https:\/\/www.europesays.com\/fr\/wp-json\/wp\/v2\/tags?post=136322"}],"curies":[{"name":"wp","href":"https:\/\/api.w.org\/{rel}","templated":true}]}}