{"id":136326,"date":"2025-05-29T07:51:10","date_gmt":"2025-05-29T07:51:10","guid":{"rendered":"https:\/\/www.europesays.com\/fr\/136326\/"},"modified":"2025-05-29T07:51:10","modified_gmt":"2025-05-29T07:51:10","slug":"espagne-une-embarcation-de-migrants-chavire-dans-un-port-des-canaries-au-moins-7-morts","status":"publish","type":"post","link":"https:\/\/www.europesays.com\/fr\/136326\/","title":{"rendered":"Espagne : une embarcation de migrants chavire dans un port des Canaries, au moins 7 morts"},"content":{"rendered":"<p>          Par\u00a0<a target=\"_blank\" rel=\"noopener\" href=\"https:\/\/twitter.com\/euronews\">Gavin Blackburn<\/a><br \/>\n                                            &amp;\u00a0<b>Somaya Aqad<\/b>                      avec\u00a0<b>AP<\/b><\/p>\n<p>\n         Publi\u00e9 le<br \/>\n            29\/05\/2025 &#8211; 9:24 UTC+2<\/p>\n<p><img decoding=\"async\" class=\"c-ad__placeholder__logo\" src=\"https:\/\/www.europesays.com\/fr\/wp-content\/uploads\/2025\/03\/logo-euronews-grey-6-180x22.svg.svg+xml\" width=\"180\" height=\"22\" alt=\"\" loading=\"lazy\"\/>PUBLICIT\u00c9<\/p>\n<p>Quatre femmes, deux jeunes enfants et une adolescente sont mortes mercredi lorsqu&rsquo;un petit bateau transportant des migrants a chavir\u00e9 en arrivant au port dans les \u00eeles Canaries, ont annonc\u00e9 les services d&rsquo;urgence espagnols.<\/p>\n<p>Le service de sauvetage maritime espagnol, qui a localis\u00e9 le bateau \u00e0 environ 11 kilom\u00e8tres de la c\u00f4te, a d\u00e9clar\u00e9 que le bateau s&rsquo;est renvers\u00e9 lorsque les sauveteurs ont commenc\u00e9 \u00e0 retirer les enfants qui arrivaient \u00e0 un quai sur l&rsquo;\u00eele d&rsquo;El Hierro.<\/p>\n<p>Le bateau transportait 159 personnes dont 32 mineurs, 49 femmes et 78 hommes.<\/p>\n<p>Des sauveteurs espagnols et des membres de la Croix-Rouge ont particip\u00e9 \u00e0 une op\u00e9ration de sauvetage, sortant plusieurs personnes de l&rsquo;eau.<\/p>\n<p>L&rsquo;archipel espagnol, situ\u00e9 au large de la c\u00f4te occidentale de l&rsquo;Afrique, est depuis des ann\u00e9es un des principaux itin\u00e9raires pour les migrants qui tentent d&rsquo;atteindre l&rsquo;Europe.<\/p>\n<p>L&rsquo;association espagnole de d\u00e9fense des droits des migrants Caminando Fronteras (Marcher sur les fronti\u00e8res) a indiqu\u00e9 dans un rapport publi\u00e9 en janvier que plus de 10 000 personnes avaient trouv\u00e9 la mort l&rsquo;ann\u00e9e derni\u00e8re en tentant de rejoindre l&rsquo;archipel.<\/p>\n<p>Mais un nombre record de migrants ont eu plus de chance, les autorit\u00e9s des \u00eeles Canaries ayant d\u00e9clar\u00e9 que plus de 43 000 personnes \u00e9taient arriv\u00e9es en 2024.<\/p>\n<p>Plusieurs \u00c9tats membres de l&rsquo;UE ont commenc\u00e9 \u00e0 mettre \u00e0 jour leurs politiques migratoires, au moment m\u00eame o\u00f9 la question des migrations figure en t\u00eate de l&rsquo;ordre du jour du Conseil europ\u00e9en.<\/p>\n<p>Dans une lettre adress\u00e9e aux \u00c9tats membres de l&rsquo;UE, la pr\u00e9sidente de la Commission europ\u00e9enne, Ursula von der Leyen, a propos\u00e9 d&rsquo;acc\u00e9l\u00e9rer le retour des demandeurs d&rsquo;asile et d&rsquo;ouvrir des centres de d\u00e9tention dans des pays tiers, suivant en cela le pr\u00e9c\u00e9dent cr\u00e9\u00e9 par l&rsquo;accord controvers\u00e9 du Premier ministre italien Giorgia Meloni avec l&rsquo;Albanie.<\/p>\n<p>Entre-temps, le gouvernement espagnol a annonc\u00e9 l&rsquo;ann\u00e9e derni\u00e8re l&rsquo;ouverture d&rsquo;un centre d&rsquo;accueil d&rsquo;urgence \u00e0 l&rsquo;a\u00e9roport de Ciudad Real pour traiter les demandes d&rsquo;asile des arrivants en situation irr\u00e9guli\u00e8re.<\/p>\n<p>En mars, Madrid a adopt\u00e9 une mesure visant \u00e0 redistribuer dans d&rsquo;autres r\u00e9gions d&rsquo;Espagne des milliers de mineurs migrants non accompagn\u00e9s actuellement h\u00e9berg\u00e9s dans les \u00eeles Canaries.<\/p>\n<p>Cette r\u00e9forme a mis fin \u00e0 une impasse politique de plusieurs mois entre les r\u00e9gions espagnoles et le gouvernement central et visait \u00e0 all\u00e9ger la pression sur les centres d&rsquo;accueil de migrants surpeupl\u00e9s, principalement dans les \u00eeles Canaries.<\/p>\n<p>Depuis plusieurs mois, les responsables locaux des Canaries se plaignaient du manque de ressources pour h\u00e9berger les milliers d&rsquo;enfants et d&rsquo;adolescents non accompagn\u00e9s qui arrivent sur leurs c\u00f4tes.<\/p>\n<p>Les \u00eeles Canaries h\u00e9bergent plus de 5 000 mineurs non accompagn\u00e9s dans tout l&rsquo;archipel.<\/p>\n<p><script async src=\"https:\/\/platform.twitter.com\/widgets.js\" charset=\"utf-8\"><\/script><\/p>\n","protected":false},"excerpt":{"rendered":"Par\u00a0Gavin Blackburn &amp;\u00a0Somaya Aqad avec\u00a0AP Publi\u00e9 le 29\/05\/2025 &#8211; 9:24 UTC+2 PUBLICIT\u00c9 Quatre femmes, deux jeunes enfants et&hellip;\n","protected":false},"author":2,"featured_media":136327,"comment_status":"","ping_status":"","sticky":false,"template":"","format":"standard","meta":{"footnotes":""},"categories":[1591],"tags":[11,24917,123,1887,26240,1251,12,1885,1886,132,364],"class_list":{"0":"post-136326","1":"post","2":"type-post","3":"status-publish","4":"format-standard","5":"has-post-thumbnail","7":"category-russie","8":"tag-actualites","9":"tag-crise-migratoire","10":"tag-espagne","11":"tag-federation-de-russie","12":"tag-iles-canaries","13":"tag-migrants","14":"tag-news","15":"tag-russia","16":"tag-russian-federation","17":"tag-russie","18":"tag-union-europeenne"},"share_on_mastodon":{"url":"https:\/\/pubeurope.com\/@fr\/114590035809989513","error":""},"_links":{"self":[{"href":"https:\/\/www.europesays.com\/fr\/wp-json\/wp\/v2\/posts\/136326","targetHints":{"allow":["GET"]}}],"collection":[{"href":"https:\/\/www.europesays.com\/fr\/wp-json\/wp\/v2\/posts"}],"about":[{"href":"https:\/\/www.europesays.com\/fr\/wp-json\/wp\/v2\/types\/post"}],"author":[{"embeddable":true,"href":"https:\/\/www.europesays.com\/fr\/wp-json\/wp\/v2\/users\/2"}],"replies":[{"embeddable":true,"href":"https:\/\/www.europesays.com\/fr\/wp-json\/wp\/v2\/comments?post=136326"}],"version-history":[{"count":0,"href":"https:\/\/www.europesays.com\/fr\/wp-json\/wp\/v2\/posts\/136326\/revisions"}],"wp:featuredmedia":[{"embeddable":true,"href":"https:\/\/www.europesays.com\/fr\/wp-json\/wp\/v2\/media\/136327"}],"wp:attachment":[{"href":"https:\/\/www.europesays.com\/fr\/wp-json\/wp\/v2\/media?parent=136326"}],"wp:term":[{"taxonomy":"category","embeddable":true,"href":"https:\/\/www.europesays.com\/fr\/wp-json\/wp\/v2\/categories?post=136326"},{"taxonomy":"post_tag","embeddable":true,"href":"https:\/\/www.europesays.com\/fr\/wp-json\/wp\/v2\/tags?post=136326"}],"curies":[{"name":"wp","href":"https:\/\/api.w.org\/{rel}","templated":true}]}}