{"id":136350,"date":"2025-05-29T08:05:08","date_gmt":"2025-05-29T08:05:08","guid":{"rendered":"https:\/\/www.europesays.com\/fr\/136350\/"},"modified":"2025-05-29T08:05:08","modified_gmt":"2025-05-29T08:05:08","slug":"la-wonderligue-toujours-sur-sport-en-france-en-clair-la-saison-prochaine","status":"publish","type":"post","link":"https:\/\/www.europesays.com\/fr\/136350\/","title":{"rendered":"La Wonderligue toujours sur Sport en France en clair la saison prochaine"},"content":{"rendered":"<p>Sport en France, diffuseur officiel depuis quatre saisons, proposera toujours des rencontres du championnat La Boulang\u00e8re Wonderligue lors de la prochaine saison. \u00ab\u00a0Les audiences, en constante progression, ont atteint des niveaux historiques, confirmant l\u2019engouement croissant des t\u00e9l\u00e9spectateurs pour le basket f\u00e9minin et la qualit\u00e9 du spectacle propos\u00e9 chaque semaine\u00a0\u00bb, indique la ligue dans un communiqu\u00e9.<\/p>\n<p> Sport en France diffusera, en clair et gratuitement, une rencontre \u00e0 chaque journ\u00e9e du championnat, le dimanche ainsi que l\u2019int\u00e9gralit\u00e9 des playoffs, permettant \u00e0 tous de suivre l\u2019\u00e9lite du basket f\u00e9minin fran\u00e7ais.<\/p>\n<blockquote><p>Carole Force, Pr\u00e9sidente de La Boulang\u00e8re Wonderligue\u00a0:\u00a0\u00ab La Ligue F\u00e9minine de Basketball est ravie de renouveler pour une cinqui\u00e8me ann\u00e9e l\u2019accord de partenariat avec Sport en France, diffuseur officiel du championnat de La Boulang\u00e8re Wonderligue. Cette saison, la cha\u00eene du mouvement sportif a fait vivre gratuitement et au plus grand nombre une rencontre par journ\u00e9e ainsi que la totalit\u00e9 des playoffs qui viennent de se terminer en beaut\u00e9 avec le sacre de Basket Landes. Je tiens \u00e0 remercier les 12 clubs de l\u2019\u00e9lite et l\u2019Agence Nationale du Sport sans qui la mise en \u0153uvre de ce dispositif de diffusion, soutenu par la F\u00e9d\u00e9ration Fran\u00e7aise de BasketBall, ne pourrait pas exister. \u00bb<\/p><\/blockquote>\n<blockquote><p>Romain Schindler, directeur de Sport en France\u00a0:\u00a0\u00ab Nous sommes tr\u00e8s fiers de poursuivre l\u2019aventure aux c\u00f4t\u00e9s de la Ligue F\u00e9minine de Basketball et de contribuer \u00e0 la valorisation du basket f\u00e9minin. Le succ\u00e8s d\u2019audience rencontr\u00e9 cette saison d\u00e9montre l\u2019int\u00e9r\u00eat grandissant du public pour La Boulang\u00e8re Wonderligue. Nous avons h\u00e2te de retrouver les fans chaque dimanche apr\u00e8s-midi pour une nouvelle saison pleine de passion et de spectacle. \u00bb<\/p><\/blockquote>\n<p>Premier rendez-vous :  le traditionnel Match des Champions qui opposera Basket Landes \u00e0 Charleville-M\u00e9zi\u00e8res le samedi 27 septembre (19h30).<\/p>\n","protected":false},"excerpt":{"rendered":"Sport en France, diffuseur officiel depuis quatre saisons, proposera toujours des rencontres du championnat La Boulang\u00e8re Wonderligue lors&hellip;\n","protected":false},"author":2,"featured_media":136351,"comment_status":"","ping_status":"","sticky":false,"template":"","format":"standard","meta":{"footnotes":""},"categories":[1414],"tags":[1465,1464,1011,27,60],"class_list":{"0":"post-136350","1":"post","2":"type-post","3":"status-publish","4":"format-standard","5":"has-post-thumbnail","7":"category-basket","8":"tag-basket","9":"tag-basketball","10":"tag-fr","11":"tag-france","12":"tag-sports"},"share_on_mastodon":{"url":"https:\/\/pubeurope.com\/@fr\/114590091217036495","error":""},"_links":{"self":[{"href":"https:\/\/www.europesays.com\/fr\/wp-json\/wp\/v2\/posts\/136350","targetHints":{"allow":["GET"]}}],"collection":[{"href":"https:\/\/www.europesays.com\/fr\/wp-json\/wp\/v2\/posts"}],"about":[{"href":"https:\/\/www.europesays.com\/fr\/wp-json\/wp\/v2\/types\/post"}],"author":[{"embeddable":true,"href":"https:\/\/www.europesays.com\/fr\/wp-json\/wp\/v2\/users\/2"}],"replies":[{"embeddable":true,"href":"https:\/\/www.europesays.com\/fr\/wp-json\/wp\/v2\/comments?post=136350"}],"version-history":[{"count":0,"href":"https:\/\/www.europesays.com\/fr\/wp-json\/wp\/v2\/posts\/136350\/revisions"}],"wp:featuredmedia":[{"embeddable":true,"href":"https:\/\/www.europesays.com\/fr\/wp-json\/wp\/v2\/media\/136351"}],"wp:attachment":[{"href":"https:\/\/www.europesays.com\/fr\/wp-json\/wp\/v2\/media?parent=136350"}],"wp:term":[{"taxonomy":"category","embeddable":true,"href":"https:\/\/www.europesays.com\/fr\/wp-json\/wp\/v2\/categories?post=136350"},{"taxonomy":"post_tag","embeddable":true,"href":"https:\/\/www.europesays.com\/fr\/wp-json\/wp\/v2\/tags?post=136350"}],"curies":[{"name":"wp","href":"https:\/\/api.w.org\/{rel}","templated":true}]}}