{"id":136360,"date":"2025-05-29T08:10:14","date_gmt":"2025-05-29T08:10:14","guid":{"rendered":"https:\/\/www.europesays.com\/fr\/136360\/"},"modified":"2025-05-29T08:10:14","modified_gmt":"2025-05-29T08:10:14","slug":"jeffrey-dean-morgan-est-meconnaissable-dans-angel-le-spin-off-de-buffy-photo","status":"publish","type":"post","link":"https:\/\/www.europesays.com\/fr\/136360\/","title":{"rendered":"Jeffrey Dean Morgan est m\u00e9connaissable dans Angel, le spin-off de Buffy (PHOTO)"},"content":{"rendered":"<p>Avant de devenir Negan dans The Walking Dead, ou encore Denny Duquette dans Grey&rsquo;s Anatomy, Jeffrey Dean Morgan a tenu un petit r\u00f4le dans Angel, la s\u00e9rie d\u00e9riv\u00e9e de Buffy contre les vampires. Le com\u00e9dien y appara\u00eet m\u00e9connaissable.<\/p>\n<p>Depuis plusieurs ann\u00e9es, Jeffrey Dean Morgan est un visage bien connu, et appr\u00e9ci\u00e9, du petit \u00e9cran. Si les t\u00e9l\u00e9spectateurs fran\u00e7ais sont tout de suite tomb\u00e9s sous son charme gr\u00e2ce \u00e0 son r\u00f4le de Denny Duquette dans Grey&rsquo;s Anatomy, dont <a href=\"https:\/\/www.programme-tv.net\/news\/evenement\/disney-plus-streaming\/374856-grey-s-anatomy-tu-as-pleure-pendant-15-heures-ce-jour-la-katherine-heigl-et-jeffrey-dean-morgan-racontent-les-coulisses-de-cette-scene-clef-entre-denny-et-izzie\/\" data-api-deeplink=\"teleloisirs:\/\/news\/374856\" rel=\"nofollow noopener\" target=\"_blank\">il a r\u00e9cemment racont\u00e9 une sc\u00e8ne clef entre son personnage et celui d&rsquo;Izzie<\/a>, il a ensuite incarn\u00e9 d&rsquo;autres r\u00f4les iconiques. En r\u00e9alit\u00e9, il en a m\u00eame obtenu un juste avant celui de la s\u00e9rie m\u00e9dicale. D\u00e8s 2005, le com\u00e9dien a \u00e9t\u00e9 choisi pour jouer John Winchester, le p\u00e8re de Sam (<a href=\"https:\/\/www.programme-tv.net\/biographie\/244342-padalecki-jared\/\" data-link-people=\"8b31cd13-609a-4c9b-a3e9-b3a8d5bf970f\" rel=\"nofollow noopener\" target=\"_blank\">Jared Padalecki<\/a>) et Dean Winchester (<a href=\"https:\/\/www.programme-tv.net\/biographie\/22550-ackles-jensen\/\" data-link-people=\"e78c3aaf-8f0b-4166-819e-da6f9ce6ad9a\" rel=\"nofollow noopener\" target=\"_blank\">Jensen Ackles<\/a>), les chasseurs de cr\u00e9atures surnaturelles dans <a href=\"https:\/\/www.programme-tv.net\/news\/series-tv\/372407-the-boys-saison-5-jensen-ackles-fait-une-grande-annonce-qui-va-ravir-les-fans-de-supernatural\/\" data-api-deeplink=\"teleloisirs:\/\/news\/372407\" rel=\"nofollow noopener\" target=\"_blank\">la fiction Supernatural<\/a>. Mais, c&rsquo;est en 2016 que le com\u00e9dien frappe fort une nouvelle fois avec la s\u00e9rie The Walking Dead en incarnant le personnage de Negan. Si <a href=\"https:\/\/www.programme-tv.net\/news\/series-tv\/314303-the-walking-dead-voici-comment-se-termine-la-serie-post-apocalyptique-apres-11-saisons\/\" data-api-deeplink=\"teleloisirs:\/\/news\/314303\" rel=\"nofollow noopener\" target=\"_blank\">la s\u00e9rie est d\u00e9sormais termin\u00e9e<\/a>, il n&rsquo;a pas abandonn\u00e9 son r\u00f4le car il est d\u00e9sormais l&rsquo;un des <a href=\"https:\/\/www.programme-tv.net\/news\/series-tv\/377568-the-walking-dead-dead-city-saison-2-un-jeffrey-dean-morgan-charismatique-et-des-enjeux-plus-forts-ces-premiers-episodes-confirment-notre-emballement-pour-cette-serie\/\" data-api-deeplink=\"teleloisirs:\/\/news\/377568\" rel=\"nofollow noopener\" target=\"_blank\">personnages principaux du spin-off The Walking Dead : Dead City<\/a>, dont <a href=\"https:\/\/www.programme-tv.net\/news\/series-tv\/378346-the-walking-dead-dead-city-saison-2-quand-sortent-les-prochains-episodes-le-calendrier-de-diffusion\/\" data-api-deeplink=\"teleloisirs:\/\/news\/378346\" rel=\"nofollow noopener\" target=\"_blank\">la saison 2 est en cours de diffusion en France<\/a> sur Cine+ OCS, disponible via myCANAL.<\/p>\n<p>                        <b>Avant <\/b><b>Grey&rsquo;s Anatomy<\/b><b> et <\/b><b>The Walking Dead<\/b><b>, Jeffrey Dean Morgan a jou\u00e9 dans la s\u00e9rie <\/b><b>Angel<\/b><b> avec David Boreanaz<\/b><\/p>\n<p>Mais ce que vous avez peut-\u00eatre oubli\u00e9, c&rsquo;est qu&rsquo;avant de devenir cette star mondialement connue, Jeffrey Dean Morgan a jou\u00e9 dans <a href=\"https:\/\/www.programme-tv.net\/news\/evenement\/disney-plus-streaming\/375413-c-etait-glauque-ca-m-a-detruite-charisma-carpenter-a-en-horreur-cette-intrigue-detestee-des-fans-d-angel-la-serie-derivee-de-buffy-contre-les-vampires\/\" data-api-deeplink=\"teleloisirs:\/\/news\/375413\" rel=\"nofollow noopener\" target=\"_blank\">Angel, la s\u00e9rie d\u00e9riv\u00e9e de Buffy contre les vampires<\/a>. Le com\u00e9dien a en effet donn\u00e9 la r\u00e9plique \u00e0 <a href=\"https:\/\/www.programme-tv.net\/biographie\/2326-boreanaz-david\/\" data-link-people=\"1e6913c1-1d58-484d-8c2f-8924dd4ae404\" rel=\"nofollow noopener\" target=\"_blank\">David Boreanaz<\/a> en 2002, \u00e0 l&rsquo;\u00e2ge de 36 ans, dans l&rsquo;\u00e9pisode 3 de la saison 12, intitul\u00e9 \u00ab\u00a0Soutien de famille\u00a0\u00bb. L&rsquo;acteur de 59 ans y a incarn\u00e9 Sam Ryan, un homme vivant \u00e0 Los Angeles qui cherche \u00e0 d\u00e9truire un nid de vampire. Alors que son ami, Jack, a \u00e9t\u00e9 tu\u00e9 par un groupe de vampires, apr\u00e8s avoir refus\u00e9 de leur donner sa montre, Sam ne souhaite qu&rsquo;une seule chose, se venger et r\u00e9cup\u00e9rer le bien. Ayant d\u00e9pens\u00e9 tout son argent dans la traque de ces suceurs de sang, le personnage incarn\u00e9 par Jeffrey Dean Morgan finit par se faire passer par son ancien employeur afin d&#8217;embaucher Angel Investigations.<\/p>\n<p><b>Angel<\/b><b> : Jeffrey Dean Morgan a oubli\u00e9 avoir jou\u00e9 dans la s\u00e9rie d\u00e9riv\u00e9e de <\/b><b>Buffy contre les vampires<\/b><\/p>\n<p>Un \u00e9pisode \u00e0 retrouver sur Disney+ si vous avez besoin de vous rafra\u00eechir la m\u00e9moire. Vous pourrez ainsi remarquer que l&rsquo;acteur a bien chang\u00e9 depuis ce r\u00f4le dans Angel et qu&rsquo;il appara\u00eet aussi m\u00e9connaissable sans sa barbe. N\u00e9anmoins, pas d&rsquo;inqui\u00e9tude si vous ne vous souveniez plus du com\u00e9dien dans cette s\u00e9rie car m\u00eame Jeffrey Dean Morgan a oubli\u00e9 avoir jou\u00e9 dedans. Lorsque T\u00e9l\u00e9-Loisirs lui a parl\u00e9 d&rsquo;Angel lors d&rsquo;une interview au festival Canneseries 2025, l&rsquo;acteur nous a simplement r\u00e9pondu : \u00ab\u00a0Ah oui, c&rsquo;est vrai, j&rsquo;ai jou\u00e9 dedans. J&rsquo;avais oubli\u00e9 aussi\u00a0\u00bb. Le com\u00e9dien s&rsquo;est \u00e9galement confi\u00e9 <a href=\"https:\/\/www.programme-tv.net\/news\/series-tv\/378861-the-walking-dead-jeffrey-dean-morgan-negan-se-confie-sur-ce-handicap-qui-lui-pose-probleme-sur-le-tournage\/\" data-api-deeplink=\"teleloisirs:\/\/news\/378861\" rel=\"nofollow noopener\" target=\"_blank\">sur ce handicap qui lui pose probl\u00e8me sur le tournage de The Walking Dead : Dead City<\/a>.<\/p>\n<p>            <img decoding=\"async\" src=\"https:\/\/www.europesays.com\/fr\/wp-content\/uploads\/2025\/05\/1748506214_374_thumbnail.jpg\" alt=\"\" data-id=\"\"\/>Jeffrey Dean Morgan dans la saison 3 d&rsquo;Angel, le spin-off de Buffy contre les vampires.\u00a0Capture d&rsquo;\u00e9cran<\/p>\n","protected":false},"excerpt":{"rendered":"Avant de devenir Negan dans The Walking Dead, ou encore Denny Duquette dans Grey&rsquo;s Anatomy, Jeffrey Dean Morgan&hellip;\n","protected":false},"author":2,"featured_media":136361,"comment_status":"","ping_status":"","sticky":false,"template":"","format":"standard","meta":{"footnotes":""},"categories":[1359],"tags":[1409,244,10451,58,59,1011,27,26241,6120,973,10450,10396,129,26244,26245,26243,26242],"class_list":{"0":"post-136360","1":"post","2":"type-post","3":"status-publish","4":"format-standard","5":"has-post-thumbnail","7":"category-people","8":"tag-bande-annonce","9":"tag-commentaire","10":"tag-disney-plus","11":"tag-divertissement","12":"tag-entertainment","13":"tag-fr","14":"tag-france","15":"tag-jeffrey-dean-morgan","16":"tag-ocs","17":"tag-people","18":"tag-pub-streaming-disney-plus","19":"tag-su00e9ries-nostalgie","20":"tag-svod","21":"tag-the-walking-dead","22":"tag-the-walking-dead-dead-city","23":"tag-the-walking-dead-dead-city-saison-2-52187806","24":"tag-the-walking-dead-dead-city-su00e9rie-52132355"},"share_on_mastodon":{"url":"https:\/\/pubeurope.com\/@fr\/114590110427313125","error":""},"_links":{"self":[{"href":"https:\/\/www.europesays.com\/fr\/wp-json\/wp\/v2\/posts\/136360","targetHints":{"allow":["GET"]}}],"collection":[{"href":"https:\/\/www.europesays.com\/fr\/wp-json\/wp\/v2\/posts"}],"about":[{"href":"https:\/\/www.europesays.com\/fr\/wp-json\/wp\/v2\/types\/post"}],"author":[{"embeddable":true,"href":"https:\/\/www.europesays.com\/fr\/wp-json\/wp\/v2\/users\/2"}],"replies":[{"embeddable":true,"href":"https:\/\/www.europesays.com\/fr\/wp-json\/wp\/v2\/comments?post=136360"}],"version-history":[{"count":0,"href":"https:\/\/www.europesays.com\/fr\/wp-json\/wp\/v2\/posts\/136360\/revisions"}],"wp:featuredmedia":[{"embeddable":true,"href":"https:\/\/www.europesays.com\/fr\/wp-json\/wp\/v2\/media\/136361"}],"wp:attachment":[{"href":"https:\/\/www.europesays.com\/fr\/wp-json\/wp\/v2\/media?parent=136360"}],"wp:term":[{"taxonomy":"category","embeddable":true,"href":"https:\/\/www.europesays.com\/fr\/wp-json\/wp\/v2\/categories?post=136360"},{"taxonomy":"post_tag","embeddable":true,"href":"https:\/\/www.europesays.com\/fr\/wp-json\/wp\/v2\/tags?post=136360"}],"curies":[{"name":"wp","href":"https:\/\/api.w.org\/{rel}","templated":true}]}}