{"id":136370,"date":"2025-05-29T08:16:08","date_gmt":"2025-05-29T08:16:08","guid":{"rendered":"https:\/\/www.europesays.com\/fr\/136370\/"},"modified":"2025-05-29T08:16:08","modified_gmt":"2025-05-29T08:16:08","slug":"la-france-tourne-t-elle-le-dos-a-la-contraception-une-enquete-inquietante-sur-les-pratiques-sexuelles","status":"publish","type":"post","link":"https:\/\/www.europesays.com\/fr\/136370\/","title":{"rendered":"La France tourne-t-elle le dos \u00e0 la contraception ? Une enqu\u00eate inqui\u00e9tante sur les pratiques sexuelles"},"content":{"rendered":"<p>\t\t\t\t\tUne chute marqu\u00e9e, en particulier chez les jeunes<\/p>\n<p data-start=\"937\" data-end=\"1356\">Selon l\u2019\u00e9tude Contexte de la sexualit\u00e9 en France (CSF), le recours \u00e0 la contraception moderne \u2014 pilule, st\u00e9rilet, implant, pr\u00e9servatif \u2014 est pass\u00e9 de <strong data-start=\"1087\" data-end=\"1118\">88 % en 2010 \u00e0 81 % en 2023<\/strong> chez les femmes \u00e2g\u00e9es de 15 \u00e0 49 ans. Une baisse particuli\u00e8rement nette chez les <strong data-start=\"1200\" data-end=\"1219\">moins de 25 ans<\/strong>, qui d\u00e9clarent de plus en plus souvent <strong data-start=\"1259\" data-end=\"1281\">\u201cne rien utiliser\u201d<\/strong> ou <strong data-start=\"1285\" data-end=\"1322\">\u201cadopter des m\u00e9thodes naturelles\u201d<\/strong>, parfois sans r\u00e9elle information.<\/p>\n<p data-start=\"1358\" data-end=\"1738\">Si la pilule reste la m\u00e9thode la plus utilis\u00e9e, <strong data-start=\"1406\" data-end=\"1434\">son image s\u2019est d\u00e9grad\u00e9e<\/strong> : effets secondaires, peur des hormones, d\u00e9fiance envers le corps m\u00e9dical\u2026 Les prescriptions ont chut\u00e9, et avec elles la couverture contraceptive globale. En parall\u00e8le, l\u2019usage du pr\u00e9servatif masculin, qui avait augment\u00e9 dans les ann\u00e9es 2010, tend lui aussi \u00e0 diminuer, surtout dans les couples stables.<\/p>\n<p> Les raisons de cette d\u00e9saffection<\/p>\n<p data-start=\"1778\" data-end=\"1818\">Plusieurs facteurs expliquent ce recul :<\/p>\n<ul data-start=\"1820\" data-end=\"2414\">\n<li data-start=\"1820\" data-end=\"1924\"><strong data-start=\"1822\" data-end=\"1868\">La m\u00e9fiance croissante envers les hormones<\/strong> contenues dans les contraceptifs oraux ou les implants.<\/li>\n<li data-start=\"1820\" data-end=\"1924\"><strong data-start=\"1927\" data-end=\"1980\">Une remise en question de la charge contraceptive<\/strong> support\u00e9e majoritairement par les femmes.<\/li>\n<li data-start=\"1820\" data-end=\"1924\"><strong data-start=\"2025\" data-end=\"2071\">Des parcours contraceptifs mal accompagn\u00e9s<\/strong>, notamment chez les jeunes adultes, avec une baisse de la fr\u00e9quentation des centres de planification.<\/li>\n<li data-start=\"1820\" data-end=\"1924\"><strong data-start=\"2176\" data-end=\"2203\">Des difficult\u00e9s d\u2019acc\u00e8s<\/strong> : fermeture de services sp\u00e9cialis\u00e9s, manque d\u2019information, co\u00fbt non n\u00e9gligeable de certaines m\u00e9thodes.<\/li>\n<li data-start=\"1820\" data-end=\"1924\">Et enfin, <strong data-start=\"2319\" data-end=\"2365\">une banalisation des rapports non prot\u00e9g\u00e9s<\/strong>, parfois sous-estim\u00e9e dans les discours publics.<\/li>\n<\/ul>\n<p data-start=\"2416\" data-end=\"2683\">Ce changement de comportement s\u2019inscrit aussi dans un contexte plus large : <strong data-start=\"2492\" data-end=\"2558\">un rapport diff\u00e9rent au corps, \u00e0 la sexualit\u00e9 et \u00e0 la m\u00e9decine<\/strong>, o\u00f9 la priorit\u00e9 est parfois donn\u00e9e au naturel, \u00e0 l\u2019autonomie, voire au retrait pur et simple de toute intervention m\u00e9dicale.<\/p>\n<p> Des cons\u00e9quences d\u00e9j\u00e0 visibles<\/p>\n<p data-start=\"2720\" data-end=\"2809\">Cette d\u00e9saffection contraceptive <strong data-start=\"2753\" data-end=\"2781\">ne reste pas sans effets<\/strong>. Les chiffres sont clairs :<\/p>\n<ul>\n<li data-start=\"2813\" data-end=\"2981\"><strong data-start=\"2813\" data-end=\"2866\">Les grossesses non d\u00e9sir\u00e9es repartent \u00e0 la hausse<\/strong>, notamment chez les jeunes femmes, avec une augmentation significative des recours \u00e0 l\u2019IVG dans certaines r\u00e9gions.<\/li>\n<li data-start=\"2813\" data-end=\"2981\"><strong data-start=\"2984\" data-end=\"3042\">Les infections sexuellement transmissibles progressent<\/strong>, en particulier la chlamydia et la gonorrh\u00e9e, souvent silencieuses mais dangereuses si elles ne sont pas trait\u00e9es.<\/li>\n<li data-start=\"2813\" data-end=\"2981\"><strong data-start=\"3160\" data-end=\"3184\">Le d\u00e9pistage diminue<\/strong>, faute de consultations r\u00e9guli\u00e8res ou de suivi contraceptif m\u00e9dicalis\u00e9.<\/li>\n<\/ul>\n<p data-start=\"3258\" data-end=\"3473\">Les professionnels de sant\u00e9 alertent sur <strong data-start=\"3299\" data-end=\"3328\">un rel\u00e2chement g\u00e9n\u00e9ralis\u00e9<\/strong>, aliment\u00e9 par une perte de rep\u00e8res, une saturation des messages contradictoires, et une absence de politique volontariste sur la sant\u00e9 sexuelle.<\/p>\n<p> \u00c9volution de l\u2019usage contraceptif en France (2000\u20132023)<\/p>\n<tr data-start=\"3540\" data-end=\"3680\">\n<strong data-start=\"3542\" data-end=\"3567\">M\u00e9thode contraceptive<\/strong><br \/>\n<strong data-start=\"3579\" data-end=\"3617\">Part des utilisatrices en 2000 (%)<\/strong><br \/>\n<strong data-start=\"3620\" data-end=\"3635\">En 2010 (%)<\/strong><br \/>\n<strong data-start=\"3638\" data-end=\"3653\">En 2023 (%)<\/strong><br \/>\n<strong data-start=\"3656\" data-end=\"3668\">Tendance<\/strong><br \/>\n<\/tr>\n<tr data-start=\"3824\" data-end=\"3966\">\n<td data-start=\"3824\" data-end=\"3861\" data-col-size=\"sm\">Pilule contraceptive<\/td>\n<td data-start=\"3861\" data-end=\"3902\" data-col-size=\"sm\">50 %<\/td>\n<td data-start=\"3902\" data-end=\"3921\" data-col-size=\"sm\">45 %<\/td>\n<td data-start=\"3921\" data-end=\"3940\" data-col-size=\"sm\">33 %<\/td>\n<td data-start=\"3940\" data-end=\"3966\" data-col-size=\"sm\">En forte baisse<\/td>\n<\/tr>\n<tr data-start=\"3967\" data-end=\"4109\">\n<td data-start=\"3967\" data-end=\"4004\" data-col-size=\"sm\">St\u00e9rilet (DIU)<\/td>\n<td data-start=\"4004\" data-end=\"4045\" data-col-size=\"sm\">15 %<\/td>\n<td data-start=\"4045\" data-end=\"4064\" data-col-size=\"sm\">20 %<\/td>\n<td data-start=\"4064\" data-end=\"4083\" data-col-size=\"sm\">24 %<\/td>\n<td data-start=\"4083\" data-end=\"4109\" data-col-size=\"sm\">En l\u00e9g\u00e8re hausse<\/td>\n<\/tr>\n<tr data-start=\"4110\" data-end=\"4252\">\n<td data-start=\"4110\" data-end=\"4147\" data-col-size=\"sm\">Pr\u00e9servatif masculin<\/td>\n<td data-start=\"4147\" data-end=\"4188\" data-col-size=\"sm\">15 %<\/td>\n<td data-start=\"4188\" data-end=\"4207\" data-col-size=\"sm\">20 %<\/td>\n<td data-start=\"4207\" data-end=\"4226\" data-col-size=\"sm\">18 %<\/td>\n<td data-start=\"4226\" data-end=\"4252\" data-col-size=\"sm\">Stable, l\u00e9g\u00e8re baisse<\/td>\n<\/tr>\n<tr data-start=\"4253\" data-end=\"4396\">\n<td data-start=\"4253\" data-end=\"4290\" data-col-size=\"sm\">Implants et patchs<\/td>\n<td data-start=\"4290\" data-end=\"4332\" data-col-size=\"sm\">\n<\/td>\n<td data-start=\"4332\" data-end=\"4351\" data-col-size=\"sm\">5 %<\/td>\n<td data-start=\"4351\" data-end=\"4370\" data-col-size=\"sm\">4 %<\/td>\n<td data-start=\"4370\" data-end=\"4396\" data-col-size=\"sm\">En baisse<\/td>\n<\/tr>\n<tr data-start=\"4397\" data-end=\"4539\">\n<td data-start=\"4397\" data-end=\"4434\" data-col-size=\"sm\">M\u00e9thodes naturelles \/ retrait<\/td>\n<td data-start=\"4434\" data-end=\"4475\" data-col-size=\"sm\">5 %<\/td>\n<td data-start=\"4475\" data-end=\"4494\" data-col-size=\"sm\">7 %<\/td>\n<td data-start=\"4494\" data-end=\"4513\" data-col-size=\"sm\">12 %<\/td>\n<td data-start=\"4513\" data-end=\"4539\" data-col-size=\"sm\">En hausse pr\u00e9occupante<\/td>\n<\/tr>\n<tr data-start=\"4540\" data-end=\"4682\">\n<td data-start=\"4540\" data-end=\"4577\" data-col-size=\"sm\">Aucune contraception d\u00e9clar\u00e9e<\/td>\n<td data-start=\"4577\" data-end=\"4618\" data-col-size=\"sm\">5 %<\/td>\n<td data-start=\"4618\" data-end=\"4637\" data-col-size=\"sm\">3 %<\/td>\n<td data-start=\"4637\" data-end=\"4656\" data-col-size=\"sm\">9 %<\/td>\n<td data-start=\"4656\" data-end=\"4682\" data-col-size=\"sm\">En nette augmentation<\/td>\n<\/tr>\n<p> Une alerte pour les pouvoirs publics<\/p>\n<p data-start=\"4730\" data-end=\"4966\">Ce constat met en \u00e9vidence <strong data-start=\"4757\" data-end=\"4821\">un recul de la pr\u00e9vention dans le champ de la sant\u00e9 sexuelle<\/strong>, malgr\u00e9 des avanc\u00e9es r\u00e9centes comme la gratuit\u00e9 de la pilule pour les moins de 26 ans ou la distribution facilit\u00e9e de pr\u00e9servatifs en pharmacie.<\/p>\n<p data-start=\"4968\" data-end=\"5260\">Mais ces mesures restent souvent <strong data-start=\"5001\" data-end=\"5034\">mal connues ou mal appliqu\u00e9es<\/strong>, notamment dans les territoires ruraux ou les quartiers d\u00e9favoris\u00e9s. <strong data-start=\"5104\" data-end=\"5260\">Le recul de la contraception n\u2019est pas un choix \u00e9clair\u00e9 pour tous : il est aussi le reflet d\u2019in\u00e9galit\u00e9s croissantes en mati\u00e8re d\u2019information et d\u2019acc\u00e8s.<\/strong><\/p>\n<p data-start=\"5262\" data-end=\"5522\">Face \u00e0 cette \u00e9volution, les associations, les centres de sant\u00e9 sexuelle et les soignants demandent un <strong data-start=\"5364\" data-end=\"5410\">renforcement de l\u2019\u00e9ducation \u00e0 la sexualit\u00e9<\/strong>, un <strong data-start=\"5415\" data-end=\"5455\">meilleur accompagnement contraceptif<\/strong>, et <strong data-start=\"5460\" data-end=\"5521\">une \u00e9coute r\u00e9elle des attentes et des craintes des femmes<\/strong>.<\/p>\n<p>Une libert\u00e9 \u00e0 pr\u00e9server, pas \u00e0 abandonner<\/p>\n<p data-start=\"5570\" data-end=\"5930\">La contraception a longtemps \u00e9t\u00e9 pr\u00e9sent\u00e9e comme un acquis. Elle est pourtant aujourd\u2019hui <strong data-start=\"5660\" data-end=\"5747\">fragilis\u00e9e par un d\u00e9sengagement progressif, aussi bien individuel qu\u2019institutionnel<\/strong>. Derri\u00e8re cette tendance se cache <strong data-start=\"5782\" data-end=\"5827\">un risque sanitaire, social et symbolique<\/strong>, celui de voir reculer un droit fondamental : <strong data-start=\"5874\" data-end=\"5929\">le pouvoir de choisir librement sa vie reproductive<\/strong>.<\/p>\n<p data-start=\"5932\" data-end=\"6256\" data-is-last-node=\"\" data-is-only-node=\"\">Car si certaines femmes d\u00e9cident en conscience de se passer de contraception, <strong data-start=\"6010\" data-end=\"6079\">d\u2019autres y renoncent faute d\u2019alternative, de moyens ou de soutien<\/strong>. Et c\u2019est cette fronti\u00e8re floue que l\u2019enqu\u00eate de l\u2019ANRS met en lumi\u00e8re : <strong data-start=\"6153\" data-end=\"6256\" data-is-last-node=\"\">une soci\u00e9t\u00e9 qui, lentement, cesse de garantir \u00e0 toutes et \u00e0 tous un acc\u00e8s \u00e9gal \u00e0 la sant\u00e9 sexuelle.<\/strong><\/p>\n","protected":false},"excerpt":{"rendered":"Une chute marqu\u00e9e, en particulier chez les jeunes Selon l\u2019\u00e9tude Contexte de la sexualit\u00e9 en France (CSF), le&hellip;\n","protected":false},"author":2,"featured_media":136371,"comment_status":"","ping_status":"","sticky":false,"template":"","format":"standard","meta":{"footnotes":""},"categories":[10],"tags":[26246,1294,1011,27,72,26247,26248,56,71],"class_list":{"0":"post-136370","1":"post","2":"type-post","3":"status-publish","4":"format-standard","5":"has-post-thumbnail","7":"category-sante","8":"tag-contraception","9":"tag-femme","10":"tag-fr","11":"tag-france","12":"tag-health","13":"tag-pilule","14":"tag-preservatif","15":"tag-push","16":"tag-sante"},"share_on_mastodon":{"url":"https:\/\/pubeurope.com\/@fr\/114590134035075502","error":""},"_links":{"self":[{"href":"https:\/\/www.europesays.com\/fr\/wp-json\/wp\/v2\/posts\/136370","targetHints":{"allow":["GET"]}}],"collection":[{"href":"https:\/\/www.europesays.com\/fr\/wp-json\/wp\/v2\/posts"}],"about":[{"href":"https:\/\/www.europesays.com\/fr\/wp-json\/wp\/v2\/types\/post"}],"author":[{"embeddable":true,"href":"https:\/\/www.europesays.com\/fr\/wp-json\/wp\/v2\/users\/2"}],"replies":[{"embeddable":true,"href":"https:\/\/www.europesays.com\/fr\/wp-json\/wp\/v2\/comments?post=136370"}],"version-history":[{"count":0,"href":"https:\/\/www.europesays.com\/fr\/wp-json\/wp\/v2\/posts\/136370\/revisions"}],"wp:featuredmedia":[{"embeddable":true,"href":"https:\/\/www.europesays.com\/fr\/wp-json\/wp\/v2\/media\/136371"}],"wp:attachment":[{"href":"https:\/\/www.europesays.com\/fr\/wp-json\/wp\/v2\/media?parent=136370"}],"wp:term":[{"taxonomy":"category","embeddable":true,"href":"https:\/\/www.europesays.com\/fr\/wp-json\/wp\/v2\/categories?post=136370"},{"taxonomy":"post_tag","embeddable":true,"href":"https:\/\/www.europesays.com\/fr\/wp-json\/wp\/v2\/tags?post=136370"}],"curies":[{"name":"wp","href":"https:\/\/api.w.org\/{rel}","templated":true}]}}