{"id":136404,"date":"2025-05-29T08:35:08","date_gmt":"2025-05-29T08:35:08","guid":{"rendered":"https:\/\/www.europesays.com\/fr\/136404\/"},"modified":"2025-05-29T08:35:08","modified_gmt":"2025-05-29T08:35:08","slug":"grenoble-et-brive-en-favoris-des-demi-finales-provence-et-montauban-pour-gacher-la-fete","status":"publish","type":"post","link":"https:\/\/www.europesays.com\/fr\/136404\/","title":{"rendered":"Grenoble et Brive en favoris des demi-finales, Provence et Montauban pour g\u00e2cher la f\u00eate"},"content":{"rendered":"<p>Ce jeudi, Grenoble re\u00e7oit Provence Rugby alors que Brive accueille Montauban vendredi, en demi-finale de Pro D2.<\/p>\n<p class=\"fig-paragraph\">Favoris pour la mont\u00e9e en\u00a0<a href=\"http:\/\/www.lefigaro.fr\/sports\/rugby\/top-14\/toulouse-lyon-a-quelle-heure-et-sur-quelle-chaine-suivre-cette-rencontre-de-top-14-20250527\" data-fig-type=\"NewsFlash\" data-gtm-custom-categorie=\"navigation\" data-gtm-custom-action=\"crossclick\" data-gtm-custom-label=\"Contextuel\" data-gtm-event=\"customEventSPE\" data-fig-domain=\"LEFIGARO\" target=\"_blank\" rel=\"noopener\">Top 14<\/a>\u00a0et qualifi\u00e9s directement pour les demi-finales de Pro D2 \u00e0 l&rsquo;issue de la saison r\u00e9guli\u00e8re, Grenoble et Brive vont devoir assumer leur statut en demies face aux outsiders que sont respectivement Provence Rugby et Montauban.<\/p>\n<p class=\"fig-paragraph\">Leaders de la saison r\u00e9guli\u00e8re et invaincus \u00e0 domicile, les Grenoblois visent une troisi\u00e8me finale d&rsquo;affil\u00e9e, une nouvelle chance pour eux de passer \u00e0 l&rsquo;\u00e9chelon sup\u00e9rieur apr\u00e8s deux d\u00e9faites cons\u00e9cutives \u00e0 ce stade puis en barrage d&rsquo;accession, en 2023 contre Perpignan et l&rsquo;an dernier contre Montpellier.<\/p>\n<p class=\"fig-paragraph\">Avant la rencontre de jeudi, les Is\u00e9rois se m\u00e9fient pourtant des Proven\u00e7aux, chez qui ils s&rsquo;\u00e9taient impos\u00e9s en demi-finale de justesse l&rsquo;an dernier (23-22). Les hommes de Mauricio Reggiardo ont impressionn\u00e9 en barrage en disposant largement de Soyaux-Angoul\u00eame (49-22).<\/p>\n<p>Montauban sans pression<\/p>\n<p class=\"fig-paragraph\">Les Brivistes, qui comptent notamment dans leurs rangs l&rsquo;exp\u00e9riment\u00e9 Courtney Lawes (36 ans, 105 s\u00e9lections avec l&rsquo;Angleterre), veulent eux aussi retrouver le Top 14, qu&rsquo;ils ont quitt\u00e9 en 2023. Mais avant de r\u00eaver d&rsquo;une \u00e9ventuelle finale, il va falloir que les Coujoux franchissent vendredi l&rsquo;obstacle montalbanais, face \u00e0 une \u00e9quipe en pleine euphorie.<\/p>\n<p class=\"fig-paragraph\">Les Tarn-et-Garonnais, qualifi\u00e9s de justesse pour les barrages pour la premi\u00e8re fois depuis 2018, ont arrach\u00e9 sur le gong leur place en demi sur la pelouse de Colomiers (26-23). Men\u00e9s 17-0 apr\u00e8s un quart d&rsquo;heure de jeu, les joueurs de S\u00e9bastien Tillous-Borde n&rsquo;ont rien l\u00e2ch\u00e9, avant de remporter le match avec un magnifique drop de derni\u00e8re minute de plus de 40 m de Thomas Fortunel.<\/p>\n<p class=\"fig-paragraph\">La finale aura lieu samedi 7 juin \u00e0 17h30 au stade Ernest-Wallon de Toulouse.<\/p>\n<p class=\"fig-paragraph\"><strong>Le programme des demi-finales de Pro D2:<\/strong><\/p>\n<p class=\"fig-paragraph\"><strong>Jeudi<\/strong><\/p>\n<p class=\"fig-paragraph\">(21h00) Grenoble &#8211; Provence Rugby<\/p>\n<p class=\"fig-paragraph\"><strong>Vendredi<\/strong><\/p>\n<p class=\"fig-paragraph\">(21h00) Brive &#8211; Montauban<\/p>\n","protected":false},"excerpt":{"rendered":"Ce jeudi, Grenoble re\u00e7oit Provence Rugby alors que Brive accueille Montauban vendredi, en demi-finale de Pro D2. Favoris&hellip;\n","protected":false},"author":2,"featured_media":136405,"comment_status":"","ping_status":"","sticky":false,"template":"","format":"standard","meta":{"footnotes":""},"categories":[9566],"tags":[2306,1111,11,2430,10420,525,2309,1981,2313,1089,451,814,1777,674,1011,27,2731,955,12,2308,2311,25,1980,479,2259,2307,478,2310,2312,513],"class_list":{"0":"post-136404","1":"post","2":"type-post","3":"status-publish","4":"format-standard","5":"has-post-thumbnail","7":"category-grenoble","8":"tag-6-nations","9":"tag-actu","10":"tag-actualites","11":"tag-auvergne-rhone-alpes","12":"tag-ca-brive","13":"tag-calendrier","14":"tag-challenge-europeen","15":"tag-classement","16":"tag-clermont","17":"tag-coupe-deurope","18":"tag-coupe-du-monde","19":"tag-direct","20":"tag-eu","21":"tag-europe","22":"tag-fr","23":"tag-france","24":"tag-grenoble","25":"tag-match","26":"tag-news","27":"tag-pro-d2","28":"tag-racing","29":"tag-republique-francaise","30":"tag-resultats","31":"tag-rugby","32":"tag-score","33":"tag-six-nations","34":"tag-top-14","35":"tag-toulon","36":"tag-toulouse","37":"tag-xv-de-france"},"share_on_mastodon":{"url":"https:\/\/pubeurope.com\/@fr\/114590208688493641","error":""},"_links":{"self":[{"href":"https:\/\/www.europesays.com\/fr\/wp-json\/wp\/v2\/posts\/136404","targetHints":{"allow":["GET"]}}],"collection":[{"href":"https:\/\/www.europesays.com\/fr\/wp-json\/wp\/v2\/posts"}],"about":[{"href":"https:\/\/www.europesays.com\/fr\/wp-json\/wp\/v2\/types\/post"}],"author":[{"embeddable":true,"href":"https:\/\/www.europesays.com\/fr\/wp-json\/wp\/v2\/users\/2"}],"replies":[{"embeddable":true,"href":"https:\/\/www.europesays.com\/fr\/wp-json\/wp\/v2\/comments?post=136404"}],"version-history":[{"count":0,"href":"https:\/\/www.europesays.com\/fr\/wp-json\/wp\/v2\/posts\/136404\/revisions"}],"wp:featuredmedia":[{"embeddable":true,"href":"https:\/\/www.europesays.com\/fr\/wp-json\/wp\/v2\/media\/136405"}],"wp:attachment":[{"href":"https:\/\/www.europesays.com\/fr\/wp-json\/wp\/v2\/media?parent=136404"}],"wp:term":[{"taxonomy":"category","embeddable":true,"href":"https:\/\/www.europesays.com\/fr\/wp-json\/wp\/v2\/categories?post=136404"},{"taxonomy":"post_tag","embeddable":true,"href":"https:\/\/www.europesays.com\/fr\/wp-json\/wp\/v2\/tags?post=136404"}],"curies":[{"name":"wp","href":"https:\/\/api.w.org\/{rel}","templated":true}]}}