{"id":136410,"date":"2025-05-29T08:39:09","date_gmt":"2025-05-29T08:39:09","guid":{"rendered":"https:\/\/www.europesays.com\/fr\/136410\/"},"modified":"2025-05-29T08:39:09","modified_gmt":"2025-05-29T08:39:09","slug":"ce-que-lon-sait-deja-sur-les-futurs-tarifs","status":"publish","type":"post","link":"https:\/\/www.europesays.com\/fr\/136410\/","title":{"rendered":"ce que l&rsquo;on sait d\u00e9j\u00e0 sur les futurs tarifs"},"content":{"rendered":"<p>            Par<br \/>\n        <strong><br \/>\n            <a href=\"https:\/\/actu.fr\/auteur\/ivan-capecchi\" title=\"Consulter tous les articles de Ivan CAPECCHI\" target=\"_blank\" rel=\"noopener\">Ivan CAPECCHI<\/a><br \/>\n        <\/strong><\/p>\n<p>        Publi\u00e9 le<\/p>\n<p>            29 mai 2025 \u00e0 10h29        <\/p>\n<p>Le nouveau <a href=\"https:\/\/actu.fr\/grand-est\/strasbourg_67482\/bowling-de-l-orangerie-a-strasbourg-on-connait-la-date-d-ouverture-precise_62687701.html\" target=\"_blank\" rel=\"noopener\">bowling de l\u2019Orangerie \u00e0 Strasbourg<\/a> doit <strong>rouvrir ses portes le 2 d\u00e9cembre 2025<\/strong>, sous r\u00e9serve qu\u2019il n\u2019y ait pas de <strong>retard de chantier<\/strong>.\u00a0<\/p>\n<p class=\" wall-content\">D\u2019ici-l\u00e0, on a pu s\u2019entretenir avec Richard Meyer de la soci\u00e9t\u00e9 Rimea, l\u2019entreprise derri\u00e8re le projet de d\u00e9molition-reconstruction du bowling de l\u2019Orangerie. Et notamment parler <strong>tarifs<\/strong>.<\/p>\n<p>Nouveau bowling de l\u2019Orangerie : des tarifs quasi inchang\u00e9s<\/p>\n<p class=\" wall-content\">Les tarifs devraient \u00eatre sensiblement les m\u00eames que ceux avant la fermeture pour <a href=\"https:\/\/actu.fr\/tag\/travaux\" target=\"_blank\" rel=\"noopener\">travaux<\/a>. Sensiblement, car \u00ab\u00a0cela fait quand m\u00eame trois ans qu\u2019on est ferm\u00e9s\u00a0\u00bb, souligne M. Meyer.<\/p>\n<p class=\" wall-content\">\u00ab\u00a0Dans tous les cas, on restera dans les m\u00eames ordres de grandeur\u00a0\u00bb, tient-il \u00e0 rassurer. En l\u2019occurrence : \u00ab\u00a0<strong>Entre 1,90 \u20ac et 6 \u20ac par personne<\/strong>, selon la plage horaire\u00a0\u00bb.<\/p>\n<p class=\" wall-content\">Si vous souhaitez avoir <a href=\"https:\/\/actu.fr\/grand-est\/strasbourg_67482\/restaurant-du-bowling-de-l-orangerie-le-fondateur-de-la-cuiller-a-pot-en-sera-le-chef-voici-ce-qu-il-mijote_62697872.html\" target=\"_blank\" rel=\"noopener\">plus d\u2019informations sur le restaurant, c\u2019est juste ici<\/a>.<\/p>\n<p>Vid\u00e9os : en ce moment sur Actu<\/p>\n<p class=\" wall-content\">Suivez toute l\u2019actualit\u00e9 de vos villes et m\u00e9dias favoris en vous inscrivant \u00e0 <a href=\"https:\/\/moncompte.actu.fr\" title=\"D\u00e9couvez Mon Actu\" rel=\"nofollow noopener\" data-trk=\"{&quot;cta&quot;:{&quot;action&quot;:&quot;https:\\\/\\\/moncompte.actu.fr&quot;,&quot;category&quot;:&quot;mon compte&quot;,&quot;from&quot;:&quot;article footer&quot;,&quot;name&quot;:&quot;Mon actu&quot;,&quot;type&quot;:&quot;cta&quot;}}\" target=\"_blank\">Mon Actu<\/a>.<\/p>\n<ul class=\"ac-article-tag wall-content\">\n<li><a href=\"https:\/\/actu.fr\/tag\/parc-de-l-orangerie\" data-trk=\"{&quot;cta&quot;:{&quot;action&quot;:&quot;Parc de l&#039;Orangerie&quot;,&quot;category&quot;:&quot;tag&quot;,&quot;from&quot;:&quot;article footer&quot;,&quot;name&quot;:&quot;Parc de l&#039;Orangerie&quot;,&quot;type&quot;:&quot;cta&quot;}}\" target=\"_blank\" rel=\"noopener\">#Parc de l&rsquo;Orangerie<\/a><\/li>\n<li><a href=\"https:\/\/actu.fr\/tag\/travaux\" data-trk=\"{&quot;cta&quot;:{&quot;action&quot;:&quot;Travaux&quot;,&quot;category&quot;:&quot;tag&quot;,&quot;from&quot;:&quot;article footer&quot;,&quot;name&quot;:&quot;Travaux&quot;,&quot;type&quot;:&quot;cta&quot;}}\" target=\"_blank\" rel=\"noopener\">#Travaux<\/a><\/li>\n<\/ul>\n","protected":false},"excerpt":{"rendered":"Par Ivan CAPECCHI Publi\u00e9 le 29 mai 2025 \u00e0 10h29 Le nouveau bowling de l\u2019Orangerie \u00e0 Strasbourg doit&hellip;\n","protected":false},"author":2,"featured_media":136411,"comment_status":"","ping_status":"","sticky":false,"template":"","format":"standard","meta":{"footnotes":""},"categories":[2820],"tags":[1111,11,1777,674,1011,27,775,1652,12,25967,25,640,2086],"class_list":{"0":"post-136410","1":"post","2":"type-post","3":"status-publish","4":"format-standard","5":"has-post-thumbnail","7":"category-strasbourg","8":"tag-actu","9":"tag-actualites","10":"tag-eu","11":"tag-europe","12":"tag-fr","13":"tag-france","14":"tag-grand-est","15":"tag-loisirs-culture","16":"tag-news","17":"tag-parc-de-lorangerie","18":"tag-republique-francaise","19":"tag-strasbourg","20":"tag-travaux"},"share_on_mastodon":{"url":"https:\/\/pubeurope.com\/@fr\/114590224569516699","error":""},"_links":{"self":[{"href":"https:\/\/www.europesays.com\/fr\/wp-json\/wp\/v2\/posts\/136410","targetHints":{"allow":["GET"]}}],"collection":[{"href":"https:\/\/www.europesays.com\/fr\/wp-json\/wp\/v2\/posts"}],"about":[{"href":"https:\/\/www.europesays.com\/fr\/wp-json\/wp\/v2\/types\/post"}],"author":[{"embeddable":true,"href":"https:\/\/www.europesays.com\/fr\/wp-json\/wp\/v2\/users\/2"}],"replies":[{"embeddable":true,"href":"https:\/\/www.europesays.com\/fr\/wp-json\/wp\/v2\/comments?post=136410"}],"version-history":[{"count":0,"href":"https:\/\/www.europesays.com\/fr\/wp-json\/wp\/v2\/posts\/136410\/revisions"}],"wp:featuredmedia":[{"embeddable":true,"href":"https:\/\/www.europesays.com\/fr\/wp-json\/wp\/v2\/media\/136411"}],"wp:attachment":[{"href":"https:\/\/www.europesays.com\/fr\/wp-json\/wp\/v2\/media?parent=136410"}],"wp:term":[{"taxonomy":"category","embeddable":true,"href":"https:\/\/www.europesays.com\/fr\/wp-json\/wp\/v2\/categories?post=136410"},{"taxonomy":"post_tag","embeddable":true,"href":"https:\/\/www.europesays.com\/fr\/wp-json\/wp\/v2\/tags?post=136410"}],"curies":[{"name":"wp","href":"https:\/\/api.w.org\/{rel}","templated":true}]}}