{"id":136412,"date":"2025-05-29T08:40:10","date_gmt":"2025-05-29T08:40:10","guid":{"rendered":"https:\/\/www.europesays.com\/fr\/136412\/"},"modified":"2025-05-29T08:40:10","modified_gmt":"2025-05-29T08:40:10","slug":"chaque-soir-le-crous-remplit-le-frigo-et-le-matin-il-est-vide-des-denrees-alimentaires-gratuites-mises-a-disposition-des-etudiants-a-nice","status":"publish","type":"post","link":"https:\/\/www.europesays.com\/fr\/136412\/","title":{"rendered":"\u00ab\u00a0Chaque soir, le Crous remplit le frigo et, le matin, il est vide\u00a0\u00bb: des denr\u00e9es alimentaires gratuites mises \u00e0 disposition des \u00e9tudiants \u00e0 Nice"},"content":{"rendered":"<p>Des aliments gratuits remplissent un frigo install\u00e9, il y a bient\u00f4t un mois, sur le campus Saint-Jean-d\u2019Ang\u00e9ly. \u00c0 la suite d\u2019un partenariat entre l\u2019universit\u00e9 Nice C\u00f4te d\u2019Azur, le bureau des \u00e9l\u00e8ves et le Crous (1), un frigo solidaire de l\u2019association \u00e9ponyme a \u00e9t\u00e9 mis en place. C\u2019est le deuxi\u00e8me dans les Alpes-Maritimes, le premier ayant \u00e9t\u00e9 inaugur\u00e9 sur le campus George-M\u00e9li\u00e8s \u00e0 Cannes, l\u2019an dernier. \u00ab\u00a0J\u2019ai rencontr\u00e9 l\u2019\u00e9quipe autour du projet en me rendant \u00e0 l\u2019inauguration du premier. Cela marche tr\u00e8s bien \u00e0 Cannes\u00a0\u00bb, note Laetitia Cochin, vice-pr\u00e9sidente de la vie \u00e9tudiante du campus concern\u00e9.<\/p>\n<p>\u00ab\u00a0Une pr\u00e9carit\u00e9 \u00e9vidente\u00a0\u00bb<\/p>\n<p>L\u2019association cr\u00e9\u00e9e par Malika et Dounia Mebtoul aident 3.500 personnes chaque jour en sauvant pr\u00e8s de 700kg de nourriture vou\u00e9s \u00e0 \u00eatre jet\u00e9s. \u00ab\u00a0Cela r\u00e9pond \u00e0 un besoin des \u00e9tudiants face \u00e0 une pr\u00e9carit\u00e9 \u00e9vidente \u00ab\u00a0, souligne Laetitia Cochin. Aujourd\u2019hui, une douzaine de frigos solidaires sont pr\u00e9sents dans des universit\u00e9s et des \u00e9coles sup\u00e9rieures. L\u2019action men\u00e9e depuis 2017, qui compte 160 frigos en service, s\u2019inscrit dans un contexte plus vaste. \u00ab\u00a0La d\u00e9marche est \u00e9galement \u00e9cologique, ajoute la vice-pr\u00e9sidente Chaque soir, le Crous remplit le frigo, et le matin, il est vide. \u00a0\u00bb Selon le barom\u00e8tre annuel de l\u2019association Cop1 Solidarit\u00e9 \u00e9tudiante, le nombre d\u2019\u00e9tudiants disposant de moins de 50 euros de reste \u00e0 vivre par mois \u00e9tait de 27% en 2024.<\/p>\n<p>1. Centre r\u00e9gional des \u0153uvres universitaires et scolaires.<\/p>\n","protected":false},"excerpt":{"rendered":"Des aliments gratuits remplissent un frigo install\u00e9, il y a bient\u00f4t un mois, sur le campus Saint-Jean-d\u2019Ang\u00e9ly. \u00c0&hellip;\n","protected":false},"author":2,"featured_media":136413,"comment_status":"","ping_status":"","sticky":false,"template":"","format":"standard","meta":{"footnotes":""},"categories":[2819],"tags":[1111,11,1777,674,1011,27,4075,12,2401,882,25,801],"class_list":{"0":"post-136412","1":"post","2":"type-post","3":"status-publish","4":"format-standard","5":"has-post-thumbnail","7":"category-nice","8":"tag-actu","9":"tag-actualites","10":"tag-eu","11":"tag-europe","12":"tag-fr","13":"tag-france","14":"tag-jeunesse","15":"tag-news","16":"tag-nice","17":"tag-provence-alpes-cote-dazur","18":"tag-republique-francaise","19":"tag-social"},"share_on_mastodon":{"url":"https:\/\/pubeurope.com\/@fr\/114590228345628199","error":""},"_links":{"self":[{"href":"https:\/\/www.europesays.com\/fr\/wp-json\/wp\/v2\/posts\/136412","targetHints":{"allow":["GET"]}}],"collection":[{"href":"https:\/\/www.europesays.com\/fr\/wp-json\/wp\/v2\/posts"}],"about":[{"href":"https:\/\/www.europesays.com\/fr\/wp-json\/wp\/v2\/types\/post"}],"author":[{"embeddable":true,"href":"https:\/\/www.europesays.com\/fr\/wp-json\/wp\/v2\/users\/2"}],"replies":[{"embeddable":true,"href":"https:\/\/www.europesays.com\/fr\/wp-json\/wp\/v2\/comments?post=136412"}],"version-history":[{"count":0,"href":"https:\/\/www.europesays.com\/fr\/wp-json\/wp\/v2\/posts\/136412\/revisions"}],"wp:featuredmedia":[{"embeddable":true,"href":"https:\/\/www.europesays.com\/fr\/wp-json\/wp\/v2\/media\/136413"}],"wp:attachment":[{"href":"https:\/\/www.europesays.com\/fr\/wp-json\/wp\/v2\/media?parent=136412"}],"wp:term":[{"taxonomy":"category","embeddable":true,"href":"https:\/\/www.europesays.com\/fr\/wp-json\/wp\/v2\/categories?post=136412"},{"taxonomy":"post_tag","embeddable":true,"href":"https:\/\/www.europesays.com\/fr\/wp-json\/wp\/v2\/tags?post=136412"}],"curies":[{"name":"wp","href":"https:\/\/api.w.org\/{rel}","templated":true}]}}