{"id":136426,"date":"2025-05-29T08:48:11","date_gmt":"2025-05-29T08:48:11","guid":{"rendered":"https:\/\/www.europesays.com\/fr\/136426\/"},"modified":"2025-05-29T08:48:11","modified_gmt":"2025-05-29T08:48:11","slug":"budget-participatif-culture-2025-votez-pour-vos-projets-culturels-preferes","status":"publish","type":"post","link":"https:\/\/www.europesays.com\/fr\/136426\/","title":{"rendered":"Budget Participatif Culture 2025 : votez pour vos projets culturels pr\u00e9f\u00e9r\u00e9s"},"content":{"rendered":"<p class=\"introduction\">Depuis 2019, la Ville de Roubaix fait le pari de la d\u00e9mocratie culturelle avec son Budget Participatif Culture (BPC). Imagin\u00e9 pour donner aux habitants un r\u00f4le actif dans la cr\u00e9ation de l\u2019offre artistique locale, ce dispositif permet \u00e0 chacun de proposer, voter et donner vie \u00e0 des projets culturels pour leur quartier. Rendez-vous le jeudi 5 juin \u00e0 La Manufacture pour d\u00e9couvrir les projets propos\u00e9s en 2025.<\/p>\n<p>R\u00e9guli\u00e8rement salu\u00e9e pour sa d\u00e9marche participative et humaniste, le Budget Participatif Culturel de la ville de Roubaix a su s\u2019imposer comme une initiative innovante. En 2023, il a \u00e9t\u00e9 <a href=\"https:\/\/www.roubaixxl.fr\/prix-participation-roubaix-2024\/\" target=\"_blank\" rel=\"noopener\">r\u00e9compens\u00e9 \u00e0 l\u2019Assembl\u00e9e nationale, puis au S\u00e9nat en 2024<\/a> dans le cadre des Troph\u00e9es de la participation. Une reconnaissance bien m\u00e9rit\u00e9e pour un dispositif qui mise sur l\u2019intelligence collective et le lien social.<\/p>\n<p>Les prochaines \u00e9tapes : mobilisez-vous !<\/p>\n<p>Les projets 2025 ont \u00e9t\u00e9 d\u00e9pos\u00e9s en ligne. Rendez-vous <strong>le jeudi 5 juin \u00e0 17h \u00e0 La Manufacture<\/strong> (29 avenue Julien Lagache) pour une soir\u00e9e festive o\u00f9 chaque porteur disposera de quelques minutes pour pr\u00e9senter son projet et convaincre.<\/p>\n<p><strong>Du 5 juin au 2 juillet, votez en ligne pour votre projet pr\u00e9f\u00e9r\u00e9<\/strong> via le site <a href=\"https:\/\/la-fabrique.consultvox.co\/\" target=\"_blank\" rel=\"noopener\">la-fabrique.consultvox.co<\/a> ou physiquement dans les urnes des mairies de quartier.<\/p>\n<p>Les projets laur\u00e9ats 2025 seront annonc\u00e9s lors d\u2019une <strong>soir\u00e9e festive le 3 juillet 2025 \u00e0 La Manufacture<\/strong> pour une mise en \u0153uvre d\u2019ici juillet 2026.<\/p>\n<p class=\"title\">Une \u00e9dition 2024 riche de projets solidaires et cr\u00e9atifs<\/p>\n<p>Parmi les projets laur\u00e9ats en 2024, trois initiatives se distinguent :<\/p>\n<p><strong>Jardin Part\u2019\u00e2g\u00e9<\/strong> : La r\u00e9sidence Isabeau ouvre son jardin aux habitants du quartier de la Fosse aux Ch\u00eanes. Serre, potager, espace de p\u00e9tanque et coin biodiversit\u00e9\u2026 ce lieu devient un carrefour interg\u00e9n\u00e9rationnel vivant, coanim\u00e9 par r\u00e9sidents, coll\u00e9giens, et enfants du CAMSP. Une f\u00eate est pr\u00e9vue le 12 juin pour c\u00e9l\u00e9brer l\u2019installation de nouveaux bacs \u00e0 fleurs rue Saint-Antoine.<\/p>\n<p><strong>Roubaix \u2013 Cuisine du monde<\/strong> : Des ateliers de cuisine z\u00e9ro d\u00e9chet o\u00f9 les familles partagent les recettes embl\u00e9matiques de leurs r\u00e9gions ou pays d\u2019origine. Le tout donnera lieu \u00e0 un recueil culinaire vivant et \u00e0 une restitution festive le 28 juin.<\/p>\n<p><strong>D\u00e9veloppe ta voix !<\/strong> : Port\u00e9 par l\u2019association \u00d4 la Voix, ce projet propose des ateliers de lecture \u00e0 voix haute anim\u00e9s par la com\u00e9dienne roubaisienne Val\u00e9rie Dablemont. Une initiative pour renforcer l\u2019expression orale et la confiance en soi par la lecture partag\u00e9e.<\/p>\n","protected":false},"excerpt":{"rendered":"Depuis 2019, la Ville de Roubaix fait le pari de la d\u00e9mocratie culturelle avec son Budget Participatif Culture&hellip;\n","protected":false},"author":2,"featured_media":48253,"comment_status":"","ping_status":"","sticky":false,"template":"","format":"standard","meta":{"footnotes":""},"categories":[2815],"tags":[1111,11,26252,1777,674,1011,27,811,1307,12,25],"class_list":{"0":"post-136426","1":"post","2":"type-post","3":"status-publish","4":"format-standard","5":"has-post-thumbnail","7":"category-lille","8":"tag-actu","9":"tag-actualites","10":"tag-budget-participatif-culture","11":"tag-eu","12":"tag-europe","13":"tag-fr","14":"tag-france","15":"tag-hauts-de-france","16":"tag-lille","17":"tag-news","18":"tag-republique-francaise"},"share_on_mastodon":{"url":"https:\/\/pubeurope.com\/@fr\/114590259865910508","error":""},"_links":{"self":[{"href":"https:\/\/www.europesays.com\/fr\/wp-json\/wp\/v2\/posts\/136426","targetHints":{"allow":["GET"]}}],"collection":[{"href":"https:\/\/www.europesays.com\/fr\/wp-json\/wp\/v2\/posts"}],"about":[{"href":"https:\/\/www.europesays.com\/fr\/wp-json\/wp\/v2\/types\/post"}],"author":[{"embeddable":true,"href":"https:\/\/www.europesays.com\/fr\/wp-json\/wp\/v2\/users\/2"}],"replies":[{"embeddable":true,"href":"https:\/\/www.europesays.com\/fr\/wp-json\/wp\/v2\/comments?post=136426"}],"version-history":[{"count":0,"href":"https:\/\/www.europesays.com\/fr\/wp-json\/wp\/v2\/posts\/136426\/revisions"}],"wp:featuredmedia":[{"embeddable":true,"href":"https:\/\/www.europesays.com\/fr\/wp-json\/wp\/v2\/media\/48253"}],"wp:attachment":[{"href":"https:\/\/www.europesays.com\/fr\/wp-json\/wp\/v2\/media?parent=136426"}],"wp:term":[{"taxonomy":"category","embeddable":true,"href":"https:\/\/www.europesays.com\/fr\/wp-json\/wp\/v2\/categories?post=136426"},{"taxonomy":"post_tag","embeddable":true,"href":"https:\/\/www.europesays.com\/fr\/wp-json\/wp\/v2\/tags?post=136426"}],"curies":[{"name":"wp","href":"https:\/\/api.w.org\/{rel}","templated":true}]}}