{"id":136427,"date":"2025-05-29T08:49:44","date_gmt":"2025-05-29T08:49:44","guid":{"rendered":"https:\/\/www.europesays.com\/fr\/136427\/"},"modified":"2025-05-29T08:49:44","modified_gmt":"2025-05-29T08:49:44","slug":"un-homme-et-deux-enfants-meurent-dans-lincendie-dune-maison","status":"publish","type":"post","link":"https:\/\/www.europesays.com\/fr\/136427\/","title":{"rendered":"un homme et deux enfants meurent dans l&rsquo;incendie d&rsquo;une maison"},"content":{"rendered":"<p>            Par<br \/>\n        <strong><br \/>\n            <a href=\"https:\/\/actu.fr\/auteur\/redaction-lille\" title=\"Consulter tous les articles de R\u00e9daction Lille\" rel=\"nofollow noopener\" target=\"_blank\">R\u00e9daction Lille<\/a><br \/>\n        <\/strong><\/p>\n<p>        Publi\u00e9 le<\/p>\n<p>            27 mai 2025 \u00e0 9h06        <\/p>\n<p>Bouleversant incident, \u00e0 <b><a href=\"https:\/\/actu.fr\/hauts-de-france\/attiches_59022\" rel=\"nofollow noopener\" target=\"_blank\">Attiches<\/a><\/b> (Nord), ce mardi 27 mai 2025 : <b>l\u2019<a href=\"https:\/\/actu.fr\/tag\/incendie\" rel=\"nofollow noopener\" target=\"_blank\">incendie<\/a> d\u2019une maison<\/b> dans cette commune aux portes de la <b><a href=\"https:\/\/actu.fr\/lille\/\" rel=\"nofollow noopener\" target=\"_blank\">m\u00e9tropole de Lille<\/a><\/b> a caus\u00e9 <b>la mort d\u2019un homme et deux enfants<\/b>, a annonc\u00e9 la pr\u00e9fecture \u00e0 l\u2019AFP. Apr\u00e8s la d\u00e9couverte du corps d\u2019un homme et d\u2019un enfant dans un premier temps, le corps d\u2019un deuxi\u00e8me enfant a \u00e9t\u00e9 retrouv\u00e9 dans les d\u00e9combres, une fois l\u2019incendie ma\u00eetris\u00e9 par les pompiers.<\/p>\n<p class=\" wall-content\">Le Service d\u00e9partemental de secours et d\u2019incendie (Sdis 59) confirme de son c\u00f4t\u00e9 que les pompiers sont intervenus vers 4h30, rue Collette. Le feu a \u00e9t\u00e9 \u00e9teint \u00e0 7h, mais \u00ab\u00a0de nombreuses op\u00e9rations et investigations\u00a0\u00bb se sont poursuivies peu avant 9h.\u00a0<\/p>\n<p>Incendie mortel \u00e0 Attiches : deux autres enfants et la m\u00e8re transport\u00e9s \u00e0 l\u2019h\u00f4pital<\/p>\n<p class=\" wall-content\">Deux autres enfants ainsi que la m\u00e8re de famille ont \u00e9t\u00e9 transport\u00e9s \u00e0 l\u2019h\u00f4pital, sans pronostic vital engag\u00e9, selon la pr\u00e9fecture. Le Sdis 59 ajoute que le \u00ab\u00a0bilan reste \u00e9volutif\u00a0\u00bb.<\/p>\n<p class=\" wall-content\">Le logement qui \u00e9tait en proie aux flammes est une maison mitoyenne, a pr\u00e9cis\u00e9 le maire d\u2019Attiches, Luc Foutry \u00e0 l\u2019AFP. L\u2019\u00e9lu explique encore que l\u2019incendie, au beau milieu de la nuit, \u00ab\u00a0a pris assez rapidement mais ne s\u2019est pas propag\u00e9 aux autres maisons\u00a0\u00bb.\u00a0<\/p>\n<p class=\" wall-content\">\u00ab\u00a0Les personnes ont d\u00fb \u00eatre surprises dans leur sommeil\u00a0\u00bb, \u00ab\u00a0c\u2019est un drame. Tout le voisinage a eu tr\u00e8s peur\u00a0\u00bb, conclut le maire.<\/p>\n<p>Vid\u00e9os : en ce moment sur Actu<\/p>\n<p class=\" wall-content\">Plus d\u2019informations \u00e0 venir.<\/p>\n<p class=\" wall-content\"><b>Avec AFP<\/b><\/p>\n<p class=\" wall-content\">Suivez toute l\u2019actualit\u00e9 de vos villes et m\u00e9dias favoris en vous inscrivant \u00e0 <a href=\"https:\/\/moncompte.actu.fr\" title=\"D\u00e9couvez Mon Actu\" rel=\"nofollow noopener\" data-trk=\"{&quot;cta&quot;:{&quot;action&quot;:&quot;https:\\\/\\\/moncompte.actu.fr&quot;,&quot;category&quot;:&quot;mon compte&quot;,&quot;from&quot;:&quot;article footer&quot;,&quot;name&quot;:&quot;Mon actu&quot;,&quot;type&quot;:&quot;cta&quot;}}\" target=\"_blank\">Mon Actu<\/a>.<\/p>\n","protected":false},"excerpt":{"rendered":"Par R\u00e9daction Lille Publi\u00e9 le 27 mai 2025 \u00e0 9h06 Bouleversant incident, \u00e0 Attiches (Nord), ce mardi 27&hellip;\n","protected":false},"author":2,"featured_media":136428,"comment_status":"","ping_status":"","sticky":false,"template":"","format":"standard","meta":{"footnotes":""},"categories":[2815],"tags":[1111,11,1719,1777,674,118,1011,27,811,1310,1307,12,1311,25],"class_list":{"0":"post-136427","1":"post","2":"type-post","3":"status-publish","4":"format-standard","5":"has-post-thumbnail","7":"category-lille","8":"tag-actu","9":"tag-actualites","10":"tag-enfants","11":"tag-eu","12":"tag-europe","13":"tag-faits-divers","14":"tag-fr","15":"tag-france","16":"tag-hauts-de-france","17":"tag-incendie","18":"tag-lille","19":"tag-news","20":"tag-pompiers","21":"tag-republique-francaise"},"share_on_mastodon":{"url":"https:\/\/pubeurope.com\/@fr\/114590263802536918","error":""},"_links":{"self":[{"href":"https:\/\/www.europesays.com\/fr\/wp-json\/wp\/v2\/posts\/136427","targetHints":{"allow":["GET"]}}],"collection":[{"href":"https:\/\/www.europesays.com\/fr\/wp-json\/wp\/v2\/posts"}],"about":[{"href":"https:\/\/www.europesays.com\/fr\/wp-json\/wp\/v2\/types\/post"}],"author":[{"embeddable":true,"href":"https:\/\/www.europesays.com\/fr\/wp-json\/wp\/v2\/users\/2"}],"replies":[{"embeddable":true,"href":"https:\/\/www.europesays.com\/fr\/wp-json\/wp\/v2\/comments?post=136427"}],"version-history":[{"count":0,"href":"https:\/\/www.europesays.com\/fr\/wp-json\/wp\/v2\/posts\/136427\/revisions"}],"wp:featuredmedia":[{"embeddable":true,"href":"https:\/\/www.europesays.com\/fr\/wp-json\/wp\/v2\/media\/136428"}],"wp:attachment":[{"href":"https:\/\/www.europesays.com\/fr\/wp-json\/wp\/v2\/media?parent=136427"}],"wp:term":[{"taxonomy":"category","embeddable":true,"href":"https:\/\/www.europesays.com\/fr\/wp-json\/wp\/v2\/categories?post=136427"},{"taxonomy":"post_tag","embeddable":true,"href":"https:\/\/www.europesays.com\/fr\/wp-json\/wp\/v2\/tags?post=136427"}],"curies":[{"name":"wp","href":"https:\/\/api.w.org\/{rel}","templated":true}]}}