{"id":136431,"date":"2025-05-29T08:51:09","date_gmt":"2025-05-29T08:51:09","guid":{"rendered":"https:\/\/www.europesays.com\/fr\/136431\/"},"modified":"2025-05-29T08:51:09","modified_gmt":"2025-05-29T08:51:09","slug":"une-fusillade-a-fait-un-blesse-mercredi-soir-a-belsunce","status":"publish","type":"post","link":"https:\/\/www.europesays.com\/fr\/136431\/","title":{"rendered":"une fusillade a fait un bless\u00e9 mercredi soir \u00e0 Belsunce"},"content":{"rendered":"<p>Un homme a \u00e9t\u00e9 bless\u00e9 par balle mercredi 28\u00a0mai au soir \u00e0 Belsunce dans le 1er arrondissement de Marseille. Touch\u00e9 aux jambes \u00e0 de multiples reprises, il a \u00e9t\u00e9 transport\u00e9 \u00e0 l\u2019h\u00f4pital par les marins-pompiers de Marseille.<\/p>\n<p>Il \u00e9tait 23h45 lorsque des coups de feu ont retenti, avant qu\u2019un homme ne s\u2019effondre sur le bitume, \u00e0 l\u2019angle de la rue des Petites Maries et de la rue de la Fare, \u00e0 quelques encablures de la <a href=\"https:\/\/www.laprovence.com\/article\/faits-divers-justice\/10970816595718\/marseille-un-homme-a-ete-tue-par-balle-cette-nuit-rue-nationale\" target=\"_blank\" rel=\"noopener\">rue Nationale<\/a> o\u00f9 un jeune homme de 25\u00a0ans a \u00e9t\u00e9 tu\u00e9 par balle en pleine nuit la semaine derni\u00e8re, apr\u00e8s une rixe qui avait \u00e9clat\u00e9 place Louise Michel.<\/p>\n<p>4 suspects en fuite<\/p>\n<p>La nuit derni\u00e8re, c\u2019est une nouvelle fois une arme automatique qui a \u00e9t\u00e9 utilis\u00e9e par les assaillants. Plusieurs \u00e9tuis de 7,65, indiquant l\u2019usage d\u2019une arme de guerre type kalachnikov, ont \u00e9t\u00e9 retrouv\u00e9s sur place par la police et jusque dans des devantures de commerces.<\/p>\n<p>\u00c2g\u00e9e de 38\u00a0ans, la victime aurait re\u00e7u plusieurs impacts dans les membres inf\u00e9rieurs, mais son pronostic ne serait pas engag\u00e9.<\/p>\n<p>Les auteurs pourraient \u00eatre quatre individus aper\u00e7us prenant la fuite apr\u00e8s la <a href=\"https:\/\/www.laprovence.com\/article\/faits-divers-justice\/5400541701999514\/info-la-provence-marseille-un-homme-grievement-blesse-par-balle-depose-a-lhopital\" target=\"_blank\" rel=\"noopener\">fusillade<\/a>, \u00e0 bord d\u2019un v\u00e9hicule blanc. Si l\u2019exploitation des images de vid\u00e9osurveillance de la ville a permis aux enqu\u00eateurs de distinguer la plaque d\u2019immatriculation, pas d\u2019interpellations \u00e0 ce stade, puisque la voiture s\u2019est av\u00e9r\u00e9e vol\u00e9e.<\/p>\n<p>Quelques heures apr\u00e8s l\u2019op\u00e9ration Jumbo<\/p>\n<p>Cette nouvelle fusillade dans le <a href=\"https:\/\/www.laprovence.com\/article\/region\/48112631899017\/le-trafic-de-crack-explose-a-belsunce-a-marseille-maintenant-on-a-peur-de-prendre-une-balle-perdue\" target=\"_blank\" rel=\"noopener\">quartier Belsunce<\/a> a \u00e9clat\u00e9 alors que quelques heures plus t\u00f4t, les forces de l\u2019ordre l\u2019avaient massivement investi pour mener une op\u00e9ration de \u00ab\u00a0restauration de s\u00e9curit\u00e9 du quotidien\u00a0\u00bb, dite aussi op\u00e9ration <a href=\"https:\/\/www.laprovence.com\/article\/faits-divers-justice\/56613976653931\/face-a-lexplosion-du-crack-un-deploiement-duniformes-bleus-dans-les-rues-de-belsunce-a-marseille\" target=\"_blank\" rel=\"noopener\">Jumbo<\/a>.<\/p>\n<p>En compagnie de la pr\u00e9f\u00e8te de police Corinne Simon, les policiers ont multipli\u00e9 les contr\u00f4les d\u2019identit\u00e9 et de commerces toute la journ\u00e9e dans ce quartier gangren\u00e9 par la drogue. Mais quelques heures apr\u00e8s ce d\u00e9ploiement d\u2019uniformes bleus, c\u2019est bien la loi du Talion, qui pr\u00e9vaut dans le trafic de stup\u00e9fiants, qui semble s\u2019\u00eatre appliqu\u00e9e.<\/p>\n","protected":false},"excerpt":{"rendered":"Un homme a \u00e9t\u00e9 bless\u00e9 par balle mercredi 28\u00a0mai au soir \u00e0 Belsunce dans le 1er arrondissement de&hellip;\n","protected":false},"author":2,"featured_media":136432,"comment_status":"","ping_status":"","sticky":false,"template":"","format":"standard","meta":{"footnotes":""},"categories":[2814],"tags":[17,1111,11,3916,1777,674,21,274,1011,27,3832,884,6774,12,882,25,3467,96],"class_list":{"0":"post-136431","1":"post","2":"type-post","3":"status-publish","4":"format-standard","5":"has-post-thumbnail","7":"category-marseille","8":"tag-17","9":"tag-actu","10":"tag-actualites","11":"tag-blesse","12":"tag-eu","13":"tag-europe","14":"tag-fait","15":"tag-faits-divers-justice","16":"tag-fr","17":"tag-france","18":"tag-fusillade","19":"tag-marseille","20":"tag-mercredi","21":"tag-news","22":"tag-provence-alpes-cote-dazur","23":"tag-republique-francaise","24":"tag-soir","25":"tag-une"},"share_on_mastodon":{"url":"https:\/\/pubeurope.com\/@fr\/114590271626020211","error":""},"_links":{"self":[{"href":"https:\/\/www.europesays.com\/fr\/wp-json\/wp\/v2\/posts\/136431","targetHints":{"allow":["GET"]}}],"collection":[{"href":"https:\/\/www.europesays.com\/fr\/wp-json\/wp\/v2\/posts"}],"about":[{"href":"https:\/\/www.europesays.com\/fr\/wp-json\/wp\/v2\/types\/post"}],"author":[{"embeddable":true,"href":"https:\/\/www.europesays.com\/fr\/wp-json\/wp\/v2\/users\/2"}],"replies":[{"embeddable":true,"href":"https:\/\/www.europesays.com\/fr\/wp-json\/wp\/v2\/comments?post=136431"}],"version-history":[{"count":0,"href":"https:\/\/www.europesays.com\/fr\/wp-json\/wp\/v2\/posts\/136431\/revisions"}],"wp:featuredmedia":[{"embeddable":true,"href":"https:\/\/www.europesays.com\/fr\/wp-json\/wp\/v2\/media\/136432"}],"wp:attachment":[{"href":"https:\/\/www.europesays.com\/fr\/wp-json\/wp\/v2\/media?parent=136431"}],"wp:term":[{"taxonomy":"category","embeddable":true,"href":"https:\/\/www.europesays.com\/fr\/wp-json\/wp\/v2\/categories?post=136431"},{"taxonomy":"post_tag","embeddable":true,"href":"https:\/\/www.europesays.com\/fr\/wp-json\/wp\/v2\/tags?post=136431"}],"curies":[{"name":"wp","href":"https:\/\/api.w.org\/{rel}","templated":true}]}}