{"id":136438,"date":"2025-05-29T08:56:09","date_gmt":"2025-05-29T08:56:09","guid":{"rendered":"https:\/\/www.europesays.com\/fr\/136438\/"},"modified":"2025-05-29T08:56:09","modified_gmt":"2025-05-29T08:56:09","slug":"une-mauvaise-nouvelle-se-prepare-pour-les-acheteurs-a-paris","status":"publish","type":"post","link":"https:\/\/www.europesays.com\/fr\/136438\/","title":{"rendered":"une mauvaise nouvelle se pr\u00e9pare pour les acheteurs \u00e0 Paris"},"content":{"rendered":"<p><strong>D\u00c9CRYPTAGE<\/strong> &#8211; Apr\u00e8s deux ann\u00e9es difficiles, l\u2019\u00e9claircie est de retour sur le march\u00e9 immobilier parisien. Mais elle pourrait \u00eatre de courte dur\u00e9e.<\/p>\n<p class=\"fig-paragraph\">\u00abOn pourrait croire et esp\u00e9rer que le march\u00e9 est entr\u00e9 dans une nouvelle dynamique\u00a0<a href=\"http:\/\/www.lefigaro.fr\/societes\/plusieurs-offres-sur-un-meme-bien-apres-deux-ans-d-atonie-le-marche-immobilier-repart-fort-20250527\" data-fig-type=\"Article\" data-gtm-custom-categorie=\"navigation\" data-gtm-custom-action=\"crossclick\" data-gtm-custom-label=\"Contextuel\" data-gtm-event=\"customEventSPE\" data-fig-domain=\"LEFIGARO\" target=\"_blank\" rel=\"noopener\">apr\u00e8s deux ann\u00e9es difficiles<\/a> , mais la certitude n\u2019est pas l\u00e0\u00bb, r\u00e9sume \u00c9lodie Fr\u00e9mont, pr\u00e9sidente de la Commission des statistiques immobili\u00e8res des notaires du Grand Paris. \u00c0\u00a0<a href=\"http:\/\/www.lefigaro.fr\/conjoncture\/reprise-du-marche-ou-effet-trompe-l-oeil-les-prix-de-l-immobilier-a-la-hausse-a-paris-20250227\" data-fig-type=\"Article\" data-gtm-custom-categorie=\"navigation\" data-gtm-custom-action=\"crossclick\" data-gtm-custom-label=\"Contextuel\" data-gtm-event=\"customEventSPE\" data-fig-domain=\"LEFIGARO\" target=\"_blank\" rel=\"noopener\">Paris<\/a>, la m\u00e9t\u00e9o est maussade mais c\u00f4t\u00e9 immobilier, le temps est \u00e0 l\u2019\u00ab\u00e9claircie\u00bb. Mais une \u00ab\u00e9claircie prudente\u00bb. La baisse des taux de cr\u00e9dit, de 4,5% \u00e0 3% entre fin 2023 et aujourd\u2019hui, a permis aux m\u00e9nages de gagner autour de 20.000 euros en\u00a0<a href=\"https:\/\/immobilier.lefigaro.fr\/article\/votre-pouvoir-d-achat-immobilier-a-t-il-vraiment-augmente-20250303\" target=\"_blank\" data-fig-type=\"Article\" rel=\"noopener\" data-gtm-custom-categorie=\"navigation\" data-gtm-custom-action=\"crossclick\" data-gtm-custom-label=\"Contextuel\" data-gtm-event=\"customEventSPE\" data-fig-domain=\"IMMOBILIER\">pouvoir d\u2019achat immobilier<\/a>.<\/p>\n<p class=\"fig-paragraph\">Une bonne nouvelle qui n\u2019a pas permis de relancer la demande \u00e0 Paris, et d\u2019endiguer la chute des ventes qui ont atteint un plus bas historique de plus de 10 ans (environ 25.000 transactions fin 2024). La faute \u00e0 des prix encore trop \u00e9lev\u00e9s aux yeux de certains acheteurs,\u00a0<a href=\"http:\/\/www.lefigaro.fr\/conjoncture\/la-baisse-des-prix-de-l-immobilier-s-accelere-en-france-20240703\" data-fig-type=\"Article\" data-gtm-custom-categorie=\"navigation\" data-gtm-custom-action=\"crossclick\" data-gtm-custom-label=\"Contextuel\" data-gtm-event=\"customEventSPE\" data-fig-domain=\"LEFIGARO\" target=\"_blank\" rel=\"noopener\">malgr\u00e9 une chute de 10% ces trois derni\u00e8res ann\u00e9es<\/a>, selon les notaires. Le m\u00b2 se n\u00e9gocie autour de 9550 euros en moyenne, dans la capitale. Qu\u2019en est-il de ce d\u00e9but d\u2019ann\u00e9e\u00a0? Et que faut-il attendre dans les prochains mois\u00a0?<\/p>\n<p class=\"fig-premium-paywall__infos\">\n        Cet article est r\u00e9serv\u00e9 aux abonn\u00e9s.        Il vous reste 76% \u00e0 d\u00e9couvrir.\n    <\/p>\n<p>                <img  data- alt=\"Le Figaro\" class=\"fig-img--complete fig-img\"\/><\/p>\n<p class=\"fig-premium-paywall__title\">Vente Flash<\/p>\n<p class=\"fig-premium-paywall__subtitle\">4,99\u20ac par mois pendant 12 mois. Sans engagement.<\/p>\n<p class=\"fig-premium-paywall__connect\">\n                D\u00e9j\u00e0 abonn\u00e9\u00a0?                <a class=\"fig-premium-paywall__connect-link\" href=\"https:\/\/connect.lefigaro.fr\/login?client=horizon_web&amp;type=main&amp;redirect_uri=https%3A%2F%2Fwww.lefigaro.fr%2Fargent%2Fimmobilier-une-mauvaise-nouvelle-se-prepare-pour-les-acheteurs-a-paris-20250529\" data-js-gtm=\"{&quot;customCategorie&quot;: &quot;conversion&quot;, &quot;customAction&quot;: &quot;before_Landing_Connexion_paywall_manuel&quot;, &quot;customLabel&quot;: &quot;bGVmaWdhcm8uZnJfXzFmMDNhZWU2LTNjODMtNmRmOC05N2YyLWY3OWFhMTAwODljMl9fQXJ0aWNsZQ==_Immobilier\u00a0: une mauvaise nouvelle se pr\u00e9pare pour les acheteurs \u00e0 Paris_813&quot;, &quot;customIDSPE&quot;: &quot;bGVmaWdhcm8uZnJfXzFmMDNhZWU2LTNjODMtNmRmOC05N2YyLWY3OWFhMTAwODljMl9fQXJ0aWNsZQ==&quot;, &quot;event&quot;: &quot;customEventSPE&quot;}\" target=\"_blank\" rel=\"noopener\"><br \/>\n                    Connectez-vous<br \/>\n                <\/a>\n            <\/p>\n","protected":false},"excerpt":{"rendered":"D\u00c9CRYPTAGE &#8211; Apr\u00e8s deux ann\u00e9es difficiles, l\u2019\u00e9claircie est de retour sur le march\u00e9 immobilier parisien. Mais elle pourrait&hellip;\n","protected":false},"author":2,"featured_media":136439,"comment_status":"","ping_status":"","sticky":false,"template":"","format":"standard","meta":{"footnotes":""},"categories":[1888],"tags":[1111,1928,11,1927,1117,130,26253,1777,674,638,1011,27,2552,1116,342,639,12,1926,626,1925,2551,1118,25,137],"class_list":{"0":"post-136438","1":"post","2":"type-post","3":"status-publish","4":"format-standard","5":"has-post-thumbnail","7":"category-paris","8":"tag-actu","9":"tag-actu-paris","10":"tag-actualites","11":"tag-actualites-paris","12":"tag-assurance","13":"tag-consommation","14":"tag-dossiers-patrimoine","15":"tag-eu","16":"tag-europe","17":"tag-figaro","18":"tag-fr","19":"tag-france","20":"tag-gestion-de-patrimoine","21":"tag-immobilier","22":"tag-impots","23":"tag-le-figaro","24":"tag-news","25":"tag-news-paris","26":"tag-paris","27":"tag-paris-news","28":"tag-patrimoine","29":"tag-placement","30":"tag-republique-francaise","31":"tag-retraite"},"share_on_mastodon":{"url":"https:\/\/pubeurope.com\/@fr\/114590291376368511","error":""},"_links":{"self":[{"href":"https:\/\/www.europesays.com\/fr\/wp-json\/wp\/v2\/posts\/136438","targetHints":{"allow":["GET"]}}],"collection":[{"href":"https:\/\/www.europesays.com\/fr\/wp-json\/wp\/v2\/posts"}],"about":[{"href":"https:\/\/www.europesays.com\/fr\/wp-json\/wp\/v2\/types\/post"}],"author":[{"embeddable":true,"href":"https:\/\/www.europesays.com\/fr\/wp-json\/wp\/v2\/users\/2"}],"replies":[{"embeddable":true,"href":"https:\/\/www.europesays.com\/fr\/wp-json\/wp\/v2\/comments?post=136438"}],"version-history":[{"count":0,"href":"https:\/\/www.europesays.com\/fr\/wp-json\/wp\/v2\/posts\/136438\/revisions"}],"wp:featuredmedia":[{"embeddable":true,"href":"https:\/\/www.europesays.com\/fr\/wp-json\/wp\/v2\/media\/136439"}],"wp:attachment":[{"href":"https:\/\/www.europesays.com\/fr\/wp-json\/wp\/v2\/media?parent=136438"}],"wp:term":[{"taxonomy":"category","embeddable":true,"href":"https:\/\/www.europesays.com\/fr\/wp-json\/wp\/v2\/categories?post=136438"},{"taxonomy":"post_tag","embeddable":true,"href":"https:\/\/www.europesays.com\/fr\/wp-json\/wp\/v2\/tags?post=136438"}],"curies":[{"name":"wp","href":"https:\/\/api.w.org\/{rel}","templated":true}]}}