{"id":136440,"date":"2025-05-29T08:57:10","date_gmt":"2025-05-29T08:57:10","guid":{"rendered":"https:\/\/www.europesays.com\/fr\/136440\/"},"modified":"2025-05-29T08:57:10","modified_gmt":"2025-05-29T08:57:10","slug":"interfiliere-paris-preview-un-premier-showroom-annonce-les-3-et-4-juillet","status":"publish","type":"post","link":"https:\/\/www.europesays.com\/fr\/136440\/","title":{"rendered":"Interfili\u00e8re Paris Preview: un premier showroom annonc\u00e9 les 3 et 4 juillet"},"content":{"rendered":"<p class=\"article-content col-md-8 offset-md-1\">\n                                En compl\u00e9ment de son \u00e9dition pr\u00e9vue du 6 au 8 septembre 2025, <a class=\"fnwAddLinks\" href=\"https:\/\/lu.fashionnetwork.com\/tags-interfiliere\" title=\"Interfili\u00e8re\" target=\"_blank\" rel=\"noopener\">Interfili\u00e8re<\/a> Paris proposera les 3 et 4 juillet \u00e0 Paris son rendez-vous Preview. Ce showroom parisien sera d\u00e9di\u00e9 aux fabricants de mat\u00e9riaux et accessoires pour les march\u00e9s de la lingerie et du baln\u00e9aire.<\/p>\n<p><img decoding=\"async\" class=\"news-image\" style=\"width:100%;max-width:820px;\" src=\"https:\/\/www.europesays.com\/fr\/wp-content\/uploads\/2025\/05\/72af.jpg\" alt=\"\" loading=\"lazy\"\/> Interfili\u00e8re Paris Preview<\/p>\n<p class=\"col-md-8 offset-md-1 article-content--texte\">Cette d\u00e9clinaison du salon d\u2019<a class=\"fnwAddLinks\" href=\"https:\/\/lu.fashionnetwork.com\/tags-eurovet\" title=\"Eurovet\" target=\"_blank\" rel=\"noopener\">Eurovet<\/a>, pilot\u00e9e par WSN, est organis\u00e9e en partenariat avec la F\u00e9d\u00e9ration de la maille, de la lingerie et du baln\u00e9aire. Elle a notamment vocation \u00e0 r\u00e9pondre \u00e0 la demande de professionnels souhaitant \u00e9changer plus en amont du calendrier des collections. Interfili\u00e8re se tenait en effet en juillet jusqu\u2019en 2023, avant de se voir d\u00e9cal\u00e9e en septembre \u00e0 partir de 2024.<\/p>\n<p>\u201cCe moment privil\u00e9gi\u00e9 invite \u00e0 d\u00e9couvrir une s\u00e9lection haut de gamme de dentelles, broderies, mailles et soieries dans un cadre propice aux \u00e9changes approfondis\u201d, indiquent les organisateurs. \u201cCette rencontre unique offre aux cr\u00e9ateurs l\u2019opportunit\u00e9 de sourcer les plus belles mati\u00e8res, au plus pr\u00e8s du geste et de la cr\u00e9ation\u201d.<\/p>\n<p class=\"col-md-8 offset-md-1 article-content--texte\">Sont notamment annonc\u00e9s les tisseurs fran\u00e7ais Bugis et Les Tissages Perrin, ainsi que les brodeurs Broderies Leveaux et Maison L\u00e9v\u00eaque. S\u2019y ajoutent le dentellier italien Iluna et ses confr\u00e8res fran\u00e7ais Sfate &amp; Combier, Sophie Hallette et Potencier, ainsi que le tricoteur Guigou et le sp\u00e9cialiste de l\u2019impression sur mailles et tissus Rocle by Isabella.<\/p>\n<p>Cette \u00e9dition inaugurale d\u2019Interfili\u00e8re Paris Preview se tiendra au sein de l\u2019espace Le Moli\u00e8re, install\u00e9 au 40, rue de Richelieu (Paris Ier), dans le voisinage du jardin du Palais-Royal.\n                            <\/p>\n<p>\n                                Tous droits de reproduction et de repr\u00e9sentation r\u00e9serv\u00e9s.<br \/>\u00a9 2025 FashionNetwork.com\n                            <\/p>\n","protected":false},"excerpt":{"rendered":"En compl\u00e9ment de son \u00e9dition pr\u00e9vue du 6 au 8 septembre 2025, Interfili\u00e8re Paris proposera les 3 et&hellip;\n","protected":false},"author":2,"featured_media":136441,"comment_status":"","ping_status":"","sticky":false,"template":"","format":"standard","meta":{"footnotes":""},"categories":[1888],"tags":[1111,1928,11,1927,2424,537,2423,1777,674,26255,1011,27,26256,2425,985,12,1926,2298,626,1925,2426,2427,25,2421,2422,26254],"class_list":{"0":"post-136440","1":"post","2":"type-post","3":"status-publish","4":"format-standard","5":"has-post-thumbnail","7":"category-paris","8":"tag-actu","9":"tag-actu-paris","10":"tag-actualites","11":"tag-actualites-paris","12":"tag-beaute","13":"tag-contact","14":"tag-cosmetiques","15":"tag-eu","16":"tag-europe","17":"tag-eurovet","18":"tag-fr","19":"tag-france","20":"tag-interfiliere","21":"tag-luxe","22":"tag-mode","23":"tag-news","24":"tag-news-paris","25":"tag-parfum","26":"tag-paris","27":"tag-paris-news","28":"tag-professionnel","29":"tag-professionnels","30":"tag-republique-francaise","31":"tag-reseau","32":"tag-textile","33":"tag-whos-next"},"share_on_mastodon":{"url":"https:\/\/pubeurope.com\/@fr\/114590295226179995","error":""},"_links":{"self":[{"href":"https:\/\/www.europesays.com\/fr\/wp-json\/wp\/v2\/posts\/136440","targetHints":{"allow":["GET"]}}],"collection":[{"href":"https:\/\/www.europesays.com\/fr\/wp-json\/wp\/v2\/posts"}],"about":[{"href":"https:\/\/www.europesays.com\/fr\/wp-json\/wp\/v2\/types\/post"}],"author":[{"embeddable":true,"href":"https:\/\/www.europesays.com\/fr\/wp-json\/wp\/v2\/users\/2"}],"replies":[{"embeddable":true,"href":"https:\/\/www.europesays.com\/fr\/wp-json\/wp\/v2\/comments?post=136440"}],"version-history":[{"count":0,"href":"https:\/\/www.europesays.com\/fr\/wp-json\/wp\/v2\/posts\/136440\/revisions"}],"wp:featuredmedia":[{"embeddable":true,"href":"https:\/\/www.europesays.com\/fr\/wp-json\/wp\/v2\/media\/136441"}],"wp:attachment":[{"href":"https:\/\/www.europesays.com\/fr\/wp-json\/wp\/v2\/media?parent=136440"}],"wp:term":[{"taxonomy":"category","embeddable":true,"href":"https:\/\/www.europesays.com\/fr\/wp-json\/wp\/v2\/categories?post=136440"},{"taxonomy":"post_tag","embeddable":true,"href":"https:\/\/www.europesays.com\/fr\/wp-json\/wp\/v2\/tags?post=136440"}],"curies":[{"name":"wp","href":"https:\/\/api.w.org\/{rel}","templated":true}]}}