{"id":136442,"date":"2025-05-29T08:58:30","date_gmt":"2025-05-29T08:58:30","guid":{"rendered":"https:\/\/www.europesays.com\/fr\/136442\/"},"modified":"2025-05-29T08:58:30","modified_gmt":"2025-05-29T08:58:30","slug":"michel-cassez-le-dernier-des-compagnons-de-la-chanson-est-mort-a-93-ans","status":"publish","type":"post","link":"https:\/\/www.europesays.com\/fr\/136442\/","title":{"rendered":"Michel Cassez, le dernier des Compagnons de la chanson, est mort \u00e0 93 ans"},"content":{"rendered":"<p>Le chanteur et musicien Michel Cassez, surnomm\u00e9 \u00ab\u00a0Gaston\u00a0\u00bb, dernier des Compagnons de la chanson, est d\u00e9c\u00e9d\u00e9 dimanche \u00e0 93\u00a0ans, \u00e0 Vaison-la-Romaine (Vaucluse) o\u00f9 il r\u00e9sidait, a indiqu\u00e9 mercredi 28\u00a0mai 2025 son beau-fils Fran\u00e7ois Maillan. Apr\u00e8s avoir \u00e9t\u00e9 le chef d\u2019orchestre de Claude Fran\u00e7ois dans les ann\u00e9es 60, Michel Cassez avait rejoint les Compagnons en 1973 jusqu\u2019\u00e0 leur tourn\u00e9e d\u2019adieu en 1985, apr\u00e8s un dernier concert \u00e0 l\u2019Olympia, leur sc\u00e8ne f\u00e9tiche, deux ans plus t\u00f4t.<\/p>\n<p>T\u00e9nor et soliste de ce groupe vocal tr\u00e8s populaire depuis les ann\u00e9es 50, Fred Mella est d\u00e9c\u00e9d\u00e9 \u00e0 95\u00a0ans en 2019. Premier directeur musical du groupe, Marc Herrand est mort \u00e0 l\u2019\u00e2ge de 98\u00a0ans en 2023. Les autres \u00ab\u00a0Compagnons\u00a0\u00bb \u00e9taient Jean Broussolle (1920-1984), Guy Bourguignon (1920-1969), Jean-Louis Jaubert (1920-2013), Hubert Lancelot (1923-1995), Jean-Pierre Calvet (1925-1989), G\u00e9rard Sabbat (1926-2013) et Jo Frachon (1919-1992).<\/p>\n<p>Chemise blanche et pantalon bleu<\/p>\n<p>Groupe de chanson fran\u00e7aise traditionnelle, Les Compagnons de la chanson avaient d\u00e8s leurs d\u00e9buts adopt\u00e9 un uniforme qui ne les a jamais quitt\u00e9s\u00a0: chemise blanche et pantalon bleu. En 2018, en leur hommage, neuf jeunes chanteurs, dont Julien Dassin, fils cadet de Joe Dassin, ont cr\u00e9\u00e9 le groupe Les Nouveaux Compagnons, reprenant les grands succ\u00e8s de leurs a\u00een\u00e9s. En 2002, la ville de Lyon a inaugur\u00e9 une place des Compagnons de la chanson, non loin de l\u2019endroit o\u00f9 la chorale avait vu le jour.<\/p>\n<p>Fond\u00e9 en 1941, d\u2019abord sous le nom des Compagnons de France puis Compagnons de la musique, le groupe des Compagnons de la chanson a pris son envol \u00e0 la Lib\u00e9ration, avec comme parrains Yves Montand et Charles Aznavour. \u00ab\u00a0R\u00e9v\u00e9l\u00e9 lors d\u2019un gala au profit des cheminots, l\u2019ensemble vocal collabore avec \u00c9dith Piaf, notamment pour leur plus grand succ\u00e8s\u00a0Les Trois Cloches\u00a0puis lors d\u2019une premi\u00e8re tourn\u00e9e am\u00e9ricaine. Les Compagnons fonctionnaient comme une v\u00e9ritable coop\u00e9rative artisanale, r\u00e9gie par un contrat exclusivement moral, o\u00f9 chacun est pay\u00e9 \u00e0 l\u2019anciennet\u00e9. En 1948, ils apparaissent \u00e0 l\u2019\u00e9cran avec \u00c9dith Piaf dans le film de Georges Friedland\u00a0Neuf gar\u00e7ons, un c\u0153ur \u00bb, selon Universal, leur derni\u00e8re maison de disques.<\/p>\n","protected":false},"excerpt":{"rendered":"Le chanteur et musicien Michel Cassez, surnomm\u00e9 \u00ab\u00a0Gaston\u00a0\u00bb, dernier des Compagnons de la chanson, est d\u00e9c\u00e9d\u00e9 dimanche \u00e0&hellip;\n","protected":false},"author":2,"featured_media":136443,"comment_status":"","ping_status":"","sticky":false,"template":"","format":"standard","meta":{"footnotes":""},"categories":[1888],"tags":[328,11,1695,1777,674,1011,27,329,1393,1698,1391,12,626,25],"class_list":{"0":"post-136442","1":"post","2":"type-post","3":"status-publish","4":"format-standard","5":"has-post-thumbnail","7":"category-paris","8":"tag-a-la-une","9":"tag-actualites","10":"tag-chanson","11":"tag-eu","12":"tag-europe","13":"tag-fr","14":"tag-france","15":"tag-france-monde","16":"tag-loisirs","17":"tag-musiques","18":"tag-necrologie","19":"tag-news","20":"tag-paris","21":"tag-republique-francaise"},"share_on_mastodon":{"url":"https:\/\/pubeurope.com\/@fr\/114590299100685589","error":""},"_links":{"self":[{"href":"https:\/\/www.europesays.com\/fr\/wp-json\/wp\/v2\/posts\/136442","targetHints":{"allow":["GET"]}}],"collection":[{"href":"https:\/\/www.europesays.com\/fr\/wp-json\/wp\/v2\/posts"}],"about":[{"href":"https:\/\/www.europesays.com\/fr\/wp-json\/wp\/v2\/types\/post"}],"author":[{"embeddable":true,"href":"https:\/\/www.europesays.com\/fr\/wp-json\/wp\/v2\/users\/2"}],"replies":[{"embeddable":true,"href":"https:\/\/www.europesays.com\/fr\/wp-json\/wp\/v2\/comments?post=136442"}],"version-history":[{"count":0,"href":"https:\/\/www.europesays.com\/fr\/wp-json\/wp\/v2\/posts\/136442\/revisions"}],"wp:featuredmedia":[{"embeddable":true,"href":"https:\/\/www.europesays.com\/fr\/wp-json\/wp\/v2\/media\/136443"}],"wp:attachment":[{"href":"https:\/\/www.europesays.com\/fr\/wp-json\/wp\/v2\/media?parent=136442"}],"wp:term":[{"taxonomy":"category","embeddable":true,"href":"https:\/\/www.europesays.com\/fr\/wp-json\/wp\/v2\/categories?post=136442"},{"taxonomy":"post_tag","embeddable":true,"href":"https:\/\/www.europesays.com\/fr\/wp-json\/wp\/v2\/tags?post=136442"}],"curies":[{"name":"wp","href":"https:\/\/api.w.org\/{rel}","templated":true}]}}