{"id":136444,"date":"2025-05-29T08:59:12","date_gmt":"2025-05-29T08:59:12","guid":{"rendered":"https:\/\/www.europesays.com\/fr\/136444\/"},"modified":"2025-05-29T08:59:12","modified_gmt":"2025-05-29T08:59:12","slug":"roland-garros-djokovic-visite-paris-a-velo-pour-preparer-son-deuxieme-tour-face-a-corentin-moutet","status":"publish","type":"post","link":"https:\/\/www.europesays.com\/fr\/136444\/","title":{"rendered":"Roland-Garros\u00a0: Djokovic visite Paris \u00e0 v\u00e9lo pour pr\u00e9parer son deuxi\u00e8me tour face \u00e0 Corentin Moutet"},"content":{"rendered":"<p class=\"ap-StoryElement ap-StoryElement--mb ap-StoryText\">Comment bien pr\u00e9parer un deuxi\u00e8me tour \u00e0 Roland-Garros ? Djoko a trouv\u00e9 une m\u00e9thode un peu particuli\u00e8re. Hier soir et alors qu&rsquo;il dispute son deuxi\u00e8me tour face \u00e0 Corentin Moutet, ce jeudi, le Serbe a profit\u00e9 des rues parisiennes \u00e0 v\u00e9lo au coucher du soleil. Casque viss\u00e9 sur la t\u00eate, une automobiliste l&rsquo;a crois\u00e9 place de l&rsquo;Etoile en train de slalomer entre les voitures.<\/p>\n","protected":false},"excerpt":{"rendered":"Comment bien pr\u00e9parer un deuxi\u00e8me tour \u00e0 Roland-Garros ? Djoko a trouv\u00e9 une m\u00e9thode un peu particuli\u00e8re. Hier&hellip;\n","protected":false},"author":2,"featured_media":136445,"comment_status":"","ping_status":"","sticky":false,"template":"","format":"standard","meta":{"footnotes":""},"categories":[1888],"tags":[11,1777,674,16686,1011,27,1227,12,626,25],"class_list":{"0":"post-136444","1":"post","2":"type-post","3":"status-publish","4":"format-standard","5":"has-post-thumbnail","7":"category-paris","8":"tag-actualites","9":"tag-eu","10":"tag-europe","11":"tag-fbl","12":"tag-fr","13":"tag-france","14":"tag-horizontal","15":"tag-news","16":"tag-paris","17":"tag-republique-francaise"},"share_on_mastodon":{"url":"https:\/\/pubeurope.com\/@fr\/114590303407255320","error":""},"_links":{"self":[{"href":"https:\/\/www.europesays.com\/fr\/wp-json\/wp\/v2\/posts\/136444","targetHints":{"allow":["GET"]}}],"collection":[{"href":"https:\/\/www.europesays.com\/fr\/wp-json\/wp\/v2\/posts"}],"about":[{"href":"https:\/\/www.europesays.com\/fr\/wp-json\/wp\/v2\/types\/post"}],"author":[{"embeddable":true,"href":"https:\/\/www.europesays.com\/fr\/wp-json\/wp\/v2\/users\/2"}],"replies":[{"embeddable":true,"href":"https:\/\/www.europesays.com\/fr\/wp-json\/wp\/v2\/comments?post=136444"}],"version-history":[{"count":0,"href":"https:\/\/www.europesays.com\/fr\/wp-json\/wp\/v2\/posts\/136444\/revisions"}],"wp:featuredmedia":[{"embeddable":true,"href":"https:\/\/www.europesays.com\/fr\/wp-json\/wp\/v2\/media\/136445"}],"wp:attachment":[{"href":"https:\/\/www.europesays.com\/fr\/wp-json\/wp\/v2\/media?parent=136444"}],"wp:term":[{"taxonomy":"category","embeddable":true,"href":"https:\/\/www.europesays.com\/fr\/wp-json\/wp\/v2\/categories?post=136444"},{"taxonomy":"post_tag","embeddable":true,"href":"https:\/\/www.europesays.com\/fr\/wp-json\/wp\/v2\/tags?post=136444"}],"curies":[{"name":"wp","href":"https:\/\/api.w.org\/{rel}","templated":true}]}}