{"id":136446,"date":"2025-05-29T09:00:09","date_gmt":"2025-05-29T09:00:09","guid":{"rendered":"https:\/\/www.europesays.com\/fr\/136446\/"},"modified":"2025-05-29T09:00:09","modified_gmt":"2025-05-29T09:00:09","slug":"istanbul-devient-la-principale-plateforme-pour-les-negociations-entre-moscou-et-kiev","status":"publish","type":"post","link":"https:\/\/www.europesays.com\/fr\/136446\/","title":{"rendered":"Istanbul devient la \u00ab\u00a0principale plateforme\u00a0\u00bb pour les n\u00e9gociations entre Moscou et Kiev"},"content":{"rendered":"<p style=\"text-align:justify;\">AA \/ Istanbul \/ Burc Eruygur<\/p>\n<p style=\"text-align:justify;\">Sergue\u00ef Shoigu, haut responsable russe, a d\u00e9clar\u00e9 que la m\u00e9tropole turque d&rsquo;Istanbul devenait la \u00ab\u00a0principale plateforme\u00a0\u00bb pour les n\u00e9gociations entre Moscou et Kiev, o\u00f9 les deux pays ont tenu leurs premiers pourparlers directs en trois ans au d\u00e9but du mois.<\/p>\n<p style=\"text-align:justify;\">Le secr\u00e9taire du Conseil de s\u00e9curit\u00e9 russe s&rsquo;est exprim\u00e9, jeudi, lors d&rsquo;une r\u00e9union avec le secr\u00e9taire g\u00e9n\u00e9ral du Conseil de s\u00e9curit\u00e9 nationale turc, Okay Memis, selon l&rsquo;agence de presse d&rsquo;\u00c9tat russe Tass.<\/p>\n<p style=\"text-align:justify;\">\u00ab\u00a0La plateforme d&rsquo;Istanbul est en train de devenir la principale plateforme pour mener des n\u00e9gociations dans tous les domaines &#8211; concernant la mer Noire, l&rsquo;accord sur la mer Noire, l&rsquo;accord sur les c\u00e9r\u00e9ales, et maintenant les n\u00e9gociations russo-ukrainiennes\u00a0\u00bb, a-t-il affirm\u00e9.<\/p>\n<p style=\"text-align:justify;\">La m\u00eame source indique \u00e9galement que Shoigu a remerci\u00e9 les dirigeants turcs pour avoir fourni une plateforme pour la tenue de discussions directes entre la Russie et l&rsquo;Ukraine.<\/p>\n<p style=\"text-align:justify;\">\u00ab\u00a0Nous savons qu&rsquo;Ankara a fait des efforts consid\u00e9rables, y compris en termes de s\u00e9curit\u00e9, afin de cr\u00e9er des conditions optimales pour le travail des d\u00e9l\u00e9gations\u00a0\u00bb, a-t-il soulign\u00e9. <\/p>\n<p style=\"text-align:justify;\">Le 16 mai, la Russie et l&rsquo;Ukraine ont tenu leurs premiers pourparlers directs depuis trois ans dans la m\u00e9tropole turque, o\u00f9 les deux parties ont notamment convenu d&rsquo;un \u00e9change de prisonniers \u00e0 grande \u00e9chelle impliquant un total de 1 000 personnes de chaque c\u00f4t\u00e9.<\/p>\n<p style=\"text-align:justify;\">Les deux parties, au cours des discussions facilit\u00e9es par la T\u00fcrkiye, ont \u00e9galement convenu de poursuivre les n\u00e9gociations en vue d&rsquo;une tr\u00eave.<\/p>\n<p style=\"text-align:justify;\">* Traduit par Tuncay \u00c7akmak<\/p>\n<p>                            &#13;<br \/>\n                                <a href=\"https:\/\/www.aa.com.tr\/fr\/p\/abonnement\/1001\" target=\"_blank\" style=\"font-size:12px; color:#444; text-decoration:none;\" rel=\"noopener\">&#13;<br \/>\n                                    Seulement une partie des d\u00e9p\u00eaches, que l&rsquo;Agence Anadolu diffuse \u00e0 ses abonn\u00e9s via le Syst\u00e8me de Diffusion interne (HAS), est diffus\u00e9e sur le site de l&rsquo;AA, de mani\u00e8re r\u00e9sum\u00e9e. <b style=\"color:#1897F7\">Contactez-nous s&rsquo;il vous pla\u00eet pour vous abonner.<\/b>&#13;<br \/>\n                                <\/a>&#13;<\/p>\n","protected":false},"excerpt":{"rendered":"AA \/ Istanbul \/ Burc Eruygur Sergue\u00ef Shoigu, haut responsable russe, a d\u00e9clar\u00e9 que la m\u00e9tropole turque d&rsquo;Istanbul&hellip;\n","protected":false},"author":2,"featured_media":136447,"comment_status":"","ping_status":"","sticky":false,"template":"","format":"standard","meta":{"footnotes":""},"categories":[1591],"tags":[11,1785,1887,5886,21495,12,1885,1886,132,26257,220],"class_list":{"0":"post-136446","1":"post","2":"type-post","3":"status-publish","4":"format-standard","5":"has-post-thumbnail","7":"category-russie","8":"tag-actualites","9":"tag-anadolu-ajansi","10":"tag-federation-de-russie","11":"tag-istanbul","12":"tag-mer-noire","13":"tag-news","14":"tag-russia","15":"tag-russian-federation","16":"tag-russie","17":"tag-sergue-shoigu","18":"tag-ukraine"},"share_on_mastodon":{"url":"https:\/\/pubeurope.com\/@fr\/114590307001394488","error":""},"_links":{"self":[{"href":"https:\/\/www.europesays.com\/fr\/wp-json\/wp\/v2\/posts\/136446","targetHints":{"allow":["GET"]}}],"collection":[{"href":"https:\/\/www.europesays.com\/fr\/wp-json\/wp\/v2\/posts"}],"about":[{"href":"https:\/\/www.europesays.com\/fr\/wp-json\/wp\/v2\/types\/post"}],"author":[{"embeddable":true,"href":"https:\/\/www.europesays.com\/fr\/wp-json\/wp\/v2\/users\/2"}],"replies":[{"embeddable":true,"href":"https:\/\/www.europesays.com\/fr\/wp-json\/wp\/v2\/comments?post=136446"}],"version-history":[{"count":0,"href":"https:\/\/www.europesays.com\/fr\/wp-json\/wp\/v2\/posts\/136446\/revisions"}],"wp:featuredmedia":[{"embeddable":true,"href":"https:\/\/www.europesays.com\/fr\/wp-json\/wp\/v2\/media\/136447"}],"wp:attachment":[{"href":"https:\/\/www.europesays.com\/fr\/wp-json\/wp\/v2\/media?parent=136446"}],"wp:term":[{"taxonomy":"category","embeddable":true,"href":"https:\/\/www.europesays.com\/fr\/wp-json\/wp\/v2\/categories?post=136446"},{"taxonomy":"post_tag","embeddable":true,"href":"https:\/\/www.europesays.com\/fr\/wp-json\/wp\/v2\/tags?post=136446"}],"curies":[{"name":"wp","href":"https:\/\/api.w.org\/{rel}","templated":true}]}}