{"id":136463,"date":"2025-05-29T09:09:14","date_gmt":"2025-05-29T09:09:14","guid":{"rendered":"https:\/\/www.europesays.com\/fr\/136463\/"},"modified":"2025-05-29T09:09:14","modified_gmt":"2025-05-29T09:09:14","slug":"un-tour-de-france-a-la-rencontre-des-artisans-velo","status":"publish","type":"post","link":"https:\/\/www.europesays.com\/fr\/136463\/","title":{"rendered":"un Tour de France \u00e0 la rencontre des artisans v\u00e9lo"},"content":{"rendered":"<p>Depuis le d\u00e9but du printemps, Timoth\u00e9, 27 ans, p\u00e9dale pour documenter (et dessiner) celles et ceux qui font le v\u00e9lo autrement. Un Tour de France des artisans du cycle, sacoches pleines de carnets de croquis et de stylos. L\u2019objectif : un livre illustr\u00e9 \u00e0 para\u00eetre, une cartographie vivante de la bicyclette fait main, du v\u00e9lo made in France.<\/p>\n<p>L&rsquo;Atlas du Cycle, un tour \u00e0 la rencontre des artisans v\u00e9lo fran\u00e7ais<\/p>\n<p><a href=\"https:\/\/www.europesays.com\/fr\/wp-content\/uploads\/2025\/05\/weelz-visite-fabricant-velo-cadreur-artisan-cyfac-meral-la-fuye-49-2.jpg\"><img loading=\"lazy\" decoding=\"async\" width=\"2048\" height=\"1152\" src=\"data:image\/gif;base64,R0lGODlhAQABAIAAAAAAAP\/\/\/yH5BAEAAAAALAAAAAABAAEAAAIBRAA7\" data-lazy-type=\"image\" data-lazy-src=\"https:\/\/www.europesays.com\/fr\/wp-content\/uploads\/2025\/05\/weelz-visite-fabricant-velo-cadreur-artisan-cyfac-meral-la-fuye-49-2.jpg\" alt=\"\" class=\"lazy lazy-hidden wp-image-17983\" data-lazy- data-lazy-\/><\/a>Chez Cyfac<\/p>\n<p>Il est parti le 21 avril dernier, depuis Chamb\u00e9ry, pour huit mois de voyage \u00e0 v\u00e9lo. Timoth\u00e9 ne court pas apr\u00e8s les cols mythiques ni les plus beaux panoramas Instagram. Il traverse la France pour rencontrer celles et ceux qui fa\u00e7onnent le v\u00e9lo \u00e0 la main. \u00ab\u00a0<a href=\"https:\/\/weelz.ouest-france.fr\/les-artisans-du-cycle-sengagent-avec-un-label-fabrication-artisanale-garantie\/\" rel=\"nofollow noopener\" target=\"_blank\">Fabrication artisanale garantie<\/a>\u00ab\u00a0, comme le dit le label de l&rsquo;association <a href=\"https:\/\/weelz.ouest-france.fr\/les-artisans-du-cycle-francais-vous-ouvrent-leurs-portes-ce-samedi-3-juin-2023\/\" rel=\"nofollow noopener\" target=\"_blank\">des artisans du cycle<\/a>.<\/p>\n<p>Cadreurs, sacochiers, accessoiristes. Une centaine d\u2019artisans v\u00e9lo sont sur sa route. Chaque rencontre est l\u2019occasion d\u2019un \u00e9change, d\u2019un dessin, et d\u2019un coup de projecteur sur un m\u00e9tier m\u00e9connu du grand public.<\/p>\n<p><a href=\"https:\/\/www.europesays.com\/fr\/wp-content\/uploads\/2025\/05\/466125905-18009911066643715-1507212612639462128-n.webp.webp\"><img loading=\"lazy\" decoding=\"async\" width=\"1440\" height=\"1440\" src=\"data:image\/gif;base64,R0lGODlhAQABAIAAAAAAAP\/\/\/yH5BAEAAAAALAAAAAABAAEAAAIBRAA7\" data-lazy-type=\"image\" data-lazy-src=\"https:\/\/www.europesays.com\/fr\/wp-content\/uploads\/2025\/05\/466125905-18009911066643715-1507212612639462128-n.webp.webp\" alt=\"Atlas du cycle : Tim \u00e0 ce que l'on appelle un joli coup de crayon - dessins \u00e0 l'encre de chine\" class=\"lazy lazy-hidden wp-image-66055\" data-lazy- data-lazy-\/><\/a>Tim \u00e0 ce que l&rsquo;on appelle un joli coup de crayon &#8211; dessins \u00e0 l&rsquo;encre de chine<\/p>\n<p>Le projet, baptis\u00e9 Atlas du Cycle, se veut autant artistique qu\u2019informatif. Croquis \u00e0 la main, cartes dessin\u00e9es au fil des kilom\u00e8tres, le tout alimentera un livre illustr\u00e9 pr\u00e9vu \u00e0 l\u2019issue du voyage. Une mani\u00e8re originale et personnelle de valoriser les gestes, les mati\u00e8res et les histoires humaines derri\u00e8re le mat\u00e9riel.<\/p>\n<p>Artisanat v\u00e9lo : des savoir-faire en voie de reconnaissance<\/p>\n<p><a href=\"https:\/\/weelz.ouest-france.fr\/wp-content\/uploads\/2024\/12\/visite-cycles-victoire-distance-velo-made-in-france-leyreloup-15-scaled.webp\" rel=\"nofollow noopener\" target=\"_blank\"><img loading=\"lazy\" decoding=\"async\" width=\"1366\" height=\"2048\" src=\"data:image\/gif;base64,R0lGODlhAQABAIAAAAAAAP\/\/\/yH5BAEAAAAALAAAAAABAAEAAAIBRAA7\" data-lazy-type=\"image\" data-lazy-src=\"https:\/\/www.europesays.com\/fr\/wp-content\/uploads\/2025\/05\/visite-cycles-victoire-distance-velo-made-in-france-leyreloup-15-1366x2048.webp.webp\" alt=\"\" class=\"lazy lazy-hidden wp-image-61633\" data-lazy- data-lazy-\/><\/a>Les Ateliers Victoire Cycles<\/p>\n<p>Depuis quelques ann\u00e9es, on observe un regain d\u2019int\u00e9r\u00eat pour l\u2019artisanat du cycle en France. La bicyclette \u00ab\u00a0fait main\u00a0\u00bb, le v\u00e9lo made in France, s\u00e9duit pour sa durabilit\u00e9, sa r\u00e9parabilit\u00e9, son ancrage local. Derri\u00e8re ces notions, il y a des gestes pr\u00e9cis, des outils, des ateliers parfois minuscules. Ce sont ces r\u00e9alit\u00e9s que Timoth\u00e9 veut faire d\u00e9couvrir.<\/p>\n<p>L\u2019Atlas du Cycle rassemble d\u00e9j\u00e0 pr\u00e8s de 90 noms d\u2019artisans v\u00e9lo, de Jolie Rouge Cycles \u00e0 Chamb\u00e9ry \u00e0 <a href=\"https:\/\/weelz.ouest-france.fr\/visite-chez-quokka-cycles-artisan-cadreur-et-artiste-du-velo-acier\/\" rel=\"nofollow noopener\" target=\"_blank\">Quokka Cycles<\/a>, en passant par des figures bien connues comme <a href=\"https:\/\/weelz.ouest-france.fr\/artisan-velo-visite-atelier-cyfac-meral-la-fuye\/\" rel=\"nofollow noopener\" target=\"_blank\">Cyfac<\/a>, Berthoud ou <a href=\"https:\/\/weelz.ouest-france.fr\/rapatrier-ce-savoir-faire-de-cadreur-disparu-de-france-visite-chez-les-cycles-victoire-lartisanat-du-velo-clermontois\/\" rel=\"nofollow noopener\" target=\"_blank\">Victoire<\/a>. Le tout est consultable sur une carte sur son site : <a class=\"\" href=\"https:\/\/www.atlasducycle.com\/\" rel=\"nofollow noopener\" target=\"_blank\">atlasducycle.com<\/a>. Une mani\u00e8re d\u2019explorer la g\u00e9ographie du v\u00e9lo artisanal fran\u00e7ais.<\/p>\n<p>Un v\u00e9lo coh\u00e9rent avec la d\u00e9marche<\/p>\n<p><a href=\"https:\/\/www.europesays.com\/fr\/wp-content\/uploads\/2025\/05\/472804217-122182754138057486-4917291867760457828-n.webp.webp\"><img loading=\"lazy\" decoding=\"async\" width=\"1440\" height=\"1439\" data-id=\"66049\" src=\"data:image\/gif;base64,R0lGODlhAQABAIAAAAAAAP\/\/\/yH5BAEAAAAALAAAAAABAAEAAAIBRAA7\" data-lazy-type=\"image\" data-lazy-src=\"https:\/\/www.europesays.com\/fr\/wp-content\/uploads\/2025\/05\/472804217-122182754138057486-4917291867760457828-n.webp.webp\" alt=\"Le v\u00e9lo de tim r\u00e9alis\u00e9 par l'artisan v\u00e9lo Julien Fritsch, des Cycles Jolie Rouge, et ses sacoches Pop Pin's\" class=\"lazy lazy-hidden wp-image-66049\" data-lazy- data-lazy-\/><\/a><br \/>\n<a href=\"https:\/\/www.europesays.com\/fr\/wp-content\/uploads\/2025\/05\/472879603-122182754324057486-7008526387654768175-n.webp.webp\"><img loading=\"lazy\" decoding=\"async\" width=\"1440\" height=\"1440\" data-id=\"66050\" src=\"data:image\/gif;base64,R0lGODlhAQABAIAAAAAAAP\/\/\/yH5BAEAAAAALAAAAAABAAEAAAIBRAA7\" data-lazy-type=\"image\" data-lazy-src=\"https:\/\/www.europesays.com\/fr\/wp-content\/uploads\/2025\/05\/472879603-122182754324057486-7008526387654768175-n.webp.webp\" alt=\"\" class=\"lazy lazy-hidden wp-image-66050\" data-lazy- data-lazy-\/><\/a><br \/>\nLe v\u00e9lo de Tim r\u00e9alis\u00e9 par l&rsquo;artisan v\u00e9lo Julien Fritsch, des Cycles Jolie Rouge, et ses sacoches Pop Pin&rsquo;s<\/p>\n<p>Le projet n\u2019est pas qu\u2019un pr\u00e9texte \u00e0 la balade : le v\u00e9lo de Timoth\u00e9 est lui-m\u00eame un manifeste. Il a \u00e9t\u00e9 con\u00e7u par Julien Fritsch, des <a href=\"https:\/\/jolierougecycles.fr\/\" target=\"_blank\" rel=\"noopener nofollow\">Cycles Jolie Rouge<\/a>. Un cadreur bas\u00e9 \u00e0 Chamb\u00e9ry.<\/p>\n<p>Les sacoches ? Fabriqu\u00e9es \u00e0 la main par deux structures ind\u00e9pendantes : <a href=\"https:\/\/courssilpleut.com\/fr\/\" rel=\"nofollow noopener\" target=\"_blank\">Cours S\u2019il Pleut<\/a> (Grenoble) et <a href=\"https:\/\/poppinsbikepacking.com\/\" rel=\"nofollow noopener\" target=\"_blank\">Pop Pin\u2019s<\/a> (\u00c9pinal). Chaque \u00e9l\u00e9ment du voyage porte la trace d\u2019un artisan et s\u2019inscrit dans une logique de coh\u00e9rence avec l\u2019objet de l\u2019enqu\u00eate.<\/p>\n<p>O\u00f9 suivre ce tour \u00ab Atlas du cycle \u00bb ?<\/p>\n<p><a href=\"https:\/\/www.europesays.com\/fr\/wp-content\/uploads\/2025\/05\/atlasducycle-girardtimothe-livre-unabecedaireduvoyageavelo-editionelytis-couvertureenscene-scaled.we.webp\"><img loading=\"lazy\" decoding=\"async\" width=\"2048\" height=\"2048\" data-id=\"66048\" src=\"data:image\/gif;base64,R0lGODlhAQABAIAAAAAAAP\/\/\/yH5BAEAAAAALAAAAAABAAEAAAIBRAA7\" data-lazy-type=\"image\" data-lazy-src=\"https:\/\/www.europesays.com\/fr\/wp-content\/uploads\/2025\/05\/atlasducycle-girardtimothe-livre-unabecedaireduvoyageavelo-editionelytis-couvertureenscene-scaled.we.webp\" alt=\"\" class=\"lazy lazy-hidden wp-image-66048\" data-lazy- data-lazy-\/><\/a><br \/>\n<a href=\"https:\/\/www.europesays.com\/fr\/wp-content\/uploads\/2025\/05\/atlasducycle-girardtimothe-livre-unabecedaireduvoyageavelo-editionelytis-veloreneherse-scaled.webp.webp\"><img loading=\"lazy\" decoding=\"async\" width=\"2048\" height=\"1366\" data-id=\"66047\" src=\"data:image\/gif;base64,R0lGODlhAQABAIAAAAAAAP\/\/\/yH5BAEAAAAALAAAAAABAAEAAAIBRAA7\" data-lazy-type=\"image\" data-lazy-src=\"https:\/\/www.europesays.com\/fr\/wp-content\/uploads\/2025\/05\/atlasducycle-girardtimothe-livre-unabecedaireduvoyageavelo-editionelytis-veloreneherse-scaled.webp.webp\" alt=\"\" class=\"lazy lazy-hidden wp-image-66047\" data-lazy- data-lazy-\/><\/a><br \/>\nTim est d\u00e9j\u00e0 l&rsquo;auteur d&rsquo;un <a href=\"https:\/\/www.atlasducycle.com\/journal\/le-livre-un-abccaire-du-voyage-vlo\" rel=\"nofollow noopener\" target=\"_blank\">Ab\u00e9c\u00e9daire du voyage \u00e0 v\u00e9lo<\/a>, 26 v\u00e9los croqu\u00e9s par ses soins<\/p>\n<p>Le projet est document\u00e9 au fil du voyage sur le site <a href=\"https:\/\/www.atlasducycle.com\/\" target=\"_blank\" rel=\"noopener nofollow\">atlasducycle.com<\/a>. La liste compl\u00e8te des artisans v\u00e9lo rencontr\u00e9s ou \u00e0 venir y est consultable. Vous pouvez aussi le suivre sur <a href=\"https:\/\/www.instagram.com\/atlasducycle\/?hl=fr\" rel=\"nofollow noopener\" target=\"_blank\">son compte Instagram<\/a>. La vid\u00e9o de pr\u00e9sentation ci-dessous permet aussi de mieux cerner la d\u00e9marche.<\/p>\n<p>Le projet se conclura par un livre illustr\u00e9. Une synth\u00e8se artistique et personnelle de cette immersion dans l\u2019artisanat du cycle. Une mani\u00e8re pour Timoth\u00e9 de militer pour une autre approche du v\u00e9lo, plus lente, plus locale, plus humaine.<\/p>\n<p><img decoding=\"async\" src=\"data:image\/gif;base64,R0lGODlhAQABAIAAAAAAAP\/\/\/yH5BAEAAAAALAAAAAABAAEAAAIBRAA7\" class=\"lazy lazy-hidden\" data-lazy-type=\"iframe\" data-lazy-src=\"&lt;iframe loading=&quot;lazy&quot; title=&quot;Un d\u00e9tour des artisan.es du cycle - Le d\u00e9part&quot; width=&quot;500&quot; height=&quot;281&quot; src=&quot;https:\/\/www.youtube.com\/embed\/SLfDNcY755k?feature=oembed&quot; frameborder=&quot;0&quot; allow=&quot;accelerometer; autoplay; clipboard-write; encrypted-media; gyroscope; picture-in-picture; web-share&quot; referrerpolicy=&quot;strict-origin-when-cross-origin&quot; allowfullscreen&gt;&lt;\/iframe&gt;\" alt=\"\"\/><\/p>\n<p>La liste des artisans v\u00e9lo visit\u00e9s<\/p>\n<p>Voici la liste des artisans v\u00e9lo visit\u00e9s par Tim pour son projet Atlas du Cycle. Son p\u00e9riple \u00e9tant d\u00e9j\u00e0 entam\u00e9, il est d\u00e9j\u00e0 pass\u00e9 chez certains. \u00c0 l&rsquo;heure o\u00f9 nous \u00e9crivons ces lignes (21\/05), il y a d\u00e9j\u00e0 quelques dates de pr\u00e9ciser. Pour la suite de la liste,\u00a0le programme du voyage reste \u00e0 construire\u00a0jusqu&rsquo;\u00e0 la fin de l&rsquo;ann\u00e9e.<\/p>\n<tr>Num\u00e9roArtisanDate<\/tr>\n<tr>\n<td class=\"has-text-align-left\" data-align=\"left\">1<\/td>\n<td class=\"has-text-align-left\" data-align=\"left\">JOLIE ROUGE<\/td>\n<td class=\"has-text-align-center\" data-align=\"center\">D\u00e9j\u00e0 visit\u00e9<\/td>\n<\/tr>\n<tr>\n<td class=\"has-text-align-left\" data-align=\"left\">2<\/td>\n<td class=\"has-text-align-left\" data-align=\"left\">ALOUETA CYCLES<\/td>\n<td class=\"has-text-align-center\" data-align=\"center\">D\u00e9j\u00e0 visit\u00e9<\/td>\n<\/tr>\n<tr>\n<td class=\"has-text-align-left\" data-align=\"left\">3<\/td>\n<td class=\"has-text-align-left\" data-align=\"left\">GRADE 9<\/td>\n<td class=\"has-text-align-center\" data-align=\"center\">D\u00e9j\u00e0 visit\u00e9<\/td>\n<\/tr>\n<tr>\n<td class=\"has-text-align-left\" data-align=\"left\">4<\/td>\n<td class=\"has-text-align-left\" data-align=\"left\">CYCLICK<\/td>\n<td class=\"has-text-align-center\" data-align=\"center\">D\u00e9j\u00e0 visit\u00e9<\/td>\n<\/tr>\n<tr>\n<td class=\"has-text-align-left\" data-align=\"left\">5<\/td>\n<td class=\"has-text-align-left\" data-align=\"left\">CMT BIKE<\/td>\n<td class=\"has-text-align-center\" data-align=\"center\">D\u00e9j\u00e0 visit\u00e9<\/td>\n<\/tr>\n<tr>\n<td class=\"has-text-align-left\" data-align=\"left\">6<\/td>\n<td class=\"has-text-align-left\" data-align=\"left\">GLACIER CYCLES<\/td>\n<td class=\"has-text-align-center\" data-align=\"center\">D\u00e9j\u00e0 visit\u00e9<\/td>\n<\/tr>\n<tr>\n<td class=\"has-text-align-left\" data-align=\"left\">7<\/td>\n<td class=\"has-text-align-left\" data-align=\"left\">RATIO BAGS<\/td>\n<td class=\"has-text-align-center\" data-align=\"center\">D\u00e9j\u00e0 visit\u00e9<\/td>\n<\/tr>\n<tr>\n<td class=\"has-text-align-left\" data-align=\"left\">8<\/td>\n<td class=\"has-text-align-left\" data-align=\"left\"><a href=\"https:\/\/weelz.ouest-france.fr\/rencontre-epsilon-bikes-un-duo-pour-du-velo-made-in-france-a-lyon\/\" rel=\"nofollow noopener\" target=\"_blank\">EPSILON BIKES<\/a><\/td>\n<td class=\"has-text-align-center\" data-align=\"center\">D\u00e9j\u00e0 visit\u00e9<\/td>\n<\/tr>\n<tr>\n<td class=\"has-text-align-left\" data-align=\"left\">9<\/td>\n<td class=\"has-text-align-left\" data-align=\"left\">ROUBAM CYCLES<\/td>\n<td class=\"has-text-align-center\" data-align=\"center\">D\u00e9j\u00e0 visit\u00e9<\/td>\n<\/tr>\n<tr>\n<td class=\"has-text-align-left\" data-align=\"left\">10<\/td>\n<td class=\"has-text-align-left\" data-align=\"left\">TANGENTE SACOCHES<\/td>\n<td class=\"has-text-align-center\" data-align=\"center\">D\u00e9j\u00e0 visit\u00e9<\/td>\n<\/tr>\n<tr>\n<td class=\"has-text-align-left\" data-align=\"left\">11<\/td>\n<td class=\"has-text-align-left\" data-align=\"left\">STUDIO RICOCHET<\/td>\n<td class=\"has-text-align-center\" data-align=\"center\">D\u00e9j\u00e0 visit\u00e9<\/td>\n<\/tr>\n<tr>\n<td class=\"has-text-align-left\" data-align=\"left\">12<\/td>\n<td class=\"has-text-align-left\" data-align=\"left\">LES V\u00c9LOS LA GRANGE<\/td>\n<td class=\"has-text-align-center\" data-align=\"center\">D\u00e9j\u00e0 visit\u00e9<\/td>\n<\/tr>\n<tr>\n<td class=\"has-text-align-left\" data-align=\"left\">13<\/td>\n<td class=\"has-text-align-left\" data-align=\"left\">GAMORY CYCLES<\/td>\n<td class=\"has-text-align-center\" data-align=\"center\">D\u00e9j\u00e0 visit\u00e9<\/td>\n<\/tr>\n<tr>\n<td class=\"has-text-align-left\" data-align=\"left\">14<\/td>\n<td class=\"has-text-align-left\" data-align=\"left\">CAVALERIE BIKE<\/td>\n<td class=\"has-text-align-center\" data-align=\"center\">D\u00e9j\u00e0 visit\u00e9<\/td>\n<\/tr>\n<tr>\n<td class=\"has-text-align-left\" data-align=\"left\">15<\/td>\n<td class=\"has-text-align-left\" data-align=\"left\">VAGABONDE CYCLES<\/td>\n<td class=\"has-text-align-center\" data-align=\"center\">D\u00e9j\u00e0 visit\u00e9<\/td>\n<\/tr>\n<tr>\n<td class=\"has-text-align-left\" data-align=\"left\">16<\/td>\n<td class=\"has-text-align-left\" data-align=\"left\">CYCLES V\u00c8NE<\/td>\n<td class=\"has-text-align-center\" data-align=\"center\">D\u00e9j\u00e0 visit\u00e9<\/td>\n<\/tr>\n<tr>\n<td class=\"has-text-align-left\" data-align=\"left\">17<\/td>\n<td class=\"has-text-align-left\" data-align=\"left\">MOUTON CYCLE<\/td>\n<td class=\"has-text-align-center\" data-align=\"center\">D\u00e9j\u00e0 visit\u00e9<\/td>\n<\/tr>\n<tr>\n<td class=\"has-text-align-left\" data-align=\"left\">18<\/td>\n<td class=\"has-text-align-left\" data-align=\"left\">CYCLES VERTIGO<\/td>\n<td class=\"has-text-align-center\" data-align=\"center\">D\u00e9j\u00e0 visit\u00e9<\/td>\n<\/tr>\n<tr>\n<td class=\"has-text-align-left\" data-align=\"left\">19<\/td>\n<td class=\"has-text-align-left\" data-align=\"left\">KOBA BIKEPACKING<\/td>\n<td class=\"has-text-align-center\" data-align=\"center\">D\u00e9j\u00e0 visit\u00e9<\/td>\n<\/tr>\n<tr>\n<td class=\"has-text-align-left\" data-align=\"left\">20<\/td>\n<td class=\"has-text-align-left\" data-align=\"left\">COURS S\u2019IL PLEUT<\/td>\n<td class=\"has-text-align-center\" data-align=\"center\">D\u00e9j\u00e0 visit\u00e9<\/td>\n<\/tr>\n<tr>\n<td class=\"has-text-align-left\" data-align=\"left\">21<\/td>\n<td class=\"has-text-align-left\" data-align=\"left\">ISME COUTURE<\/td>\n<td class=\"has-text-align-center\" data-align=\"center\">D\u00e9j\u00e0 visit\u00e9<\/td>\n<\/tr>\n<tr>\n<td class=\"has-text-align-left\" data-align=\"left\">22<\/td>\n<td class=\"has-text-align-left\" data-align=\"left\">EDEL BIKES<\/td>\n<td class=\"has-text-align-center\" data-align=\"center\">D\u00e9j\u00e0 visit\u00e9<\/td>\n<\/tr>\n<tr>\n<td class=\"has-text-align-left\" data-align=\"left\">23<\/td>\n<td class=\"has-text-align-left\" data-align=\"left\">CYCLE CATTIN<\/td>\n<td class=\"has-text-align-center\" data-align=\"center\">D\u00e9j\u00e0 visit\u00e9<\/td>\n<\/tr>\n<tr>\n<td class=\"has-text-align-left\" data-align=\"left\">24<\/td>\n<td class=\"has-text-align-left\" data-align=\"left\">SELWYN BIKE<\/td>\n<td class=\"has-text-align-center\" data-align=\"center\">26\/05<\/td>\n<\/tr>\n<tr>\n<td class=\"has-text-align-left\" data-align=\"left\">25<\/td>\n<td class=\"has-text-align-left\" data-align=\"left\">WOOD ALPS<\/td>\n<td class=\"has-text-align-center\" data-align=\"center\">27\/05<\/td>\n<\/tr>\n<tr>\n<td class=\"has-text-align-left\" data-align=\"left\">26<\/td>\n<td class=\"has-text-align-left\" data-align=\"left\">VELO METIER<\/td>\n<td class=\"has-text-align-center\" data-align=\"center\">28\/05<\/td>\n<\/tr>\n<tr>\n<td class=\"has-text-align-left\" data-align=\"left\">27<\/td>\n<td class=\"has-text-align-left\" data-align=\"left\">ATELIER DES V\u00c9LOS<\/td>\n<td class=\"has-text-align-center\" data-align=\"center\">02\/06<\/td>\n<\/tr>\n<tr>\n<td class=\"has-text-align-left\" data-align=\"left\">28<\/td>\n<td class=\"has-text-align-left\" data-align=\"left\">BERTHOUD CYCLES<\/td>\n<td class=\"has-text-align-center\" data-align=\"center\">04\/06<\/td>\n<\/tr>\n<tr>\n<td class=\"has-text-align-left\" data-align=\"left\">29<\/td>\n<td class=\"has-text-align-left\" data-align=\"left\">LA FOURCHE CYCLES<\/td>\n<td class=\"has-text-align-center\" data-align=\"center\">04\/06<\/td>\n<\/tr>\n<tr>\n<td class=\"has-text-align-left\" data-align=\"left\">30<\/td>\n<td class=\"has-text-align-left\" data-align=\"left\">BREVET CYCLE<\/td>\n<td class=\"has-text-align-center\" data-align=\"center\">05\/06<\/td>\n<\/tr>\n<tr>\n<td class=\"has-text-align-left\" data-align=\"left\">31<\/td>\n<td class=\"has-text-align-left\" data-align=\"left\"><a href=\"https:\/\/weelz.ouest-france.fr\/semaphore-velo-cargo-longtail-auvergne\/\" rel=\"nofollow noopener\" target=\"_blank\">CYCLE SEMAPHORE<\/a><\/td>\n<td class=\"has-text-align-center\" data-align=\"center\">09\/06<\/td>\n<\/tr>\n<tr>\n<td class=\"has-text-align-left\" data-align=\"left\">32<\/td>\n<td class=\"has-text-align-left\" data-align=\"left\">CYCLES VICTOIRE<\/td>\n<td class=\"has-text-align-center\" data-align=\"center\">10\/06<\/td>\n<\/tr>\n<tr>\n<td class=\"has-text-align-left\" data-align=\"left\">33<\/td>\n<td class=\"has-text-align-left\" data-align=\"left\">VELO TIJO<\/td>\n<td class=\"has-text-align-center\" data-align=\"center\">12\/06<\/td>\n<\/tr>\n<tr>\n<td class=\"has-text-align-left\" data-align=\"left\">34<\/td>\n<td class=\"has-text-align-left\" data-align=\"left\">CALADE CYCLES<\/td>\n<td class=\"has-text-align-center\" data-align=\"center\">16\/06<\/td>\n<\/tr>\n<tr>\n<td class=\"has-text-align-left\" data-align=\"left\">35<\/td>\n<td class=\"has-text-align-left\" data-align=\"left\">LES CLIPAINS<\/td>\n<td class=\"has-text-align-center\" data-align=\"center\">17\/06<\/td>\n<\/tr>\n<tr>\n<td class=\"has-text-align-left\" data-align=\"left\">36<\/td>\n<td class=\"has-text-align-left\" data-align=\"left\">CYM<\/td>\n<td class=\"has-text-align-center\" data-align=\"center\">23\/06<\/td>\n<\/tr>\n<tr>\n<td class=\"has-text-align-left\" data-align=\"left\">37<\/td>\n<td class=\"has-text-align-left\" data-align=\"left\">COBANNOS CYCLES<\/td>\n<td class=\"has-text-align-center\" data-align=\"center\">27\/06<\/td>\n<\/tr>\n<tr>\n<td class=\"has-text-align-left\" data-align=\"left\">38<\/td>\n<td class=\"has-text-align-left\" data-align=\"left\">MANUFACTURE TRICHEREAU<\/td>\n<td class=\"has-text-align-center\" data-align=\"center\">03\/07<\/td>\n<\/tr>\n<tr>\n<td class=\"has-text-align-left\" data-align=\"left\">39<\/td>\n<td class=\"has-text-align-left\" data-align=\"left\">AUGUSTE HANDMADE<\/td>\n<td class=\"has-text-align-center\" data-align=\"center\">07\/07<\/td>\n<\/tr>\n<tr>\n<td class=\"has-text-align-left\" data-align=\"left\">40<\/td>\n<td class=\"has-text-align-left\" data-align=\"left\">SYSTEM P<\/td>\n<td class=\"has-text-align-center\" data-align=\"center\">16\/07<\/td>\n<\/tr>\n<tr>\n<td class=\"has-text-align-left\" data-align=\"left\">41<\/td>\n<td class=\"has-text-align-left\" data-align=\"left\">TIPIK<\/td>\n<td class=\"has-text-align-center\" data-align=\"center\">17\/07<\/td>\n<\/tr>\n<tr>\n<td class=\"has-text-align-left\" data-align=\"left\">42<\/td>\n<td class=\"has-text-align-left\" data-align=\"left\">PECHTREGON<\/td>\n<td class=\"has-text-align-center\" data-align=\"center\">18\/07<\/td>\n<\/tr>\n<tr>\n<td class=\"has-text-align-left\" data-align=\"left\">43<\/td>\n<td class=\"has-text-align-left\" data-align=\"left\">CYCLES MIEL D\u2019OURS<\/td>\n<td class=\"has-text-align-center\" data-align=\"center\">Fin juillet<\/td>\n<\/tr>\n<tr>\n<td class=\"has-text-align-left\" data-align=\"left\">44<\/td>\n<td class=\"has-text-align-left\" data-align=\"left\">SELLE ID\u00c9ALE<\/td>\n<td class=\"has-text-align-center\" data-align=\"center\">Fin juillet<\/td>\n<\/tr>\n<tr>\n<td class=\"has-text-align-left\" data-align=\"left\">45<\/td>\n<td class=\"has-text-align-left\" data-align=\"left\"><a href=\"https:\/\/weelz.ouest-france.fr\/botch-cargo-bikes-du-surcyclage-de-velos-au-bras-de-fer-juridique\/\" rel=\"nofollow noopener\" target=\"_blank\">BOTCH CARGO BIKES<\/a><\/td>\n<td class=\"has-text-align-center\" data-align=\"center\">Fin juillet<\/td>\n<\/tr>\n<tr>\n<td class=\"has-text-align-left\" data-align=\"left\">46<\/td>\n<td class=\"has-text-align-left\" data-align=\"left\">BAMBOU B\u00c9CANE<\/td>\n<td class=\"has-text-align-center\" data-align=\"center\">Ao\u00fbt<\/td>\n<\/tr>\n<tr>\n<td class=\"has-text-align-left\" data-align=\"left\">47<\/td>\n<td class=\"has-text-align-left\" data-align=\"left\">ATELIER VELOCIDADE<\/td>\n<td class=\"has-text-align-center\" data-align=\"center\">Ao\u00fbt<\/td>\n<\/tr>\n<tr>\n<td class=\"has-text-align-left\" data-align=\"left\">48<\/td>\n<td class=\"has-text-align-left\" data-align=\"left\">CAMINADE<\/td>\n<td class=\"has-text-align-center\" data-align=\"center\">Ao\u00fbt<\/td>\n<\/tr>\n<tr>\n<td class=\"has-text-align-left\" data-align=\"left\">49<\/td>\n<td class=\"has-text-align-left\" data-align=\"left\">CYCLES AFFRANCHI<\/td>\n<td class=\"has-text-align-center\" data-align=\"center\">Ao\u00fbt<\/td>\n<\/tr>\n<tr>\n<td class=\"has-text-align-left\" data-align=\"left\">50<\/td>\n<td class=\"has-text-align-left\" data-align=\"left\">AU FIL DES COLS<\/td>\n<td class=\"has-text-align-center\" data-align=\"center\">Ao\u00fbt<\/td>\n<\/tr>\n<tr>\n<td class=\"has-text-align-left\" data-align=\"left\">51<\/td>\n<td class=\"has-text-align-left\" data-align=\"left\">ATELIER REBI\u00c9<\/td>\n<td class=\"has-text-align-center\" data-align=\"center\">Ao\u00fbt<\/td>\n<\/tr>\n<tr>\n<td class=\"has-text-align-left\" data-align=\"left\">52<\/td>\n<td class=\"has-text-align-left\" data-align=\"left\">SOUM CYCLES<\/td>\n<td class=\"has-text-align-center\" data-align=\"center\">Ao\u00fbt<\/td>\n<\/tr>\n<tr>\n<td class=\"has-text-align-left\" data-align=\"left\">53<\/td>\n<td class=\"has-text-align-left\" data-align=\"left\">TERRIL CYCLES<\/td>\n<td class=\"has-text-align-center\" data-align=\"center\">Ao\u00fbt<\/td>\n<\/tr>\n<tr>\n<td class=\"has-text-align-left\" data-align=\"left\">54<\/td>\n<td class=\"has-text-align-left\" data-align=\"left\">PYBEX CYCLES<\/td>\n<td class=\"has-text-align-center\" data-align=\"center\">Ao\u00fbt<\/td>\n<\/tr>\n<tr>\n<td class=\"has-text-align-left\" data-align=\"left\">55<\/td>\n<td class=\"has-text-align-left\" data-align=\"left\">UNIKLE<\/td>\n<td class=\"has-text-align-center\" data-align=\"center\">Ao\u00fbt<\/td>\n<\/tr>\n<tr>\n<td class=\"has-text-align-left\" data-align=\"left\">56<\/td>\n<td class=\"has-text-align-left\" data-align=\"left\">COMPACKT BAGS<\/td>\n<td class=\"has-text-align-center\" data-align=\"center\">Ao\u00fbt<\/td>\n<\/tr>\n<tr>\n<td class=\"has-text-align-left\" data-align=\"left\">57<\/td>\n<td class=\"has-text-align-left\" data-align=\"left\"><a href=\"https:\/\/weelz.ouest-france.fr\/les-ateliers-gonnel-un-nouveau-fabricant-de-velo-qui-sort-du-bois\/\" rel=\"nofollow noopener\" target=\"_blank\">LES ATELIERS GONNEL<\/a><\/td>\n<td class=\"has-text-align-center\" data-align=\"center\">Septembre<\/td>\n<\/tr>\n<tr>\n<td class=\"has-text-align-left\" data-align=\"left\">58<\/td>\n<td class=\"has-text-align-left\" data-align=\"left\">TSOMINA CYCLES<\/td>\n<td class=\"has-text-align-center\" data-align=\"center\">Septembre<\/td>\n<\/tr>\n<tr>\n<td class=\"has-text-align-left\" data-align=\"left\">59<\/td>\n<td class=\"has-text-align-left\" data-align=\"left\">ATELIER PARIAH<\/td>\n<td class=\"has-text-align-center\" data-align=\"center\">Septembre<\/td>\n<\/tr>\n<tr>\n<td class=\"has-text-align-left\" data-align=\"left\">60<\/td>\n<td class=\"has-text-align-left\" data-align=\"left\">BY MARION ET QUENTIN<\/td>\n<td class=\"has-text-align-center\" data-align=\"center\">Septembre<\/td>\n<\/tr>\n<tr>\n<td class=\"has-text-align-left\" data-align=\"left\">61<\/td>\n<td class=\"has-text-align-left\" data-align=\"left\">CYCLES KHELONYS<\/td>\n<td class=\"has-text-align-center\" data-align=\"center\">Septembre<\/td>\n<\/tr>\n<tr>\n<td class=\"has-text-align-left\" data-align=\"left\">62<\/td>\n<td class=\"has-text-align-left\" data-align=\"left\">POP PIN\u2019S BIKEPACKING<\/td>\n<td class=\"has-text-align-center\" data-align=\"center\">Septembre<\/td>\n<\/tr>\n<tr>\n<td class=\"has-text-align-left\" data-align=\"left\">63<\/td>\n<td class=\"has-text-align-left\" data-align=\"left\">ALEXANDRE MARPEAUX<\/td>\n<td class=\"has-text-align-center\" data-align=\"center\">Septembre<\/td>\n<\/tr>\n<tr>\n<td class=\"has-text-align-left\" data-align=\"left\">64<\/td>\n<td class=\"has-text-align-left\" data-align=\"left\">CYCLES MANIVELLE<\/td>\n<td class=\"has-text-align-center\" data-align=\"center\">Septembre<\/td>\n<\/tr>\n<tr>\n<td class=\"has-text-align-left\" data-align=\"left\">65<\/td>\n<td class=\"has-text-align-left\" data-align=\"left\">CYCLES PIERRE PERRIN<\/td>\n<td class=\"has-text-align-center\" data-align=\"center\">Octobre<\/td>\n<\/tr>\n<tr>\n<td class=\"has-text-align-left\" data-align=\"left\">66<\/td>\n<td class=\"has-text-align-left\" data-align=\"left\">RMAN CYCLES<\/td>\n<td class=\"has-text-align-center\" data-align=\"center\">Octobre<\/td>\n<\/tr>\n<tr>\n<td class=\"has-text-align-left\" data-align=\"left\">67<\/td>\n<td class=\"has-text-align-left\" data-align=\"left\">CYCLES BAPTISTE PELLETAN<\/td>\n<td class=\"has-text-align-center\" data-align=\"center\">Octobre<\/td>\n<\/tr>\n<tr>\n<td class=\"has-text-align-left\" data-align=\"left\">68<\/td>\n<td class=\"has-text-align-left\" data-align=\"left\"><a href=\"https:\/\/weelz.ouest-france.fr\/avalanche-cycles-devale-sur-le-velo-acier-sur-mesure\/\" rel=\"nofollow noopener\" target=\"_blank\">AVALANCHE CYCLES<\/a><\/td>\n<td class=\"has-text-align-center\" data-align=\"center\">Octobre<\/td>\n<\/tr>\n<tr>\n<td class=\"has-text-align-left\" data-align=\"left\">69<\/td>\n<td class=\"has-text-align-left\" data-align=\"left\">COPRA BIKEPACKING<\/td>\n<td class=\"has-text-align-center\" data-align=\"center\">Octobre<\/td>\n<\/tr>\n<tr>\n<td class=\"has-text-align-left\" data-align=\"left\">70<\/td>\n<td class=\"has-text-align-left\" data-align=\"left\">STOLEN GARAGE<\/td>\n<td class=\"has-text-align-center\" data-align=\"center\">Octobre<\/td>\n<\/tr>\n<tr>\n<td class=\"has-text-align-left\" data-align=\"left\">71<\/td>\n<td class=\"has-text-align-left\" data-align=\"left\">ALEX SINGER<\/td>\n<td class=\"has-text-align-center\" data-align=\"center\">Octobre<\/td>\n<\/tr>\n<tr>\n<td class=\"has-text-align-left\" data-align=\"left\">72<\/td>\n<td class=\"has-text-align-left\" data-align=\"left\">CYCLES VICTOR<\/td>\n<td class=\"has-text-align-center\" data-align=\"center\">Octobre<\/td>\n<\/tr>\n<tr>\n<td class=\"has-text-align-left\" data-align=\"left\">73<\/td>\n<td class=\"has-text-align-left\" data-align=\"left\">BORDURE CYCLES<\/td>\n<td class=\"has-text-align-center\" data-align=\"center\">Octobre<\/td>\n<\/tr>\n<tr>\n<td class=\"has-text-align-left\" data-align=\"left\">74<\/td>\n<td class=\"has-text-align-left\" data-align=\"left\">LAFRAISE CYCLES<\/td>\n<td class=\"has-text-align-center\" data-align=\"center\">Octobre<\/td>\n<\/tr>\n<tr>\n<td class=\"has-text-align-left\" data-align=\"left\">75<\/td>\n<td class=\"has-text-align-left\" data-align=\"left\">CYCLES SOCA<\/td>\n<td class=\"has-text-align-center\" data-align=\"center\">Octobre<\/td>\n<\/tr>\n<tr>\n<td class=\"has-text-align-left\" data-align=\"left\">76<\/td>\n<td class=\"has-text-align-left\" data-align=\"left\">CYCLES ITIN\u00c9RANCES<\/td>\n<td class=\"has-text-align-center\" data-align=\"center\"\/><\/tr>\n<tr>\n<td class=\"has-text-align-left\" data-align=\"left\">77<\/td>\n<td class=\"has-text-align-left\" data-align=\"left\">TAILLEFER CYCLES<\/td>\n<td class=\"has-text-align-center\" data-align=\"center\"\/><\/tr>\n<tr>\n<td class=\"has-text-align-left\" data-align=\"left\">78<\/td>\n<td class=\"has-text-align-left\" data-align=\"left\">CYFAC INTERNATIONAL<\/td>\n<td class=\"has-text-align-center\" data-align=\"center\"\/><\/tr>\n<tr>\n<td class=\"has-text-align-left\" data-align=\"left\">79<\/td>\n<td class=\"has-text-align-left\" data-align=\"left\">QUOKKA CYCLES<\/td>\n<td class=\"has-text-align-center\" data-align=\"center\"\/><\/tr>\n<tr>\n<td class=\"has-text-align-left\" data-align=\"left\">80<\/td>\n<td class=\"has-text-align-left\" data-align=\"left\">NEON CYCLES<\/td>\n<td class=\"has-text-align-center\" data-align=\"center\"\/><\/tr>\n<tr>\n<td class=\"has-text-align-left\" data-align=\"left\">81<\/td>\n<td class=\"has-text-align-left\" data-align=\"left\">ATELIER MOONRISE<\/td>\n<td class=\"has-text-align-center\" data-align=\"center\"\/><\/tr>\n<tr>\n<td class=\"has-text-align-left\" data-align=\"left\">82<\/td>\n<td class=\"has-text-align-left\" data-align=\"left\"><a href=\"https:\/\/weelz.ouest-france.fr\/rencontre-ili-cycles-nantes-velo-cargo-triporteur-pendulaire\/\" rel=\"nofollow noopener\" target=\"_blank\">ILI CYCLES<\/a><\/td>\n<td class=\"has-text-align-center\" data-align=\"center\"\/><\/tr>\n<tr>\n<td class=\"has-text-align-left\" data-align=\"left\">83<\/td>\n<td class=\"has-text-align-left\" data-align=\"left\"><a href=\"https:\/\/weelz.ouest-france.fr\/etni-cycles-le-velo-longtail-made-in-france-nantes-2022\/\" rel=\"nofollow noopener\" target=\"_blank\">ETNI CYCLES<\/a><\/td>\n<td class=\"has-text-align-center\" data-align=\"center\"\/><\/tr>\n<tr>\n<td class=\"has-text-align-left\" data-align=\"left\">84<\/td>\n<td class=\"has-text-align-left\" data-align=\"left\">DEUM CYCLES<\/td>\n<td class=\"has-text-align-center\" data-align=\"center\"\/><\/tr>\n<tr>\n<td class=\"has-text-align-left\" data-align=\"left\">85<\/td>\n<td class=\"has-text-align-left\" data-align=\"left\">QUIDAM CYCLES<\/td>\n<td class=\"has-text-align-center\" data-align=\"center\"\/><\/tr>\n<tr>\n<td class=\"has-text-align-left\" data-align=\"left\">86<\/td>\n<td class=\"has-text-align-left\" data-align=\"left\">LES V\u00c9LOS BRESTOIS<\/td>\n<td class=\"has-text-align-center\" data-align=\"center\"\/><\/tr>\n<tr>\n<td class=\"has-text-align-left\" data-align=\"left\">87<\/td>\n<td class=\"has-text-align-left\" data-align=\"left\">CYCLES LA TANGENTE<\/td>\n<td class=\"has-text-align-center\" data-align=\"center\"\/><\/tr>\n<tr>\n<td class=\"has-text-align-left\" data-align=\"left\">88<\/td>\n<td class=\"has-text-align-left\" data-align=\"left\">LE ROUQUIN QUI ROULE<\/td>\n<td class=\"has-text-align-center\" data-align=\"center\"\/><\/tr>\n<tr>\n<td class=\"has-text-align-left\" data-align=\"left\">89<\/td>\n<td class=\"has-text-align-left\" data-align=\"left\">OPOZIT BIKES<\/td>\n<td class=\"has-text-align-center\" data-align=\"center\"\/><\/tr>\n<tr>\n<td class=\"has-text-align-left\" data-align=\"left\">90<\/td>\n<td class=\"has-text-align-left\" data-align=\"left\">BALEINE \u00c0 BOSSE<\/td>\n<td class=\"has-text-align-center\" data-align=\"center\"\/><\/tr>\n<p><strong>Vous avez aim\u00e9 cet article ?<\/strong> N&rsquo;h\u00e9sitez-pas \u00e0 <a href=\"https:\/\/weelz.ouest-france.fr\/newsletter-velo\/\" rel=\"nofollow noopener\" target=\"_blank\">vous abonner \u00e0 notre newsletter<\/a>. Vous pouvez aussi nous ajouter en favoris directement dans <a href=\"https:\/\/news.google.com\/publications\/CAAqBwgKMJ3Eugswqt_RAw?hl=fr&amp;gl=FR&amp;ceid=FR%3Afr\" rel=\"external nofollow noopener\" target=\"_blank\">Google News<\/a> ou encore nous suivre via <a href=\"https:\/\/bit.ly\/weelz-whatsapp\" rel=\"nofollow noopener\" target=\"_blank\">notre chaine WhatsApp<\/a>. Une question, une remarque ? <a href=\"https:\/\/weelz.ouest-france.fr\/contacter-weelz\/\" rel=\"nofollow noopener\" target=\"_blank\">Contactez-nous<\/a>.<\/p>\n<p><script async src=\"\/\/www.instagram.com\/embed.js\"><\/script><\/p>\n","protected":false},"excerpt":{"rendered":"Depuis le d\u00e9but du printemps, Timoth\u00e9, 27 ans, p\u00e9dale pour documenter (et dessiner) celles et ceux qui font&hellip;\n","protected":false},"author":2,"featured_media":136464,"comment_status":"","ping_status":"","sticky":false,"template":"","format":"standard","meta":{"footnotes":""},"categories":[4],"tags":[11,6933,1011,27,12,25,210],"class_list":{"0":"post-136463","1":"post","2":"type-post","3":"status-publish","4":"format-standard","5":"has-post-thumbnail","7":"category-france","8":"tag-actualites","9":"tag-artisan","10":"tag-fr","11":"tag-france","12":"tag-news","13":"tag-republique-francaise","14":"tag-tour-de-france"},"share_on_mastodon":{"url":"https:\/\/pubeurope.com\/@fr\/114590343141402593","error":""},"_links":{"self":[{"href":"https:\/\/www.europesays.com\/fr\/wp-json\/wp\/v2\/posts\/136463","targetHints":{"allow":["GET"]}}],"collection":[{"href":"https:\/\/www.europesays.com\/fr\/wp-json\/wp\/v2\/posts"}],"about":[{"href":"https:\/\/www.europesays.com\/fr\/wp-json\/wp\/v2\/types\/post"}],"author":[{"embeddable":true,"href":"https:\/\/www.europesays.com\/fr\/wp-json\/wp\/v2\/users\/2"}],"replies":[{"embeddable":true,"href":"https:\/\/www.europesays.com\/fr\/wp-json\/wp\/v2\/comments?post=136463"}],"version-history":[{"count":0,"href":"https:\/\/www.europesays.com\/fr\/wp-json\/wp\/v2\/posts\/136463\/revisions"}],"wp:featuredmedia":[{"embeddable":true,"href":"https:\/\/www.europesays.com\/fr\/wp-json\/wp\/v2\/media\/136464"}],"wp:attachment":[{"href":"https:\/\/www.europesays.com\/fr\/wp-json\/wp\/v2\/media?parent=136463"}],"wp:term":[{"taxonomy":"category","embeddable":true,"href":"https:\/\/www.europesays.com\/fr\/wp-json\/wp\/v2\/categories?post=136463"},{"taxonomy":"post_tag","embeddable":true,"href":"https:\/\/www.europesays.com\/fr\/wp-json\/wp\/v2\/tags?post=136463"}],"curies":[{"name":"wp","href":"https:\/\/api.w.org\/{rel}","templated":true}]}}