{"id":136467,"date":"2025-05-29T09:13:09","date_gmt":"2025-05-29T09:13:09","guid":{"rendered":"https:\/\/www.europesays.com\/fr\/136467\/"},"modified":"2025-05-29T09:13:09","modified_gmt":"2025-05-29T09:13:09","slug":"halys-au-troisieme-tour-mpetshi-perricard-sincline","status":"publish","type":"post","link":"https:\/\/www.europesays.com\/fr\/136467\/","title":{"rendered":"Halys au troisi\u00e8me tour, Mpetshi Perricard s&rsquo;incline"},"content":{"rendered":"<p>Pour la premi\u00e8re fois de sa carri\u00e8re, \u00e0 28 ans, le Fran\u00e7ais Quentin Halys (52e) s&rsquo;est qualifi\u00e9 pour le troisi\u00e8me tour de Roland-Garros mercredi, une marche sur laquelle Giovanni Mpetshi Perricard a lui but\u00e9.<\/p>\n<p>. Les fleurs d&rsquo;Halys<\/p>\n<p>Apr\u00e8s la victoire de Ga\u00ebl Monfils en cinq sets dans la nuit, Quentin Halys (52e) a repris le flambeau tricolore en dominant en quatre manches le Serbe Miomir Kecmanovic (46e).<\/p>\n<p>S&rsquo;il est entr\u00e9 timidement dans un match bri\u00e8vement interrompu par les intemp\u00e9ries, Halys a ensuite renvers\u00e9 son adversaire 4-6, 6-3, 7-6 (7\/2), 7-5, lui qui sortait de cinq \u00e9liminations d&rsquo;affil\u00e9e au premier tour porte d&rsquo;Auteuil.<\/p>\n<p>Le grand Bondynois (1,91 m) a sauv\u00e9 14 balles de break gr\u00e2ce \u00e0 un bon coup droit et surtout \u00e0 son service, avec 22 aces r\u00e9ussis.\u00a0Il sera oppos\u00e9 au N.10 mondial Danois Holger Rune au troisi\u00e8me tour, tombeur dans la soir\u00e9e de l&rsquo;Am\u00e9ricain Emilio Nava (137e).<\/p>\n<p>\u00ab\u00a0J&rsquo;ai \u00e9t\u00e9 tr\u00e8s bon dans les moments importants. Pour sauver les balles de break, j&rsquo;ai souvent bien servi, j&rsquo;ai \u00e9t\u00e9 toujours tr\u00e8s offensif\u00a0\u00bb, a appr\u00e9ci\u00e9 Halys, dans des \u00ab\u00a0conditions assez difficiles\u00a0\u00bb sur le court 14, avec \u00ab\u00a0beaucoup de vent, un peu de soleil, \u00e7a tourbillonnait\u00a0\u00bb.<\/p>\n<p>Autre excellent serveur, le N.3 fran\u00e7ais Giovanni Mpetshi Perricard (37e) a lui \u00e9t\u00e9 sans id\u00e9e face au Bosnien Damir Dzumhur (69e), vainqueur 7-6 (7\/4), 6-3, 4-6, 6-4 sur le Suzanne-Lenglen.<\/p>\n<p>\u00ab\u00a0Le seul coup qui a march\u00e9 aujourd&rsquo;hui, c&rsquo;\u00e9tait mon service\u00a0\u00bb, a soupir\u00e9 \u00ab\u00a0Gio\u00a0\u00bb en conf\u00e9rence de presse.<\/p>\n<p>\u00ab\u00a0\u00catre aussi inefficace au retour, ce n&rsquo;est pas normal\u00a0\u00bb, s&rsquo;est agac\u00e9 un Mpetshi Perricard particuli\u00e8rement abattu.<\/p>\n<p>Soign\u00e9 au d\u00e9but du quatri\u00e8me set apr\u00e8s une glissade qui l&rsquo;a fait se tordre de douleur, Dzumhur a malgr\u00e9 tout pu mener le match \u00e0 son terme sans para\u00eetre trop g\u00ean\u00e9. Il affrontera le N.2 mondial Carlos Alcaraz, tenant du titre, au prochain tour.<\/p>\n<p>. Alcaraz puissant, Swiatek exp\u00e9ditive<\/p>\n<p>L&rsquo;Espagnol de 22 ans retrouvait mercredi le court Philippe-Chatrier, apr\u00e8s un premier tour facilement remport\u00e9 sur le Suzanne-Lenglen, et il a domin\u00e9 le Hongrois Fabian Marozsan (56e) 6-1, 4-6, 6-1, 6-2.<\/p>\n<p>\u00ab\u00a0J&rsquo;ai maintenu mon niveau pendant tout le match, mais dans le deuxi\u00e8me set, il a atteint un niveau bien meilleur que le mien\u00a0\u00bb, a estim\u00e9 Alcaraz, qui s&rsquo;\u00e9tait inclin\u00e9 contre lui sur terre battue, en 2023 \u00e0 Rome.<\/p>\n<p>Sevr\u00e9e de titres depuis son troisi\u00e8me sacre cons\u00e9cutif \u00e0 Paris en juin 2024 et retomb\u00e9e au cinqui\u00e8me rang mondial, la Polonaise Iga Swiatek est en train de relever la t\u00eate gr\u00e2ce \u00e0 deux victoires exp\u00e9ditives en 1h24 puis 1h19.<\/p>\n<p>Apr\u00e8s un succ\u00e8s 6-3, 6-3 tout en ma\u00eetrise au premier tour, l&rsquo;ex-N.1 mondiale (actuelle 5e) a encha\u00een\u00e9 avec une autre victoire en deux sets, ne laissant que des miettes sur le Central \u00e0 la Britannique Emma Raducanu (41e), balay\u00e9e 6-1, 6-2.<\/p>\n<p>\u00ab\u00a0Je me sentais bien aujourd&rsquo;hui. On verra bien ce qui se passera \u00e0 l&rsquo;avenir mais mes deux matches ici ont \u00e9t\u00e9 plut\u00f4t solides\u00a0\u00bb, s&rsquo;est r\u00e9joui la Polonaise.<\/p>\n<p>Accroch\u00e9e dans le premier set par la Suissesse Jil Teichmann, la N.1 mondiale Aryna Sabalenka a ensuite d\u00e9roul\u00e9 dans la deuxi\u00e8me manche pour s&rsquo;imposer 6-3, 6-1.<\/p>\n<p>\u00ab\u00a0Elle a vraiment tr\u00e8s tr\u00e8s bien d\u00e9but\u00e9 et moi je ne servais pas bien. Je suis tr\u00e8s contente d&rsquo;avoir trouv\u00e9 mon rythme au milieu du premier set et d&rsquo;avoir r\u00e9ussi \u00e0 lui mettre la pression\u00a0\u00bb, a expliqu\u00e9 la B\u00e9larusse de 27 ans qui affrontera au troisi\u00e8me tour la Serbe Olga Danilovic (34e).<\/p>\n<p>. Ruud bless\u00e9<\/p>\n<p>Le sp\u00e9cialiste norv\u00e9gien de la terre battue Casper Ruud, vainqueur du Masters 1000 de Madrid et double finaliste \u00e0 Roland-Garros (2022 et 2023), a quitt\u00e9 Paris d\u00e8s le deuxi\u00e8me tour, battu en quatre sets par le Portugais Nuno Borges (41e).<\/p>\n<p>Le N.8 mondial, manifestement diminu\u00e9 en fin de match, a r\u00e9v\u00e9l\u00e9 apr\u00e8s coup souffrir du genou gauche depuis le d\u00e9but de la saison sur terre battue.<\/p>\n<p>Les Italiens, eux, ont \u00e9t\u00e9 \u00e0 la f\u00eate: Lorenzo Musetti (7e) n&rsquo;a conc\u00e9d\u00e9 que huit jeux au Colombien Daniel Elahi Galan (122e), le qualifi\u00e9 Matteo Gigante (167e) a surpris Stefanos Tsitsipas (20e) en quatre manches et Jasmine Paolini (4e) a domin\u00e9 6-3, 6-3 l&rsquo;Australienne Ajla Tomljanovic (71e).<\/p>\n<p>aco-ole-dga-bdu\/cpb\/<\/p>\n","protected":false},"excerpt":{"rendered":"Pour la premi\u00e8re fois de sa carri\u00e8re, \u00e0 28 ans, le Fran\u00e7ais Quentin Halys (52e) s&rsquo;est qualifi\u00e9 pour&hellip;\n","protected":false},"author":2,"featured_media":136468,"comment_status":"","ping_status":"","sticky":false,"template":"","format":"standard","meta":{"footnotes":""},"categories":[1415],"tags":[1011,27,26260,23596,4171,60,1467,3584],"class_list":{"0":"post-136467","1":"post","2":"type-post","3":"status-publish","4":"format-standard","5":"has-post-thumbnail","7":"category-tennis","8":"tag-fr","9":"tag-france","10":"tag-mpetshi-perricard","11":"tag-quentin-halys","12":"tag-roland-garros","13":"tag-sports","14":"tag-tennis","15":"tag-tour"},"share_on_mastodon":{"url":"https:\/\/pubeurope.com\/@fr\/114590358104452057","error":""},"_links":{"self":[{"href":"https:\/\/www.europesays.com\/fr\/wp-json\/wp\/v2\/posts\/136467","targetHints":{"allow":["GET"]}}],"collection":[{"href":"https:\/\/www.europesays.com\/fr\/wp-json\/wp\/v2\/posts"}],"about":[{"href":"https:\/\/www.europesays.com\/fr\/wp-json\/wp\/v2\/types\/post"}],"author":[{"embeddable":true,"href":"https:\/\/www.europesays.com\/fr\/wp-json\/wp\/v2\/users\/2"}],"replies":[{"embeddable":true,"href":"https:\/\/www.europesays.com\/fr\/wp-json\/wp\/v2\/comments?post=136467"}],"version-history":[{"count":0,"href":"https:\/\/www.europesays.com\/fr\/wp-json\/wp\/v2\/posts\/136467\/revisions"}],"wp:featuredmedia":[{"embeddable":true,"href":"https:\/\/www.europesays.com\/fr\/wp-json\/wp\/v2\/media\/136468"}],"wp:attachment":[{"href":"https:\/\/www.europesays.com\/fr\/wp-json\/wp\/v2\/media?parent=136467"}],"wp:term":[{"taxonomy":"category","embeddable":true,"href":"https:\/\/www.europesays.com\/fr\/wp-json\/wp\/v2\/categories?post=136467"},{"taxonomy":"post_tag","embeddable":true,"href":"https:\/\/www.europesays.com\/fr\/wp-json\/wp\/v2\/tags?post=136467"}],"curies":[{"name":"wp","href":"https:\/\/api.w.org\/{rel}","templated":true}]}}