{"id":136479,"date":"2025-05-29T09:20:10","date_gmt":"2025-05-29T09:20:10","guid":{"rendered":"https:\/\/www.europesays.com\/fr\/136479\/"},"modified":"2025-05-29T09:20:10","modified_gmt":"2025-05-29T09:20:10","slug":"95-cliches-de-raymond-depardon-a-la-chaise-dieu","status":"publish","type":"post","link":"https:\/\/www.europesays.com\/fr\/136479\/","title":{"rendered":"95 clich\u00e9s de Raymond Depardon \u00e0 La Chaise-Dieu"},"content":{"rendered":"<p>\u00ab\u00a0Je n\u2019\u00e9tais pas bavard, mes images parlaient pour moi, elles disaient ma sensibilit\u00e9, ma pens\u00e9e. L\u2019image est ma destin\u00e9e\u2026\u00a0\u00bb, disait Raymond Depardon en 2024.<\/p>\n<p>L\u2019exposition Le Bonheur est dans l\u2019image, install\u00e9e depuis le 1er mai dans la salle Richelieu de l\u2019abbaye de La Chaise-Dieu, permet de comprendre l\u2019\u0153uvre, la philosophie et l\u2019\u00e9volution professionnelle du photographe \u00e2g\u00e9 de 82 ans.<\/p>\n<p>  De la ferme du Garet \u00e0 l\u2019agence Magnum<\/p>\n<p>Marlon Brando tape sur un tam-tam entre deux clich\u00e9s de <a href=\"https:\/\/www.leprogres.fr\/p\/brigitte-bardot\" target=\"_blank\" rel=\"noopener\">Brigitte Bardot<\/a>, tant\u00f4t \u00e0 bicyclette, tant\u00f4t au c\u00f4t\u00e9 de Marcello Mastroianni sur le tournage de Vie priv\u00e9e, de Louis Malle (1960). Un peu plus loin, <a href=\"https:\/\/www.leprogres.fr\/p\/johnny-hallyday\" target=\"_blank\" rel=\"noopener\">Johnny Hallyday<\/a> tente de traverser le bas des Champs-\u00c9lys\u00e9es au volant de sa d\u00e9capotable (1961)\u2026\u00a0 \u00ab\u00a0\u00c0 ses d\u00e9buts, il travaille pour l\u2019agence Dalmas qui l\u2019envoie photographier les vedettes du moment\u00a0\u00bb, d\u00e9taille Lydie Bravard-Chevalier, guide conf\u00e9renci\u00e8re.<\/p>\n<p>L\u2019\u00eelot suivant (\u00ab Le Cube\u00a0\u00bb) fait entrer le visiteur dans l\u2019intimit\u00e9 familiale de la ferme du Garet, \u00e0 Villefranche-sur-Sa\u00f4ne, o\u00f9 il a grandi\u00a0: on y voit sa femme, la cin\u00e9aste Claudine Nougaret, et leur fils Charles-Antoine (1991), ou encore sa m\u00e8re Marthe (1982).<\/p>\n<p>Dans cette th\u00e9matique, une image interpelle\u00a0: deux chatons emmitoufl\u00e9s, chacun dans un godillot. \u00ab\u00a0Elle fait partie de ses premi\u00e8res photos. Il avait une quinzaine d\u2019ann\u00e9es\u00a0\u00bb, pr\u00e9cise l\u2019assistante de m\u00e9diation patrimoniale.<\/p>\n<p>La l\u00e9g\u00e8ret\u00e9 des ann\u00e9es 1960 et la qui\u00e9tude familiale laissent place \u00e0 l\u2019exploration d\u2019un monde \u00e0 la stabilit\u00e9 incertaine. \u00ab\u00a0Raymond Depardon devient ensuite photoreporter et l\u2019agence Dalmas l\u2019envoie en Alg\u00e9rie pour suivre la mission scientifique SOS Sahara. En 1966, il co-fonde l\u2019agence Gamma et pr\u00f4ne la propri\u00e9t\u00e9 du photographe sur ses n\u00e9gatifs. Il entrera chez Magnum en 1978.\u00a0\u00bb<\/p>\n<p>  La guerre du Liban, \u00ab\u00a0un tournant dans sa vie\u00a0\u00bb<\/p>\n<p>La suite de l\u2019exposition est la radiographie d\u2019une \u00e9poque domin\u00e9e par une atmosph\u00e8re de Guerre froide. D\u2019insouciants enfants Berlinois de l\u2019Ouest s\u2019amusent \u00e0 construire leur propre mur (1962). D\u2019autres tuent le temps dans les quartiers d\u00e9favoris\u00e9s de Glasgow au d\u00e9but du Thatch\u00e9risme.<\/p>\n<p>\u00c0 Sioux City, Richard Nixon, en pleine campagne \u00e9lectorale, sort d\u2019un avion dont l\u2019aile est \u00e0 moiti\u00e9 recouverte par la banni\u00e8re \u00e9toil\u00e9e (1967). Nelson Mandela, tout sourire dans son bureau de Johannesburg (1993), c\u00f4toie les grands sportifs\u00a0: Tommie Smith remporte le 200\u00a0m\u00e8tres aux JO de Mexico (1968) et <a href=\"https:\/\/www.leprogres.fr\/sortir\/2017\/12\/07\/raymond-depardon-ses-j-o-pour-la-liberte-de-la-presse\" target=\"_blank\" rel=\"noopener\">la jeune Nadia Comaneci livre une incroyable performance sur la poutre lors des JO de Montr\u00e9al (1976)<\/a>. Des fragments d\u2019\u00e9ternit\u00e9 arrach\u00e9s au r\u00e9el.<\/p>\n<p>Arrive un combattant phalangiste, fusil-mitrailleur \u00e0 la main, lors de la guerre du Liban en 1978\u00a0: \u00ab\u00a0Raymond Depardon s\u2019\u00e9tait rendu sur plusieurs terrains de conflits mais cet \u00e9pisode est un tournant dans sa vie et va changer sa fa\u00e7on d\u2019envisager la photo\u00a0\u00bb, explique Lydie Bravard-Chevalier.<\/p>\n<p>  Raymond Depardon bouscule les codes<\/p>\n<p>La sc\u00e9nographie du Bonheur est dans l\u2019image emm\u00e8ne les visiteurs vers d\u2019autres th\u00e9matiques mettant en lumi\u00e8re les r\u00e9flexions et les points de vue du Rhodanien\u00a0: \u00ab\u00a0dedans\/dehors\u00a0\u00bb, \u00ab\u00a0d\u00e9serts\u00a0\u00bb (qu\u2019il a d\u00e9couvert en 1960 lors d\u2019un reportage pour Paris Match), \u00ab\u00a0de dos\u00a0\u00bb\u2026<\/p>\n<p>Les sujets sont vari\u00e9s et certaines prises de vues sont des cadres d\u2019\u00e9motion. On est marqu\u00e9 par celle d\u2019un homme enfon\u00e7ant sa t\u00eate \u00e0 l\u2019int\u00e9rieur de sa veste dans un h\u00f4pital psychiatrique de Turin (1980). Plus artistiques, ses cadrages de paysages sont aussi \u00e9tonnants\u00a0: \u00ab <a href=\"https:\/\/www.leprogres.fr\/culture-loisirs\/2024\/06\/28\/expo-a-l-institut-lumiere-le-cinema-dans-l-oeil-de-raymond-depardon\" target=\"_blank\" rel=\"noopener\">Raymond Depardon bouscule compl\u00e8tement les codes<\/a>. Par exemple, il casse la r\u00e8gle des tiers et fait des photos en format hauteur\u00a0\u00bb, commente Lydie Bravard-Chevalier.<\/p>\n<p>  Une photo de Fay-sur-Lignon prise en 1991<\/p>\n<p>L\u2019exposition de 95 clich\u00e9s, un m\u00e9lange de noir et blanc et de couleurs, s\u2019ach\u00e8ve dans des univers chers au cin\u00e9aste qui avait r\u00e9alis\u00e9 le triptyque documentaire Profils paysans (2001-2008)\u00a0: la France p\u00e9riph\u00e9rique et la vie rurale. Le monde para\u00eet quelquefois fig\u00e9. L\u2019une des images, prise \u00e0 Fay-sur-Lignon (1991), montre deux hommes \u00e2g\u00e9s devant le Caf\u00e9 des amis sur une route enneig\u00e9e.<\/p>\n<p>\u00ab\u00a0J\u2019\u00e9tais capable de photographier des choses terribles, mais j\u2019avais peur de photographier des gens dans la rue, de m\u2019approcher d\u2019eux, des gens sans histoire\u00a0\u00bb, avait-il \u00e9crit dans Errance (2000). Pourtant, c\u2019est bien avec ce regard humaniste pos\u00e9 sur les \u00ab\u00a0gens sans histoire\u00a0\u00bb que Raymond Depardon a surtout touch\u00e9 le public.<\/p>\n<p class=\"note\">Le Bonheur est dans l\u2019image, de Raymond Depardon, dans la salle Richelieu de l\u2019abbaye de La Chaise-Dieu jusqu\u2019au 21\u00a0septembre (ouverture du mardi au dimanche et visites guid\u00e9es chaque jeudi et dimanche \u00e0 16 heures).<\/p>\n<p class=\"note\">Tarif\u00a0: de 6 \u00e0 11\u00a0euros (coupl\u00e9 avec la visite de l\u2019abbaye). Renseignements et horaires sur <a href=\"http:\/\/www.chaisedieu.fr\" target=\"_blank\" rel=\"noopener\">www.chaisedieu.fr<\/a>.<\/p>\n","protected":false},"excerpt":{"rendered":"\u00ab\u00a0Je n\u2019\u00e9tais pas bavard, mes images parlaient pour moi, elles disaient ma sensibilit\u00e9, ma pens\u00e9e. L\u2019image est ma&hellip;\n","protected":false},"author":2,"featured_media":136480,"comment_status":"","ping_status":"","sticky":false,"template":"","format":"standard","meta":{"footnotes":""},"categories":[1358],"tags":[1348,1384,1385,22450,1687,1386,58,10446,59,2271,107,1011,27,4002,937,26261,20408,104],"class_list":{"0":"post-136479","1":"post","2":"type-post","3":"status-publish","4":"format-standard","5":"has-post-thumbnail","7":"category-arts-et-design","8":"tag-arts","9":"tag-arts-and-design","10":"tag-arts-et-design","11":"tag-craponne-sur-arzon-bassin","12":"tag-culture-loisirs","13":"tag-design","14":"tag-divertissement","15":"tag-edition-haute-loire","16":"tag-entertainment","17":"tag-exposition-arts-plastiques","18":"tag-fil-info","19":"tag-fr","20":"tag-france","21":"tag-haute-loire","22":"tag-histoire","23":"tag-la-chaise-dieu","24":"tag-selection-de-la-redaction-43","25":"tag-societe"},"share_on_mastodon":{"url":"https:\/\/pubeurope.com\/@fr\/114590385850074437","error":""},"_links":{"self":[{"href":"https:\/\/www.europesays.com\/fr\/wp-json\/wp\/v2\/posts\/136479","targetHints":{"allow":["GET"]}}],"collection":[{"href":"https:\/\/www.europesays.com\/fr\/wp-json\/wp\/v2\/posts"}],"about":[{"href":"https:\/\/www.europesays.com\/fr\/wp-json\/wp\/v2\/types\/post"}],"author":[{"embeddable":true,"href":"https:\/\/www.europesays.com\/fr\/wp-json\/wp\/v2\/users\/2"}],"replies":[{"embeddable":true,"href":"https:\/\/www.europesays.com\/fr\/wp-json\/wp\/v2\/comments?post=136479"}],"version-history":[{"count":0,"href":"https:\/\/www.europesays.com\/fr\/wp-json\/wp\/v2\/posts\/136479\/revisions"}],"wp:featuredmedia":[{"embeddable":true,"href":"https:\/\/www.europesays.com\/fr\/wp-json\/wp\/v2\/media\/136480"}],"wp:attachment":[{"href":"https:\/\/www.europesays.com\/fr\/wp-json\/wp\/v2\/media?parent=136479"}],"wp:term":[{"taxonomy":"category","embeddable":true,"href":"https:\/\/www.europesays.com\/fr\/wp-json\/wp\/v2\/categories?post=136479"},{"taxonomy":"post_tag","embeddable":true,"href":"https:\/\/www.europesays.com\/fr\/wp-json\/wp\/v2\/tags?post=136479"}],"curies":[{"name":"wp","href":"https:\/\/api.w.org\/{rel}","templated":true}]}}