{"id":136485,"date":"2025-05-29T09:23:11","date_gmt":"2025-05-29T09:23:11","guid":{"rendered":"https:\/\/www.europesays.com\/fr\/136485\/"},"modified":"2025-05-29T09:23:11","modified_gmt":"2025-05-29T09:23:11","slug":"vianney-avec-sa-femme-catherine-rare-apparition-de-la-musicienne-dans-un-joli-look-vitamine-2","status":"publish","type":"post","link":"https:\/\/www.europesays.com\/fr\/136485\/","title":{"rendered":"Vianney avec sa femme Catherine, rare apparition de la musicienne dans un joli look vitamin\u00e9"},"content":{"rendered":"<p>Toujours un moment symbolique dans la carri\u00e8re d\u2019un artiste : l&rsquo;exposition de sa statue en cire au mus\u00e9e Gr\u00e9vin. Un sentiment que vient de vivre Vianney, mardi 27 mai. Lors de la c\u00e9r\u00e9monie de r\u00e9v\u00e9lation, le chanteur a remerci\u00e9 l\u2019acad\u00e9mie et les artisans pour leur travail minutieux. Il \u00e9tait accompagn\u00e9 de son \u00e9pouse Catherine Robert, qui a sorti une belle tenue pour l&rsquo;occasion.<\/p>\n<p>Mardi, quelques semaines apr\u00e8s Clara Luciani, c&rsquo;\u00e9tait au tour de <a href=\"https:\/\/www.purepeople.com\/people\/vianney-bureau_p544605\" rel=\"nofollow noopener\" target=\"_blank\" data-ylk=\"slk:Vianney;elm:context_link;itc:0;sec:content-canvas\" class=\"link \">Vianney <\/a>de d\u00e9couvrir la statue de cire \u00e0 son effigie d\u00e9sormais expos\u00e9e au Mus\u00e9e Gr\u00e9vin \u00e0 Paris. La c\u00e9r\u00e9monie s\u2019est tenue en pr\u00e9sence de Nikos Aliagas, <a href=\"https:\/\/www.purepeople.com\/article\/nikos-aliagas-et-sa-statue-de-cire-fier-et-honore-d-entrer-au-musee-grevin_a213656\/1\" rel=\"nofollow noopener\" target=\"_blank\" data-ylk=\"slk:\u00e9galement immortalis\u00e9 dans la c\u00e9l\u00e8bre collection;elm:context_link;itc:0;sec:content-canvas\" class=\"link \">\u00e9galement immortalis\u00e9 dans la c\u00e9l\u00e8bre collection<\/a>. \u00ab\u00a0Merci \u00e0 l\u2019acad\u00e9mie du mus\u00e9e Gr\u00e9vin pour cet honneur. Merci aux artisans pour tant de c\u0153ur \u00e0 l\u2019ouvrage. Merci Nikos pour tes mots ce soir-l\u00e0. Merci \u00e0 vous tous qui avez permis cette aventure hors-norme\u00a0\u00bb, a d\u00e9clar\u00e9 le chanteur sur Instagram.<\/p>\n<p>\u00ab\u00a0Je vais te dire un truc, pour les sourcils, <a href=\"https:\/\/fr.news.yahoo.com\/peu-gal%C3%A9r%C3%A9-vianney-d%C3%A9couvre-statue-160000037.html\" data-ylk=\"slk:ils ont un peu gal\u00e9r\u00e9;elm:context_link;itc:0;sec:content-canvas;outcm:mb_qualified_link;_E:mb_qualified_link;ct:story;\" class=\"link  yahoo-link\" rel=\"nofollow noopener\" target=\"_blank\">ils ont un peu gal\u00e9r\u00e9<\/a>. Parce que j&rsquo;en ai pas. Tu vois ce que je veux dire ? J&rsquo;en ai mais je n&rsquo;en ai pas\u2026\u00c7a ils ont repris et ils ont refait les yeux. Ils ont chang\u00e9 deux fois la couleur. Trouver la bonne couleur, c&rsquo;\u00e9tait compliqu\u00e9.\u00a0\u00bb, a-t-il \u00e9galement expliqu\u00e9, dans une vid\u00e9o disponible sur le compte TikTok de Purepeople.<\/p>\n<p>Pour l&rsquo;occasion, il s&rsquo;est habill\u00e9 comme son double avec un sweat \u00e0 capuche noir, un jean bleu et des baskets blanches. Il a \u00e9galement apport\u00e9 sa guitare color\u00e9e identique \u00e0 celle tenue par sa statue de cire. <strong>Ce moment, il l&rsquo;a v\u00e9cu aupr\u00e8s de son \u00e9pouse Catherine Robert, habituellement tr\u00e8s discr\u00e8te.<\/strong><\/p>\n<p>Vianney, rare apparition avec sa femme Catherine, toute en couleur<\/p>\n<p><strong>V\u00eatue d\u2019une longue robe orang\u00e9e et d\u2019une veste jaune, elle rayonnait \u00e0 ses c\u00f4t\u00e9s, dans un look tr\u00e8s color\u00e9 donc. <\/strong>Elle arborait \u00e9galement une coiffure assez courte, elle qui a d&rsquo;habitude les cheveux plus longs. Une superbe apparition en amoureux. Pour rappel, c&rsquo;est depuis 2016 qu&rsquo;ils sont en couple (ils se sont mari\u00e9s en 2020). Violoncelliste de profession, elle travaille avec des artistes renomm\u00e9s comme Julie Zenatti, Patrick Bruel ou encore Julien Clerc.<\/p>\n<p>Ensemble, ils sont les heureux parents d&rsquo;un petit gar\u00e7on pr\u00e9nomm\u00e9 <a href=\"https:\/\/fr.news.yahoo.com\/vianney-montre-fils-edgar-femme-154500848.html\" data-ylk=\"slk:Edgar;elm:context_link;itc:0;sec:content-canvas;outcm:mb_qualified_link;_E:mb_qualified_link;ct:story;\" class=\"link  yahoo-link\" rel=\"nofollow noopener\" target=\"_blank\">Edgar<\/a>, qui est n\u00e9 en octobre\u00a02021, comme l&rsquo;avait r\u00e9v\u00e9l\u00e9 le chanteur via ses r\u00e9seaux sociaux, lui qui d\u00e9couvrait alors les joies de la paternit\u00e9. De son c\u00f4t\u00e9, Catherine Robert \u00e9tait d\u00e9j\u00e0 maman d&rsquo;une petite fille, \u00e0 qui Vianney a d&rsquo;ailleurs d\u00e9di\u00e9 son tube Beau-papa. \u00ab\u00a0Avec cette chanson, je voulais mettre en lumi\u00e8re un sentiment plut\u00f4t qu&rsquo;une personne, celui d&rsquo;\u00e9lever et d&rsquo;aimer un enfant qui n&rsquo;est pas le mien.\u00a0\u00bb, avait-il expliqu\u00e9 dans les colonnes du magazine Gala. Elle \u00e9tait d&rsquo;ailleurs pr\u00e9sente ce mardi.<\/p>\n<p>\u00a0<\/p>\n<p><a href=\"https:\/\/www.purepeople.com\/article\/vianney-avec-sa-femme-catherine-rare-apparition-de-la-musicienne-dans-un-joli-look-vitamine_a538689\/1\" rel=\"nofollow noopener\" target=\"_blank\" data-ylk=\"slk:Article original sur Purepeople;elm:context_link;itc:0;sec:content-canvas\" class=\"link \">Article original sur Purepeople<\/a><\/p>\n","protected":false},"excerpt":{"rendered":"Toujours un moment symbolique dans la carri\u00e8re d\u2019un artiste : l&rsquo;exposition de sa statue en cire au mus\u00e9e&hellip;\n","protected":false},"author":2,"featured_media":136486,"comment_status":"","ping_status":"","sticky":false,"template":"","format":"standard","meta":{"footnotes":""},"categories":[1355],"tags":[21509,26262,22007,58,59,1011,27,26049,1361,873,8475],"class_list":{"0":"post-136485","1":"post","2":"type-post","3":"status-publish","4":"format-standard","5":"has-post-thumbnail","7":"category-musique","8":"tag-catherine","9":"tag-catherine-robert","10":"tag-clara-luciani","11":"tag-divertissement","12":"tag-entertainment","13":"tag-fr","14":"tag-france","15":"tag-musee-grevin","16":"tag-music","17":"tag-musique","18":"tag-vianney"},"share_on_mastodon":{"url":"https:\/\/pubeurope.com\/@fr\/114590397454302882","error":""},"_links":{"self":[{"href":"https:\/\/www.europesays.com\/fr\/wp-json\/wp\/v2\/posts\/136485","targetHints":{"allow":["GET"]}}],"collection":[{"href":"https:\/\/www.europesays.com\/fr\/wp-json\/wp\/v2\/posts"}],"about":[{"href":"https:\/\/www.europesays.com\/fr\/wp-json\/wp\/v2\/types\/post"}],"author":[{"embeddable":true,"href":"https:\/\/www.europesays.com\/fr\/wp-json\/wp\/v2\/users\/2"}],"replies":[{"embeddable":true,"href":"https:\/\/www.europesays.com\/fr\/wp-json\/wp\/v2\/comments?post=136485"}],"version-history":[{"count":0,"href":"https:\/\/www.europesays.com\/fr\/wp-json\/wp\/v2\/posts\/136485\/revisions"}],"wp:featuredmedia":[{"embeddable":true,"href":"https:\/\/www.europesays.com\/fr\/wp-json\/wp\/v2\/media\/136486"}],"wp:attachment":[{"href":"https:\/\/www.europesays.com\/fr\/wp-json\/wp\/v2\/media?parent=136485"}],"wp:term":[{"taxonomy":"category","embeddable":true,"href":"https:\/\/www.europesays.com\/fr\/wp-json\/wp\/v2\/categories?post=136485"},{"taxonomy":"post_tag","embeddable":true,"href":"https:\/\/www.europesays.com\/fr\/wp-json\/wp\/v2\/tags?post=136485"}],"curies":[{"name":"wp","href":"https:\/\/api.w.org\/{rel}","templated":true}]}}