{"id":136492,"date":"2025-05-29T09:27:10","date_gmt":"2025-05-29T09:27:10","guid":{"rendered":"https:\/\/www.europesays.com\/fr\/136492\/"},"modified":"2025-05-29T09:27:10","modified_gmt":"2025-05-29T09:27:10","slug":"people-la-haut-savoyarde-veronique-jannot-est-de-nouveau-maman-a-68-ans","status":"publish","type":"post","link":"https:\/\/www.europesays.com\/fr\/136492\/","title":{"rendered":"People. La Haut-Savoyarde V\u00e9ronique Jannot est de nouveau maman \u00e0 68 ans"},"content":{"rendered":"<p>\u00ab\u00a0Qui l&rsquo;eut cru\u00a0?\u00a0\u00bb Elle-m\u00eame s&rsquo;en \u00e9tonne, et pourtant&#8230; V\u00e9ronique Jannot, 68 ans, a fait une grande annonce sur son compte Instagram. La chanteuse et actrice, n\u00e9e en 1957 \u00e0 Annecy, a en effet r\u00e9v\u00e9l\u00e9 \u00eatre devenue maman pour la deuxi\u00e8me fois en adoptant un gar\u00e7on\u00a0: Nyjma.<\/p>\n<p>Ce contenu est bloqu\u00e9 car vous n&rsquo;avez pas accept\u00e9 les cookies et autres traceurs.<\/p>\n<p>En cliquant sur \u00ab J\u2019accepte \u00bb, les cookies et autres traceurs seront d\u00e9pos\u00e9s et vous pourrez visualiser les contenus  (<a href=\"\" class=\"consentModule_policy\" target=\"_blank\" title=\"Consulter la politique de protection des donn\u00e9es du fournisseur\">plus d&rsquo;informations<\/a>).<\/p>\n<p>En cliquant sur \u00ab J\u2019accepte tous les cookies \u00bb, vous autorisez des d\u00e9p\u00f4ts de cookies et autres traceurs pour le stockage de vos donn\u00e9es sur nos sites et applications \u00e0 des fins de personnalisation et de ciblage publicitaire.<\/p>\n<p class=\"consentModule_secondaryText\">Vous gardez la possibilit\u00e9 de retirer votre consentement \u00e0 tout moment en consultant notre <a href=\"https:\/\/www.ledauphine.com\/protection-des-donnees\" target=\"_blank\" title=\"Consulter notre politique de protection des donn\u00e9es\" rel=\"noopener\">politique de protection des donn\u00e9es<\/a>. <br \/>&#13;<br \/>\n            <a href=\"https:\/\/www.ledauphine.com\/societe\/2025\/05\/28\/javascript:Didomi.notice.show()\" class=\"consentModule_cmp\" target=\"_blank\" rel=\"noopener\">G\u00e9rer mes choix<\/a>&#13;\n        <\/p>\n<p>&#13;<br \/>\n                        J&rsquo;accepte&#13;<br \/>\n            J&rsquo;accepte tous les cookies&#13;\n        <\/p>\n<p>La famille s&rsquo;agrandit donc pour V\u00e9ronique Jannot, qui avait d\u00e9j\u00e0 adopt\u00e9 en 2014 Migmar, une orpheline originaire du Tibet qu&rsquo;elle a rencontr\u00e9e\u00a0gr\u00e2ce \u00e0 son association Graines d&rsquo;avenir.\u00a0<\/p>\n<p>\u00ab\u00a0C&rsquo;est presque une chance d&rsquo;avoir eu ce cancer si t\u00f4t\u00a0\u00bb<\/p>\n<p>C&rsquo;est une deuxi\u00e8me petite revanche sur la vie pour la Haut-Savoyarde, notamment connue pour avoir jou\u00e9 dans la s\u00e9rie culte des ann\u00e9es 1980\u00a0Pause Caf\u00e9. Elle avait en effet appris \u00e0 seulement 22 ans qu&rsquo;elle \u00e9tait atteinte d&rsquo;un cancer de l&rsquo;ut\u00e9rus, maladie qui l&rsquo;a emp\u00each\u00e9 d&rsquo;avoir des enfants biologiques.\u00a0Elle \u00e9tait revenue en octobre 2023 dans\u00a0<a href=\"https:\/\/www.ledauphine.com\/magazine-lifestyle\/2023\/10\/25\/veronique-jannot-la-spiritualite-m-a-aidee-dans-mon-combat-contre-la-maladie\" target=\"_blank\" rel=\"noopener\">les colonnes du\u00a0Dauphin\u00e9 Lib\u00e9r\u00e9<\/a>\u00a0sur son combat dont elle est sortie victorieuse :\u00a0\u00ab\u00a0C\u2019\u00e9tait presque une chance d\u2019avoir eu ce cancer si t\u00f4t, car \u00e7a m\u2019a fait prendre conscience de l\u2019importance et du pr\u00e9cieux de la vie humaine. Quand vous ne savez pas pour combien de temps vous \u00eates l\u00e0, mais que vous pouvez remarcher, recourir apr\u00e8s la chimioth\u00e9rapie, tout est cadeau, d\u2019\u00eatre en bonne sant\u00e9, d\u2019avoir un toit, de manger \u00e0 sa faim, voir ses amis, communiquer, \u00e9changer. Tout est un cadeau.\u00a0\u00bb<\/p>\n<p>Ces derni\u00e8res ann\u00e9es, V\u00e9ronique Jannot a fait\u00a0quelques apparitions \u00e0 la t\u00e9l\u00e9vision dans Sc\u00e8nes de m\u00e9nages, Demain nous appartient ou L\u00e9o Matt\u00e9\u00ef.<\/p>\n","protected":false},"excerpt":{"rendered":"\u00ab\u00a0Qui l&rsquo;eut cru\u00a0?\u00a0\u00bb Elle-m\u00eame s&rsquo;en \u00e9tonne, et pourtant&#8230; V\u00e9ronique Jannot, 68 ans, a fait une grande annonce sur&hellip;\n","protected":false},"author":2,"featured_media":136493,"comment_status":"","ping_status":"","sticky":false,"template":"","format":"standard","meta":{"footnotes":""},"categories":[8],"tags":[3853,1687,58,3856,59,107,1011,27,4638,1757,973,273],"class_list":{"0":"post-136492","1":"post","2":"type-post","3":"status-publish","4":"format-standard","5":"has-post-thumbnail","7":"category-divertissement","8":"tag-annecy","9":"tag-culture-loisirs","10":"tag-divertissement","11":"tag-edition-annecy-rumilly-les-aravis","12":"tag-entertainment","13":"tag-fil-info","14":"tag-fr","15":"tag-france","16":"tag-haute-savoie","17":"tag-insolite","18":"tag-people","19":"tag-selection-de-la-redaction"},"share_on_mastodon":{"url":"https:\/\/pubeurope.com\/@fr\/114590413167724882","error":""},"_links":{"self":[{"href":"https:\/\/www.europesays.com\/fr\/wp-json\/wp\/v2\/posts\/136492","targetHints":{"allow":["GET"]}}],"collection":[{"href":"https:\/\/www.europesays.com\/fr\/wp-json\/wp\/v2\/posts"}],"about":[{"href":"https:\/\/www.europesays.com\/fr\/wp-json\/wp\/v2\/types\/post"}],"author":[{"embeddable":true,"href":"https:\/\/www.europesays.com\/fr\/wp-json\/wp\/v2\/users\/2"}],"replies":[{"embeddable":true,"href":"https:\/\/www.europesays.com\/fr\/wp-json\/wp\/v2\/comments?post=136492"}],"version-history":[{"count":0,"href":"https:\/\/www.europesays.com\/fr\/wp-json\/wp\/v2\/posts\/136492\/revisions"}],"wp:featuredmedia":[{"embeddable":true,"href":"https:\/\/www.europesays.com\/fr\/wp-json\/wp\/v2\/media\/136493"}],"wp:attachment":[{"href":"https:\/\/www.europesays.com\/fr\/wp-json\/wp\/v2\/media?parent=136492"}],"wp:term":[{"taxonomy":"category","embeddable":true,"href":"https:\/\/www.europesays.com\/fr\/wp-json\/wp\/v2\/categories?post=136492"},{"taxonomy":"post_tag","embeddable":true,"href":"https:\/\/www.europesays.com\/fr\/wp-json\/wp\/v2\/tags?post=136492"}],"curies":[{"name":"wp","href":"https:\/\/api.w.org\/{rel}","templated":true}]}}