{"id":136500,"date":"2025-05-29T09:30:08","date_gmt":"2025-05-29T09:30:08","guid":{"rendered":"https:\/\/www.europesays.com\/fr\/136500\/"},"modified":"2025-05-29T09:30:08","modified_gmt":"2025-05-29T09:30:08","slug":"un-ministre-israelien-annonce-la-creation-de-22-nouvelles-colonies-juives","status":"publish","type":"post","link":"https:\/\/www.europesays.com\/fr\/136500\/","title":{"rendered":"un ministre isra\u00e9lien annonce la cr\u00e9ation de 22 nouvelles colonies juives"},"content":{"rendered":"<p>Cette d\u00e9cision que le ministre des Finances isra\u00e9lien Bezalel Smotrich qualifie \u00abd\u2019historique\u00bb, risque de compliquer encore les relations d\u00e9j\u00e0 tendues d\u2019Isra\u00ebl avec une partie de la communaut\u00e9 internationale.<\/p>\n<p class=\"fig-paragraph\">Ce jeudi matin, le ministre des Finances isra\u00e9lien\u00a0<a href=\"https:\/\/www.lefigaro.fr\/international\/israel-bezalel-smotrich-champion-de-la-colonisation-decomplexee-20230601\" target=\"_blank\" data-fig-type=\"Article\" rel=\"noopener nofollow\" data-gtm-custom-categorie=\"navigation\" data-gtm-custom-action=\"crossclick\" data-gtm-custom-label=\"Contextuel\" data-gtm-event=\"customEventSPE\" data-fig-domain=\"LEFIGARO\">Bezalel Smotrich<\/a>\u00a0a annonc\u00e9 la cr\u00e9ation de 22 nouvelles colonies juives en\u00a0<a href=\"http:\/\/www.lefigaro.fr\/international\/c-est-totalement-inacceptable-avec-les-tirs-en-cisjordanie-israel-s-attire-les-foudres-de-nombreux-pays-20250521\" target=\"_blank\" data-fig-type=\"NewsFlash\" rel=\"noopener nofollow\" data-gtm-custom-categorie=\"navigation\" data-gtm-custom-action=\"crossclick\" data-gtm-custom-label=\"Contextuel\" data-gtm-event=\"customEventSPE\" data-fig-domain=\"LEFIGARO\">Cisjordanie<\/a>\u00a0occup\u00e9e. Cette d\u00e9cision risque de compliquer encore les relations d\u00e9j\u00e0 tendues d&rsquo;Isra\u00ebl avec une partie de la communaut\u00e9 internationale.<\/p>\n<p class=\"fig-paragraph\">\u00abNous avons pris une d\u00e9cision historique pour le d\u00e9veloppement des implantations\u00a0: 22 nouvelles localit\u00e9s en Jud\u00e9e-Samarie\u00bb, a d\u00e9clar\u00e9 Bezalel Smotrich, ministre d&rsquo;extr\u00eame droite, en utilisant le nom par lequel les Isra\u00e9liens d\u00e9signent la Cisjordanie, territoire palestinien occup\u00e9 par\u00a0<a href=\"http:\/\/www.lefigaro.fr\/international\/gaza-israel-affirme-avoir-tue-le-chef-presume-du-hamas-20250528\" target=\"_blank\" data-fig-type=\"NewsFlash\" rel=\"noopener nofollow\" data-gtm-custom-categorie=\"navigation\" data-gtm-custom-action=\"crossclick\" data-gtm-custom-label=\"Contextuel\" data-gtm-event=\"customEventSPE\" data-fig-domain=\"LEFIGARO\">Isra\u00ebl<\/a>\u00a0depuis 1967.<\/p>\n<p class=\"fig-paragraph\">Selon une carte publi\u00e9e par le Likoud, le parti de droite du premier ministre isra\u00e9lien\u00a0<a href=\"http:\/\/www.lefigaro.fr\/international\/en-israel-benyamin-netanyahou-durcit-son-offensive-contre-la-justice-20250525\" target=\"_blank\" data-fig-type=\"Article\" rel=\"noopener nofollow\" data-gtm-custom-categorie=\"navigation\" data-gtm-custom-action=\"crossclick\" data-gtm-custom-label=\"Contextuel\" data-gtm-event=\"customEventSPE\" data-fig-domain=\"LEFIGARO\">Benyamin Netanyahou<\/a>, les 22 colonies en projet sont r\u00e9parties \u00e0 travers toute la Cisjordanie, du nord au sud en passant par le centre, mitant un peu plus un territoire min\u00e9 par les implantations juives.<\/p>\n<p class=\"fig-body-link\">\n            \u00c0 lire aussi<br \/>\n        <a class=\"fig-body-link__link fig-premium-mark\" href=\"http:\/\/www.lefigaro.fr\/vox\/monde\/charles-jaigu-oser-dire-ce-qu-il-en-est-de-gaza-20250529\" data-fig-type=\"Article\" data-gtm-custom-categorie=\"navigation\" data-gtm-custom-action=\"crossclick\" data-gtm-custom-label=\"Contextuel\" data-gtm-event=\"customEventSPE\" data-fig-domain=\"LEFIGARO\" rel=\"nofollow noopener\" target=\"_blank\">Charles Jaigu\u00a0: \u00abOser dire ce qu\u2019il en est de Gaza\u00bb<br \/>\n    <\/a>\n<\/p>\n<p>\u00abUn tr\u00e8s bon ressenti\u00bb sur la possibilit\u00e9 de conclure une tr\u00eave \u00e0 Gaza<\/p>\n<p class=\"fig-paragraph\">La colonisation isra\u00e9lienne est r\u00e9guli\u00e8rement d\u00e9nonc\u00e9e par l\u2019ONU comme ill\u00e9gale au regard du droit international et comme un des principaux obstacles \u00e0 une solution de paix durable entre Isra\u00e9liens et Palestiniens en ce qu\u2019elle emp\u00eache la cr\u00e9ation d\u2019un \u00c9tat palestinien viable.<\/p>\n<p class=\"fig-paragraph\">L\u2019annonce de Bezalel Smotrich intervient apr\u00e8s que l\u2019\u00e9missaire sp\u00e9cial du pr\u00e9sident am\u00e9ricain Donald Trump pour le Moyen-Orient,\u00a0<a href=\"http:\/\/www.lefigaro.fr\/international\/otages-israeliens-ukraine-iran-steve-witkoff-l-emissaire-a-tout-faire-de-donald-trump-20250413\" target=\"_blank\" data-fig-type=\"Article\" rel=\"noopener nofollow\" data-gtm-custom-categorie=\"navigation\" data-gtm-custom-action=\"crossclick\" data-gtm-custom-label=\"Contextuel\" data-gtm-event=\"customEventSPE\" data-fig-domain=\"LEFIGARO\">Steve Witkoff<\/a>, a dit mercredi avoir \u00abun tr\u00e8s bon ressenti\u00bb sur la possibilit\u00e9 de conclure une tr\u00eave \u00e0 Gaza apr\u00e8s 600 jours de guerre entre Isra\u00ebl et le Hamas.<\/p>\n<p class=\"fig-paragraph\">Elle a lieu aussi alors que la France doit pr\u00e9sider avec l\u2019Arabie saoudite en juin une conf\u00e9rence de l\u2019ONU destin\u00e9e \u00e0 favoriser la solution de paix dite \u00ab\u00e0 deux \u00c9tats\u00bb\u00a0: Isra\u00ebl et une Palestine ind\u00e9pendante et pleinement souveraine qui vivraient c\u00f4te \u00e0 c\u00f4te en bonne entente.<\/p>\n","protected":false},"excerpt":{"rendered":"Cette d\u00e9cision que le ministre des Finances isra\u00e9lien Bezalel Smotrich qualifie \u00abd\u2019historique\u00bb, risque de compliquer encore les relations&hellip;\n","protected":false},"author":2,"featured_media":136501,"comment_status":"","ping_status":"","sticky":false,"template":"","format":"standard","meta":{"footnotes":""},"categories":[5],"tags":[259,11,260,2486,1011,27,14,664,261,12,262,28],"class_list":{"0":"post-136500","1":"post","2":"type-post","3":"status-publish","4":"format-standard","5":"has-post-thumbnail","7":"category-international","8":"tag-actualite-internationale","9":"tag-actualites","10":"tag-affaires-etrangeres","11":"tag-cisjordanie","12":"tag-fr","13":"tag-france","14":"tag-international","15":"tag-israel","16":"tag-ministere-des-affaires-etrangeres","17":"tag-news","18":"tag-politique-etrangere","19":"tag-world"},"share_on_mastodon":{"url":"https:\/\/pubeurope.com\/@fr\/114590425294211498","error":""},"_links":{"self":[{"href":"https:\/\/www.europesays.com\/fr\/wp-json\/wp\/v2\/posts\/136500","targetHints":{"allow":["GET"]}}],"collection":[{"href":"https:\/\/www.europesays.com\/fr\/wp-json\/wp\/v2\/posts"}],"about":[{"href":"https:\/\/www.europesays.com\/fr\/wp-json\/wp\/v2\/types\/post"}],"author":[{"embeddable":true,"href":"https:\/\/www.europesays.com\/fr\/wp-json\/wp\/v2\/users\/2"}],"replies":[{"embeddable":true,"href":"https:\/\/www.europesays.com\/fr\/wp-json\/wp\/v2\/comments?post=136500"}],"version-history":[{"count":0,"href":"https:\/\/www.europesays.com\/fr\/wp-json\/wp\/v2\/posts\/136500\/revisions"}],"wp:featuredmedia":[{"embeddable":true,"href":"https:\/\/www.europesays.com\/fr\/wp-json\/wp\/v2\/media\/136501"}],"wp:attachment":[{"href":"https:\/\/www.europesays.com\/fr\/wp-json\/wp\/v2\/media?parent=136500"}],"wp:term":[{"taxonomy":"category","embeddable":true,"href":"https:\/\/www.europesays.com\/fr\/wp-json\/wp\/v2\/categories?post=136500"},{"taxonomy":"post_tag","embeddable":true,"href":"https:\/\/www.europesays.com\/fr\/wp-json\/wp\/v2\/tags?post=136500"}],"curies":[{"name":"wp","href":"https:\/\/api.w.org\/{rel}","templated":true}]}}