{"id":136505,"date":"2025-05-29T09:33:08","date_gmt":"2025-05-29T09:33:08","guid":{"rendered":"https:\/\/www.europesays.com\/fr\/136505\/"},"modified":"2025-05-29T09:33:08","modified_gmt":"2025-05-29T09:33:08","slug":"ce-magasin-a-petits-prix-sinstalle-voici-quand","status":"publish","type":"post","link":"https:\/\/www.europesays.com\/fr\/136505\/","title":{"rendered":"ce magasin \u00e0 petits prix s&rsquo;installe, voici quand"},"content":{"rendered":"<p>            Par<br \/>\n        <strong><br \/>\n            <a href=\"https:\/\/actu.fr\/auteur\/mathias-souteyrat\" title=\"Consulter tous les articles de Mathias Souteyrat\" target=\"_blank\" rel=\"noopener\">Mathias Souteyrat<\/a><br \/>\n        <\/strong><\/p>\n<p>        Publi\u00e9 le<\/p>\n<p>            29 mai 2025 \u00e0 11h02        <\/p>\n<p>C\u2019est d\u00e9sormais officiel. L\u2019enseigne espagnol discount <a href=\"https:\/\/actu.fr\/auvergne-rhone-alpes\/saint-etienne_42218\/centre-deux-a-saint-etienne-primaprix-va-ouvrir-d-autres-magasins-en-negociation_62382530.html\" target=\"_blank\" rel=\"noopener\">PrimaPrix<\/a> va bien voir le jour dans le centre commercial de <a href=\"https:\/\/actu.fr\/tag\/centre-commercial-centre-deux\" target=\"_blank\" rel=\"noopener\">Centre Deux<\/a> \u00e0<a href=\"https:\/\/actu.fr\/saint-etienne\/\" target=\"_blank\" rel=\"noopener\"> Saint-Etienne<\/a>.<\/p>\n<p class=\" wall-content\">\u00c0 l\u2019\u00e9poque contact\u00e9, Centre Deux n\u2019avait pas confirm\u00e9, ni infirm\u00e9 l\u2019implantation de cette marque.<\/p>\n<p>Ouverture le 4\u00a0juin<\/p>\n<p class=\" wall-content\">L\u2019ouverture aura lieu le mercredi 4 juin 2025, nous informe le centre commercial.<\/p>\n<p class=\" wall-content\">PrimaPrix vend des grandes marques internationales issues des exc\u00e9dents de stock dans leurs entrep\u00f4ts, des restes de promotions (No\u00ebl, \u00e9t\u00e9, \u00e9v\u00e9nements, etc.), des lancements de nouveaux produits, ou des articles dont le prix varie consid\u00e9rablement d\u2019un pays \u00e0 l\u2019autre.<\/p>\n<p>Une autre boutique place du Peuple<\/p>\n<p class=\" wall-content\">L\u2019enseigne a ouvert son premier magasin \u00e0 Madrid en 2015. Puis le premier en France en 2022. Dix ans plus tard, avec 260 magasins et 2\u2009000 collaborateurs.<\/p>\n<p>Vid\u00e9os : en ce moment sur Actu<\/p>\n<p class=\" wall-content\">Pour rappel, la marque souhaite \u00e9galement ouvrir dans l\u2019hyper centre st\u00e9phanois, \u00e0 la place <a href=\"https:\/\/actu.fr\/auvergne-rhone-alpes\/saint-etienne_42218\/saint-etienne-ce-magasin-discount-promettant-jusqu-a-70-va-remplacer-zara_62320659.html\" target=\"_blank\" rel=\"noopener\">du Zara femmes<\/a>.<\/p>\n<p class=\" wall-content\">Suivez toute l\u2019actualit\u00e9 de vos villes et m\u00e9dias favoris en vous inscrivant \u00e0 <a href=\"https:\/\/moncompte.actu.fr\" title=\"D\u00e9couvez Mon Actu\" rel=\"nofollow noopener\" data-trk=\"{&quot;cta&quot;:{&quot;action&quot;:&quot;https:\\\/\\\/moncompte.actu.fr&quot;,&quot;category&quot;:&quot;mon compte&quot;,&quot;from&quot;:&quot;article footer&quot;,&quot;name&quot;:&quot;Mon actu&quot;,&quot;type&quot;:&quot;cta&quot;}}\" target=\"_blank\">Mon Actu<\/a>.<\/p>\n<ul class=\"ac-article-tag wall-content\">\n<li><a href=\"https:\/\/actu.fr\/tag\/centre-commercial-centre-deux\" data-trk=\"{&quot;cta&quot;:{&quot;action&quot;:&quot;Centre Commercial Centre Deux&quot;,&quot;category&quot;:&quot;tag&quot;,&quot;from&quot;:&quot;article footer&quot;,&quot;name&quot;:&quot;Centre Commercial Centre Deux&quot;,&quot;type&quot;:&quot;cta&quot;}}\" target=\"_blank\" rel=\"noopener\">#Centre Commercial Centre Deux<\/a><\/li>\n<li><a href=\"https:\/\/actu.fr\/tag\/nouveaux-commerces\" data-trk=\"{&quot;cta&quot;:{&quot;action&quot;:&quot;Nouveaux commerces&quot;,&quot;category&quot;:&quot;tag&quot;,&quot;from&quot;:&quot;article footer&quot;,&quot;name&quot;:&quot;Nouveaux commerces&quot;,&quot;type&quot;:&quot;cta&quot;}}\" target=\"_blank\" rel=\"noopener\">#Nouveaux commerces<\/a><\/li>\n<\/ul>\n","protected":false},"excerpt":{"rendered":"Par Mathias Souteyrat Publi\u00e9 le 29 mai 2025 \u00e0 11h02 C\u2019est d\u00e9sormais officiel. L\u2019enseigne espagnol discount PrimaPrix va&hellip;\n","protected":false},"author":2,"featured_media":136506,"comment_status":"","ping_status":"","sticky":false,"template":"","format":"standard","meta":{"footnotes":""},"categories":[9653],"tags":[1111,11,2430,16732,33,1777,674,1011,27,12,3147,25,4001],"class_list":{"0":"post-136505","1":"post","2":"type-post","3":"status-publish","4":"format-standard","5":"has-post-thumbnail","7":"category-saint-etienne","8":"tag-actu","9":"tag-actualites","10":"tag-auvergne-rhone-alpes","11":"tag-centre-commercial-centre-deux","12":"tag-economie","13":"tag-eu","14":"tag-europe","15":"tag-fr","16":"tag-france","17":"tag-news","18":"tag-nouveaux-commerces","19":"tag-republique-francaise","20":"tag-saint-etienne"},"share_on_mastodon":{"url":"https:\/\/pubeurope.com\/@fr\/114590437112660014","error":""},"_links":{"self":[{"href":"https:\/\/www.europesays.com\/fr\/wp-json\/wp\/v2\/posts\/136505","targetHints":{"allow":["GET"]}}],"collection":[{"href":"https:\/\/www.europesays.com\/fr\/wp-json\/wp\/v2\/posts"}],"about":[{"href":"https:\/\/www.europesays.com\/fr\/wp-json\/wp\/v2\/types\/post"}],"author":[{"embeddable":true,"href":"https:\/\/www.europesays.com\/fr\/wp-json\/wp\/v2\/users\/2"}],"replies":[{"embeddable":true,"href":"https:\/\/www.europesays.com\/fr\/wp-json\/wp\/v2\/comments?post=136505"}],"version-history":[{"count":0,"href":"https:\/\/www.europesays.com\/fr\/wp-json\/wp\/v2\/posts\/136505\/revisions"}],"wp:featuredmedia":[{"embeddable":true,"href":"https:\/\/www.europesays.com\/fr\/wp-json\/wp\/v2\/media\/136506"}],"wp:attachment":[{"href":"https:\/\/www.europesays.com\/fr\/wp-json\/wp\/v2\/media?parent=136505"}],"wp:term":[{"taxonomy":"category","embeddable":true,"href":"https:\/\/www.europesays.com\/fr\/wp-json\/wp\/v2\/categories?post=136505"},{"taxonomy":"post_tag","embeddable":true,"href":"https:\/\/www.europesays.com\/fr\/wp-json\/wp\/v2\/tags?post=136505"}],"curies":[{"name":"wp","href":"https:\/\/api.w.org\/{rel}","templated":true}]}}