{"id":136511,"date":"2025-05-29T09:36:42","date_gmt":"2025-05-29T09:36:42","guid":{"rendered":"https:\/\/www.europesays.com\/fr\/136511\/"},"modified":"2025-05-29T09:36:42","modified_gmt":"2025-05-29T09:36:42","slug":"5-adresses-a-nancy-pour-regarder-la-finale-de-ligue-des-champions","status":"publish","type":"post","link":"https:\/\/www.europesays.com\/fr\/136511\/","title":{"rendered":"5 adresses \u00e0 Nancy pour regarder la finale de Ligue des champions"},"content":{"rendered":"<p>Samedi soir aura lieu l\u2019un des matches de football les plus attendus de l\u2019ann\u00e9e, la finale de <a href=\"https:\/\/www.estrepublicain.fr\/sport\/2025\/05\/22\/ligue-des-champions-sur-quelle-chaine-et-a-quelle-heure-regarder-la-finale-psg-inter-milan\" target=\"_blank\" rel=\"noopener\">la Ligue des champions.<\/a> Cette ann\u00e9e, le PSG, finaliste en 2020 et qui r\u00eave d\u2019ajouter sa premi\u00e8re \u00e9toile sur le maillot, sera oppos\u00e9 \u00e0 l\u2019Inter Milan, finaliste en 2023 et ne comptant plus que sur ce troph\u00e9e pour ne pas finir avec une saison blanche.<\/p>\n<p>Le foot rassemble, peu importe l\u2019\u00e9quipe que l\u2019on supporte et c\u2019est pour cela qu\u2019on vous donne cinq adresses \u00e0\u00a0Nancy pour voir le match, entre amis ou en famille, aux c\u00f4t\u00e9s de nombreux autres fans afin de partager un moment sp\u00e9cial.<\/p>\n<p>  5 adresses \u00e0 Nancy<\/p>\n<p>Pour <a href=\"https:\/\/www.estrepublicain.fr\/culture-loisirs\/2023\/11\/06\/popkfe-les-week-ends-on-est-oblige-de-refuser-du-monde\" target=\"_blank\" rel=\"noopener\">le Popkf\u00e9,<\/a> situ\u00e9 3 rue du Mar\u00e9chal-Victor-Duc-de-Bellune, nul besoin de r\u00e9server, les premiers arriv\u00e9s seront les premiers servis. Au <a href=\"https:\/\/www.estrepublicain.fr\/edition-de-nancy-ville\/2019\/05\/21\/brexit-means-brexit-pour-theresa-may-mais-pour-lui-c-est-juste-un-bar\" target=\"_blank\" rel=\"noopener\">Brexit<\/a> et \u00e0 La Quinc\u2019, se trouvant respectivement 21 rue de la Fa\u00efencerie et 2 rue Saint-Nicolas, la r\u00e9servation est fortement conseill\u00e9e, comme cela a \u00e9t\u00e9 indiqu\u00e9 sur leurs r\u00e9seaux sociaux.<\/p>\n<p>C\u00f4t\u00e9 place Saint-Epvre, le Gavroche diffusera \u00e9galement la rencontre, avec ou sans r\u00e9servation, sous couvert de la disponibilit\u00e9 des places.<\/p>\n<p>Enfin pour <a href=\"https:\/\/www.estrepublicain.fr\/magazine-cuisine-et-vins\/2024\/08\/02\/a-nancy-le-hops-bar-se-specialise-dans-les-cocktails-lies-a-la-pop-culture\" target=\"_blank\" rel=\"noopener\">le Hops<\/a> , 2 rue Braconnot il serait pr\u00e9f\u00e9rable de r\u00e9server mais des tables seront gard\u00e9es pour ceux qui se d\u00e9cideront au dernier moment. Ces bars proposent aussi de quoi se restaurer sur place.<\/p>\n<p>Pour ceux qui pr\u00e9f\u00e8rent rester chez eux\u00a0le match sera diffus\u00e9 \u00e0 21 heures sur Canal +, diffuseur officiel de toutes les coupes d\u2019Europe, mais \u00e9galement sur M6 qui le diffusera en clair.<\/p>\n","protected":false},"excerpt":{"rendered":"Samedi soir aura lieu l\u2019un des matches de football les plus attendus de l\u2019ann\u00e9e, la finale de la&hellip;\n","protected":false},"author":2,"featured_media":136512,"comment_status":"","ping_status":"","sticky":false,"template":"","format":"standard","meta":{"footnotes":""},"categories":[9635],"tags":[1111,11,1687,1704,1777,674,1011,27,775,1702,1703,12,4043,25,953],"class_list":{"0":"post-136511","1":"post","2":"type-post","3":"status-publish","4":"format-standard","5":"has-post-thumbnail","7":"category-nancy","8":"tag-actu","9":"tag-actualites","10":"tag-culture-loisirs","11":"tag-edition-nancy-et-agglomeration","12":"tag-eu","13":"tag-europe","14":"tag-fr","15":"tag-france","16":"tag-grand-est","17":"tag-nancy","18":"tag-nancy-ville-54b","19":"tag-news","20":"tag-repas-et-the-dansant","21":"tag-republique-francaise","22":"tag-soiree"},"share_on_mastodon":{"url":"https:\/\/pubeurope.com\/@fr\/114590448643582001","error":""},"_links":{"self":[{"href":"https:\/\/www.europesays.com\/fr\/wp-json\/wp\/v2\/posts\/136511","targetHints":{"allow":["GET"]}}],"collection":[{"href":"https:\/\/www.europesays.com\/fr\/wp-json\/wp\/v2\/posts"}],"about":[{"href":"https:\/\/www.europesays.com\/fr\/wp-json\/wp\/v2\/types\/post"}],"author":[{"embeddable":true,"href":"https:\/\/www.europesays.com\/fr\/wp-json\/wp\/v2\/users\/2"}],"replies":[{"embeddable":true,"href":"https:\/\/www.europesays.com\/fr\/wp-json\/wp\/v2\/comments?post=136511"}],"version-history":[{"count":0,"href":"https:\/\/www.europesays.com\/fr\/wp-json\/wp\/v2\/posts\/136511\/revisions"}],"wp:featuredmedia":[{"embeddable":true,"href":"https:\/\/www.europesays.com\/fr\/wp-json\/wp\/v2\/media\/136512"}],"wp:attachment":[{"href":"https:\/\/www.europesays.com\/fr\/wp-json\/wp\/v2\/media?parent=136511"}],"wp:term":[{"taxonomy":"category","embeddable":true,"href":"https:\/\/www.europesays.com\/fr\/wp-json\/wp\/v2\/categories?post=136511"},{"taxonomy":"post_tag","embeddable":true,"href":"https:\/\/www.europesays.com\/fr\/wp-json\/wp\/v2\/tags?post=136511"}],"curies":[{"name":"wp","href":"https:\/\/api.w.org\/{rel}","templated":true}]}}