{"id":136515,"date":"2025-05-29T09:38:09","date_gmt":"2025-05-29T09:38:09","guid":{"rendered":"https:\/\/www.europesays.com\/fr\/136515\/"},"modified":"2025-05-29T09:38:09","modified_gmt":"2025-05-29T09:38:09","slug":"mon-histoire-avec-toulon-et-le-var-nest-pas-terminee-hubert-falco-sort-du-silence","status":"publish","type":"post","link":"https:\/\/www.europesays.com\/fr\/136515\/","title":{"rendered":"\u00ab\u00a0Mon histoire avec Toulon et le Var n\u2019est pas termin\u00e9e!\u00a0\u00bb, Hubert Falco sort du silence"},"content":{"rendered":"<p>La d\u00e9cision de la Cour de cassation, si elle n\u2019a pas surpris, a provoqu\u00e9 de nombreuses r\u00e9actions en bord de rade. Ce jeudi, l\u2019ancien maire a d\u00e9cid\u00e9 de leur r\u00e9pondre.<\/p>\n<p>\u00ab\u00a0Je suis profond\u00e9ment touch\u00e9 par les si nombreux messages que je peux recevoir ou lire sur les r\u00e9seaux sociaux, par les si nombreuses marques d\u2019affection et de soutien que vous me t\u00e9moignez, indique-t-il dans un message qui sera diffus\u00e9 sur ses r\u00e9seaux sociaux. Elles confirment ce lien ind\u00e9fectible que nous avons tiss\u00e9 ensemble et cette confiance que vous m\u2019avez toujours renouvel\u00e9e. Ce sont ce lien et cette confiance qui nous ont permis, mes \u00e9quipes et moi, de transformer avec vous Toulon et d\u2019en faire aujourd\u2019hui une ville et une grande m\u00e9tropole si agr\u00e9ables \u00e0 vivre. Merci aux Toulonnaises et aux Toulonnais, aux Varoises et Varois comme \u00e0 mes coll\u00e8gues maires.\u00a0\u00bb<\/p>\n<p>\u00ab\u00a0Je serai toujours \u00e0 vos c\u00f4t\u00e9s\u00a0\u00bb<\/p>\n<p>Si la d\u00e9cision rendue mercredi confirme l\u2019in\u00e9ligibilit\u00e9 d\u2019Hubert Falco jusqu\u2019en 2028, l\u2019ancien maire ne semble pas pr\u00eat \u00e0 refermer totalement le chapitre politique: \u00ab\u00a0Une nouvelle page va s\u2019ouvrir \u00e0 laquelle je prendrai toute ma part, pr\u00e9vient-il. Mon histoire avec Toulon et le Var n\u2019est pas termin\u00e9e! Je serai toujours \u00e0 vos c\u00f4t\u00e9s.\u00a0\u00bb<\/p>\n","protected":false},"excerpt":{"rendered":"La d\u00e9cision de la Cour de cassation, si elle n\u2019a pas surpris, a provoqu\u00e9 de nombreuses r\u00e9actions en&hellip;\n","protected":false},"author":2,"featured_media":136516,"comment_status":"","ping_status":"","sticky":false,"template":"","format":"standard","meta":{"footnotes":""},"categories":[9619],"tags":[1111,11,1777,674,1011,27,12,882,25,2310,3366],"class_list":{"0":"post-136515","1":"post","2":"type-post","3":"status-publish","4":"format-standard","5":"has-post-thumbnail","7":"category-toulon","8":"tag-actu","9":"tag-actualites","10":"tag-eu","11":"tag-europe","12":"tag-fr","13":"tag-france","14":"tag-news","15":"tag-provence-alpes-cote-dazur","16":"tag-republique-francaise","17":"tag-toulon","18":"tag-vie-locale"},"share_on_mastodon":{"url":"https:\/\/pubeurope.com\/@fr\/114590456448034964","error":""},"_links":{"self":[{"href":"https:\/\/www.europesays.com\/fr\/wp-json\/wp\/v2\/posts\/136515","targetHints":{"allow":["GET"]}}],"collection":[{"href":"https:\/\/www.europesays.com\/fr\/wp-json\/wp\/v2\/posts"}],"about":[{"href":"https:\/\/www.europesays.com\/fr\/wp-json\/wp\/v2\/types\/post"}],"author":[{"embeddable":true,"href":"https:\/\/www.europesays.com\/fr\/wp-json\/wp\/v2\/users\/2"}],"replies":[{"embeddable":true,"href":"https:\/\/www.europesays.com\/fr\/wp-json\/wp\/v2\/comments?post=136515"}],"version-history":[{"count":0,"href":"https:\/\/www.europesays.com\/fr\/wp-json\/wp\/v2\/posts\/136515\/revisions"}],"wp:featuredmedia":[{"embeddable":true,"href":"https:\/\/www.europesays.com\/fr\/wp-json\/wp\/v2\/media\/136516"}],"wp:attachment":[{"href":"https:\/\/www.europesays.com\/fr\/wp-json\/wp\/v2\/media?parent=136515"}],"wp:term":[{"taxonomy":"category","embeddable":true,"href":"https:\/\/www.europesays.com\/fr\/wp-json\/wp\/v2\/categories?post=136515"},{"taxonomy":"post_tag","embeddable":true,"href":"https:\/\/www.europesays.com\/fr\/wp-json\/wp\/v2\/tags?post=136515"}],"curies":[{"name":"wp","href":"https:\/\/api.w.org\/{rel}","templated":true}]}}