{"id":136517,"date":"2025-05-29T09:39:08","date_gmt":"2025-05-29T09:39:08","guid":{"rendered":"https:\/\/www.europesays.com\/fr\/136517\/"},"modified":"2025-05-29T09:39:08","modified_gmt":"2025-05-29T09:39:08","slug":"la-police-tombe-sur-un-multirecidiviste-au-detour-dun-feu-rouge","status":"publish","type":"post","link":"https:\/\/www.europesays.com\/fr\/136517\/","title":{"rendered":"la police tombe sur un multir\u00e9cidiviste au d\u00e9tour d\u2019un feu rouge"},"content":{"rendered":"<p>            Par<br \/>\n        <strong><br \/>\n            <a href=\"https:\/\/actu.fr\/auteur\/lea-pippinato\" title=\"Consulter tous les articles de L\u00e9a Pippinato\" target=\"_blank\" rel=\"noopener\">L\u00e9a Pippinato<\/a><br \/>\n        <\/strong><\/p>\n<p>        Publi\u00e9 le<\/p>\n<p>            29 mai 2025 \u00e0 10h32        <\/p>\n<p><strong>Dans la nuit de ce mardi 27 \u00e0 ce mercredi 28 mai<\/strong>, \u00e0 Montpellier, un homme grille un feu rouge sur l\u2019avenue Paul Bringuier. Il est environ 2 heures du matin. Une patrouille de la police nationale, pr\u00e9sente dans le secteur, remarque l\u2019infraction. Les agents proc\u00e8dent au contr\u00f4le du v\u00e9hicule. L\u2019homme au volant s\u2019arr\u00eate sans difficult\u00e9. Le contr\u00f4le semble d\u2019abord banal, mais il va rapidement r\u00e9v\u00e9ler <strong>une s\u00e9rie d\u2019infractions graves<\/strong>.<\/p>\n<p>    <a href=\"https:\/\/www.google.com\/maps\/embed?pb=!1m18!1m12!1m3!1d2888.6210019735463!2d3.8369810764601646!3d43.614432271103915!2m3!1f0!2f0!3f0!3m2!1i1024!2i768!4f13.1!3m3!1m2!1s0x12b6ae897e38b413%3A0xc0e0757f87c44ca!2sAv.%20Paul%20Bringuier%2C%2034080%20Montpellier!5e0!3m2!1sen!2sfr!4v1748497351224!5m2!1sen!2sfr\" title=\"Ouvrie le lien\" target=\"_blank\" rel=\"noopener\">Cliquez ici pour visualiser le contenu<\/a><\/p>\n<p>Ivre, drogu\u00e9 et sans permis<\/p>\n<p class=\" wall-content\">Le conducteur, \u00e2g\u00e9 de 63 ans, pr\u00e9sente des signes d\u2019alcoolisation avanc\u00e9e. Le test d\u2019alcool\u00e9mie est formel : il est ivre au volant. Mais ce n\u2019est pas tout. Les policiers proc\u00e8dent \u00e9galement \u00e0 un test salivaire. Il se r\u00e9v\u00e8le positif aux stup\u00e9fiants. Ce n\u2019est pas la premi\u00e8re fois que cet homme est en infraction. Il conduit alors qu\u2019il est sous le coup d\u2019une annulation de permis.<\/p>\n<p class=\" wall-content\">Les forces de l\u2019ordre poursuivent leur inspection. \u00c0 bord du v\u00e9hicule, elles d\u00e9couvrent un demi-gramme de coca\u00efne et pr\u00e8s d\u2019un gramme d\u2019herbe. Le conducteur explique que ces produits sont pour sa consommation personnelle. Interpell\u00e9 sur-le-champ, il est conduit au commissariat et est imm\u00e9diatement plac\u00e9 en garde \u00e0 vue.<\/p>\n<p class=\" wall-content\">Suivez toute l\u2019actualit\u00e9 de vos villes et m\u00e9dias favoris en vous inscrivant \u00e0 <a href=\"https:\/\/moncompte.actu.fr\" title=\"D\u00e9couvez Mon Actu\" rel=\"nofollow noopener\" data-trk=\"{&quot;cta&quot;:{&quot;action&quot;:&quot;https:\\\/\\\/moncompte.actu.fr&quot;,&quot;category&quot;:&quot;mon compte&quot;,&quot;from&quot;:&quot;article footer&quot;,&quot;name&quot;:&quot;Mon actu&quot;,&quot;type&quot;:&quot;cta&quot;}}\" target=\"_blank\">Mon Actu<\/a>.<\/p>\n","protected":false},"excerpt":{"rendered":"Par L\u00e9a Pippinato Publi\u00e9 le 29 mai 2025 \u00e0 10h32 Dans la nuit de ce mardi 27 \u00e0&hellip;\n","protected":false},"author":2,"featured_media":136518,"comment_status":"","ping_status":"","sticky":false,"template":"","format":"standard","meta":{"footnotes":""},"categories":[9599],"tags":[1111,11,1052,1777,674,118,1011,27,2208,12,2680,1072,25,5009],"class_list":{"0":"post-136517","1":"post","2":"type-post","3":"status-publish","4":"format-standard","5":"has-post-thumbnail","7":"category-montpellier","8":"tag-actu","9":"tag-actualites","10":"tag-drogue","11":"tag-eu","12":"tag-europe","13":"tag-faits-divers","14":"tag-fr","15":"tag-france","16":"tag-montpellier","17":"tag-news","18":"tag-occitanie","19":"tag-police","20":"tag-republique-francaise","21":"tag-securite-routiere"},"share_on_mastodon":{"url":"https:\/\/pubeurope.com\/@fr\/114590460501574868","error":""},"_links":{"self":[{"href":"https:\/\/www.europesays.com\/fr\/wp-json\/wp\/v2\/posts\/136517","targetHints":{"allow":["GET"]}}],"collection":[{"href":"https:\/\/www.europesays.com\/fr\/wp-json\/wp\/v2\/posts"}],"about":[{"href":"https:\/\/www.europesays.com\/fr\/wp-json\/wp\/v2\/types\/post"}],"author":[{"embeddable":true,"href":"https:\/\/www.europesays.com\/fr\/wp-json\/wp\/v2\/users\/2"}],"replies":[{"embeddable":true,"href":"https:\/\/www.europesays.com\/fr\/wp-json\/wp\/v2\/comments?post=136517"}],"version-history":[{"count":0,"href":"https:\/\/www.europesays.com\/fr\/wp-json\/wp\/v2\/posts\/136517\/revisions"}],"wp:featuredmedia":[{"embeddable":true,"href":"https:\/\/www.europesays.com\/fr\/wp-json\/wp\/v2\/media\/136518"}],"wp:attachment":[{"href":"https:\/\/www.europesays.com\/fr\/wp-json\/wp\/v2\/media?parent=136517"}],"wp:term":[{"taxonomy":"category","embeddable":true,"href":"https:\/\/www.europesays.com\/fr\/wp-json\/wp\/v2\/categories?post=136517"},{"taxonomy":"post_tag","embeddable":true,"href":"https:\/\/www.europesays.com\/fr\/wp-json\/wp\/v2\/tags?post=136517"}],"curies":[{"name":"wp","href":"https:\/\/api.w.org\/{rel}","templated":true}]}}