{"id":136522,"date":"2025-05-29T09:44:09","date_gmt":"2025-05-29T09:44:09","guid":{"rendered":"https:\/\/www.europesays.com\/fr\/136522\/"},"modified":"2025-05-29T09:44:09","modified_gmt":"2025-05-29T09:44:09","slug":"les-nouveaux-dirigeants-du-groupe-avec-ne-veulent-pas-lacher-la-mut","status":"publish","type":"post","link":"https:\/\/www.europesays.com\/fr\/136522\/","title":{"rendered":"les nouveaux dirigeants du groupe Avec ne veulent pas l\u00e2cher La Mut\u2019"},"content":{"rendered":"<p>Patrick Fran\u00e7ois a \u00e9t\u00e9 nomm\u00e9 <a href=\"https:\/\/www.ledauphine.com\/sante\/2025\/03\/05\/isere-grenoble-groupe-hospitalier-mutualiste-en-pleine-tourmente-judiciaire-bernard-bensaid-demissionne-de-la-presidence-du-groupe-avec\" target=\"_blank\" rel=\"noopener\">pr\u00e9sident du groupe Avec<\/a> en mars. Il remplace son controvers\u00e9 fondateur, <a href=\"https:\/\/www.ledauphine.com\/p\/bernard-bensaid\" target=\"_blank\" rel=\"noopener\">Bernard Bensaid<\/a>, <a href=\"https:\/\/www.ledauphine.com\/faits-divers-justice\/2023\/01\/11\/isere-grenoble-groupe-hospitalier-mutualiste-bernard-bensaid-mis-en-examen-et-interdit-de-diriger-un-etablissement-de-sante\" target=\"_blank\" rel=\"noopener\">mis en examen en janvier\u00a02023<\/a> pour prise ill\u00e9gale d\u2019int\u00e9r\u00eats et d\u00e9tournement de fonds publics <a href=\"https:\/\/www.ledauphine.com\/d\/le-groupe-hospitalier-mutualiste-de-grenoble-dans-la-tourmente-e201a995-de01-43b4-b4a3-4a8cd7048c3b\" target=\"_blank\" rel=\"noopener\">dans l\u2019affaire du GHM<\/a>, qui a d\u00e9missionn\u00e9 de tous ses mandats. L\u2019ancien haut fonctionnaire m\u00e8ne, avec Adam Oubuih, le directeur g\u00e9n\u00e9ral, le groupe m\u00e9dico-social, qui emploie pr\u00e8s de 10\u00a0000 salari\u00e9s, \u00e0 travers la temp\u00eate judiciaire et financi\u00e8re qu\u2019il traverse.<\/p>\n<blockquote class=\"question\"><p>Comment se porte le groupe Avec, en redressement judiciaire\u00a0?<\/p><\/blockquote>\n<p><strong>Patrick Fran\u00e7ois\u00a0:<\/strong> \u00ab\u00a0Nous sommes au pied du mur imm\u00e9diatement. Notre premier souci, c\u2019est de r\u00e9tablir, absolument et de mani\u00e8re incontournable, notre ind\u00e9pendance. \u00c7a a \u00e9t\u00e9 un travail difficile \u00e0&#8230;<\/p>\n","protected":false},"excerpt":{"rendered":"Patrick Fran\u00e7ois a \u00e9t\u00e9 nomm\u00e9 pr\u00e9sident du groupe Avec en mars. Il remplace son controvers\u00e9 fondateur, Bernard Bensaid,&hellip;\n","protected":false},"author":2,"featured_media":136523,"comment_status":"","ping_status":"","sticky":false,"template":"","format":"standard","meta":{"footnotes":""},"categories":[9566],"tags":[1111,11,2430,33,112,113,114,1777,674,107,1011,27,2731,2732,108,12,25,71,106,216,7831],"class_list":{"0":"post-136522","1":"post","2":"type-post","3":"status-publish","4":"format-standard","5":"has-post-thumbnail","7":"category-grenoble","8":"tag-actu","9":"tag-actualites","10":"tag-auvergne-rhone-alpes","11":"tag-economie","12":"tag-edition-grenoble-agglomeration","13":"tag-edition-gresivaudan-oisans","14":"tag-edition-voiron-saint-marcellin","15":"tag-eu","16":"tag-europe","17":"tag-fil-info","18":"tag-fr","19":"tag-france","20":"tag-grenoble","21":"tag-grenoble-bassin","22":"tag-isere","23":"tag-news","24":"tag-republique-francaise","25":"tag-sante","26":"tag-selection-de-la-redaction-38","27":"tag-vie-des-entreprises","28":"tag-voiron"},"share_on_mastodon":{"url":"https:\/\/pubeurope.com\/@fr\/114590480014995572","error":""},"_links":{"self":[{"href":"https:\/\/www.europesays.com\/fr\/wp-json\/wp\/v2\/posts\/136522","targetHints":{"allow":["GET"]}}],"collection":[{"href":"https:\/\/www.europesays.com\/fr\/wp-json\/wp\/v2\/posts"}],"about":[{"href":"https:\/\/www.europesays.com\/fr\/wp-json\/wp\/v2\/types\/post"}],"author":[{"embeddable":true,"href":"https:\/\/www.europesays.com\/fr\/wp-json\/wp\/v2\/users\/2"}],"replies":[{"embeddable":true,"href":"https:\/\/www.europesays.com\/fr\/wp-json\/wp\/v2\/comments?post=136522"}],"version-history":[{"count":0,"href":"https:\/\/www.europesays.com\/fr\/wp-json\/wp\/v2\/posts\/136522\/revisions"}],"wp:featuredmedia":[{"embeddable":true,"href":"https:\/\/www.europesays.com\/fr\/wp-json\/wp\/v2\/media\/136523"}],"wp:attachment":[{"href":"https:\/\/www.europesays.com\/fr\/wp-json\/wp\/v2\/media?parent=136522"}],"wp:term":[{"taxonomy":"category","embeddable":true,"href":"https:\/\/www.europesays.com\/fr\/wp-json\/wp\/v2\/categories?post=136522"},{"taxonomy":"post_tag","embeddable":true,"href":"https:\/\/www.europesays.com\/fr\/wp-json\/wp\/v2\/tags?post=136522"}],"curies":[{"name":"wp","href":"https:\/\/api.w.org\/{rel}","templated":true}]}}