{"id":136530,"date":"2025-05-29T09:48:08","date_gmt":"2025-05-29T09:48:08","guid":{"rendered":"https:\/\/www.europesays.com\/fr\/136530\/"},"modified":"2025-05-29T09:48:08","modified_gmt":"2025-05-29T09:48:08","slug":"a-strasbourg-les-orages-vont-succeder-a-la-chaleur","status":"publish","type":"post","link":"https:\/\/www.europesays.com\/fr\/136530\/","title":{"rendered":"\u00e0 Strasbourg, les orages vont succ\u00e9der \u00e0 la chaleur"},"content":{"rendered":"<p>            Par<br \/>\n        <strong><br \/>\n            <a href=\"https:\/\/actu.fr\/auteur\/ivan-capecchi\" title=\"Consulter tous les articles de Ivan CAPECCHI\" target=\"_blank\" rel=\"noopener\">Ivan CAPECCHI<\/a><br \/>\n        <\/strong><\/p>\n<p>        Publi\u00e9 le<\/p>\n<p>            29 mai 2025 \u00e0 11h10        <\/p>\n<p>A <strong>Strasbourg<\/strong>, les <strong>temp\u00e9ratures<\/strong> vont remonter \u00e0 partir de vendredi pour conna\u00eetre un pic samedi.\u00a0<\/p>\n<p class=\" wall-content\">La <a href=\"https:\/\/actu.fr\/meteo\" target=\"_blank\" rel=\"noopener\">m\u00e9t\u00e9o<\/a> devrait devenir plus instable par la suite.<\/p>\n<p>Jusqu\u2019\u00e0 30 degr\u00e9s attendus \u00e0 Strasbourg samedi<\/p>\n<p class=\" wall-content\">D\u2019apr\u00e8s Christophe Mertz, m\u00e9t\u00e9orologue chez <a href=\"https:\/\/atmo-risk.fr\/\" target=\"_blank\" rel=\"noopener\">Atmo-Risk<\/a>, les temp\u00e9ratures devraient atteindre \u00ab\u00a0<strong>entre 29 et 30 degr\u00e9s<\/strong>\u00a0\u00bb samedi \u00e0 Strasbourg.<\/p>\n<p class=\" wall-content\">\u00ab\u00a0C\u2019est<strong> plus que de saison<\/strong> mais cela reste parfaitement normal \u00e0 l\u2019or\u00e9e du mois de juin\u00a0\u00bb, analyse le sp\u00e9cialiste.<\/p>\n<p>Vid\u00e9os : en ce moment sur ActuDes orages ensuite<\/p>\n<p class=\" wall-content\">Toujours selon M. Mertz, \u00ab\u00a0cela va tourner \u00e0 <a href=\"https:\/\/actu.fr\/tag\/orages\" target=\"_blank\" rel=\"noopener\">l\u2019orage<\/a> assez vite\u00a0\u00bb par la suite. \u00ab\u00a0Peut-\u00eatre m\u00eame <strong>d\u00e8s samedi apr\u00e8s-midi ou samedi soir<\/strong>\u00ab\u00a0, ponctue-t-il. Il devrait s\u2019agir d&rsquo;\u00a0\u00bb<strong>orages assez localis\u00e9s<\/strong>\u00ab\u00a0.<\/p>\n<p class=\" wall-content\">Ce \u00ab\u00a0temps lourd et orageux\u00a0\u00bb devrait <strong>se maintenir \u00ab\u00a0dimanche et en d\u00e9but de semaine prochaine<\/strong>,\u00a0\u00bb annonce M. Mertz.<\/p>\n<p class=\" wall-content\">Suivez toute l\u2019actualit\u00e9 de vos villes et m\u00e9dias favoris en vous inscrivant \u00e0 <a href=\"https:\/\/moncompte.actu.fr\" title=\"D\u00e9couvez Mon Actu\" rel=\"nofollow noopener\" data-trk=\"{&quot;cta&quot;:{&quot;action&quot;:&quot;https:\\\/\\\/moncompte.actu.fr&quot;,&quot;category&quot;:&quot;mon compte&quot;,&quot;from&quot;:&quot;article footer&quot;,&quot;name&quot;:&quot;Mon actu&quot;,&quot;type&quot;:&quot;cta&quot;}}\" target=\"_blank\">Mon Actu<\/a>.<\/p>\n","protected":false},"excerpt":{"rendered":"Par Ivan CAPECCHI Publi\u00e9 le 29 mai 2025 \u00e0 11h10 A Strasbourg, les temp\u00e9ratures vont remonter \u00e0 partir&hellip;\n","protected":false},"author":2,"featured_media":136531,"comment_status":"","ping_status":"","sticky":false,"template":"","format":"standard","meta":{"footnotes":""},"categories":[2820],"tags":[1111,11,1777,674,1011,27,775,2487,2357,12,4594,25,640],"class_list":{"0":"post-136530","1":"post","2":"type-post","3":"status-publish","4":"format-standard","5":"has-post-thumbnail","7":"category-strasbourg","8":"tag-actu","9":"tag-actualites","10":"tag-eu","11":"tag-europe","12":"tag-fr","13":"tag-france","14":"tag-grand-est","15":"tag-meteo","16":"tag-meteo-france","17":"tag-news","18":"tag-orages","19":"tag-republique-francaise","20":"tag-strasbourg"},"share_on_mastodon":{"url":"https:\/\/pubeurope.com\/@fr\/114590495798465777","error":""},"_links":{"self":[{"href":"https:\/\/www.europesays.com\/fr\/wp-json\/wp\/v2\/posts\/136530","targetHints":{"allow":["GET"]}}],"collection":[{"href":"https:\/\/www.europesays.com\/fr\/wp-json\/wp\/v2\/posts"}],"about":[{"href":"https:\/\/www.europesays.com\/fr\/wp-json\/wp\/v2\/types\/post"}],"author":[{"embeddable":true,"href":"https:\/\/www.europesays.com\/fr\/wp-json\/wp\/v2\/users\/2"}],"replies":[{"embeddable":true,"href":"https:\/\/www.europesays.com\/fr\/wp-json\/wp\/v2\/comments?post=136530"}],"version-history":[{"count":0,"href":"https:\/\/www.europesays.com\/fr\/wp-json\/wp\/v2\/posts\/136530\/revisions"}],"wp:featuredmedia":[{"embeddable":true,"href":"https:\/\/www.europesays.com\/fr\/wp-json\/wp\/v2\/media\/136531"}],"wp:attachment":[{"href":"https:\/\/www.europesays.com\/fr\/wp-json\/wp\/v2\/media?parent=136530"}],"wp:term":[{"taxonomy":"category","embeddable":true,"href":"https:\/\/www.europesays.com\/fr\/wp-json\/wp\/v2\/categories?post=136530"},{"taxonomy":"post_tag","embeddable":true,"href":"https:\/\/www.europesays.com\/fr\/wp-json\/wp\/v2\/tags?post=136530"}],"curies":[{"name":"wp","href":"https:\/\/api.w.org\/{rel}","templated":true}]}}